{"id":81991,"date":"2020-04-11T14:18:03","date_gmt":"2020-04-11T18:18:03","guid":{"rendered":"https:\/\/linitiative.ca\/International\/cote-divoire-le-coffre-fort-du-fonds-de-soutien-et-de-developpement-de-la-presse-emporte-par-des-cambrioleurs\/"},"modified":"2020-04-11T14:18:03","modified_gmt":"2020-04-11T18:18:03","slug":"cote-divoire-le-coffre-fort-du-fonds-de-soutien-et-de-developpement-de-la-presse-emporte-par-des-cambrioleurs","status":"publish","type":"post","link":"https:\/\/linitiative.ca\/International\/cote-divoire-le-coffre-fort-du-fonds-de-soutien-et-de-developpement-de-la-presse-emporte-par-des-cambrioleurs\/","title":{"rendered":"C\u00f4te d\u2019Ivoire: le coffre-fort du Fonds de soutien et de d\u00e9veloppement de la presse  emport\u00e9 par des cambrioleurs"},"content":{"rendered":"<div readability=\"32\">\n<p>Publi\u00e9 le 11.04.2020 \u00e0 19h18 par APA News<\/p>\n<\/div>\n<div readability=\"68\">\n<p>Des hommes arm\u00e9s ont cambriol\u00e9 dans la nuit de vendredi \u00e0 samedi aux environs de 03h du matin (Heure locale et GMT), les locaux du Fonds de soutien et de d\u00e9veloppement de la presse (FSDP) sis \u00e0 la Riviera Attoban (Est d\u2019Abidjan) emportant le coffre-fort de l\u2019institution, une vingtaine d\u2019ordinateurs et d\u2019autres appareils, a appris APA sur place dans la capitale \u00e9conomique ivoirienne.Selon les faits rapport\u00e9s par une note d\u2019information, au nombre de six \u00a0et arm\u00e9s de fusils de type kalachnikov et de pistolet, les cambrioleurs ont r\u00e9ussi \u00e0 maitriser les vigiles qui surveillaient les lieux et ont visit\u00e9 par la suite 21 bureaux en fracturant les portes.<\/p>\n<p>\u00ab Selon le constat provisoire, le coffre-fort de l\u2019agent comptable du FSDP a \u00e9t\u00e9 emport\u00e9, une vingtaine d\u2019ordinateurs et d\u2019autres appareils ont \u00e9t\u00e9 emport\u00e9s, les tiroirs des bureaux ont \u00e9t\u00e9 saccag\u00e9s. Leurs forfaits achev\u00e9s, c\u2019est \u00e0 bord de deux v\u00e9hicules que leur butin a \u00e9t\u00e9 transport\u00e9\u00bb, a expliqu\u00e9 l\u2019institution, estimant que le pr\u00e9judice est \u00ablourd\u00bb.<\/p>\n<p>Une plainte contre X a \u00e9t\u00e9 d\u00e9pos\u00e9e au Commissariat du 30\u00e8me Arrondissement (Est d\u2019Abidjan), souligne la note indiquant qu\u2019en raison de la pand\u00e9mie du Covid-19, les locaux de l\u2019institution seront d\u00e9sinfect\u00e9s mardi et mercredi prochains.\u00a0<\/p>\n<p>En C\u00f4te d\u2019Ivoire, le FSDP a pour mission de financer au profit des entreprises priv\u00e9es de presse, de communication audiovisuelle et des organisations professionnelles des m\u00e9dias, \u00a0la formation, les \u00e9tudes et conseils, la diffusion, le d\u00e9veloppement de la presse et du multim\u00e9dia et les projets d\u2019int\u00e9r\u00eat collectif.<\/p>\n<\/div>\n<p>Auteur: APA News<br \/>\n<a href=\"https:\/\/www.journalducameroun.com\/cote-divoire-le-coffre-fort-du-fonds-de-soutien-et-de-developpement-de-la-presse-emporte-par-des-cambrioleurs\/\">Cliquez ici pour lire l&rsquo;article depuis sa source.<\/a><\/p>\n","protected":false},"excerpt":{"rendered":"<p>Publi\u00e9 le 11.04.2020 \u00e0 19h18 par APA News Des hommes arm\u00e9s ont cambriol\u00e9 dans la nuit de vendredi \u00e0 samedi aux environs de 03h du matin (Heure locale et GMT), les locaux du Fonds de soutien et de d\u00e9veloppement de la presse (FSDP) sis \u00e0 la Riviera Attoban (Est d\u2019Abidjan) emportant le coffre-fort de l\u2019institution, [&hellip;]<\/p>\n","protected":false},"author":1965,"featured_media":0,"comment_status":"closed","ping_status":"closed","sticky":false,"template":"","format":"standard","meta":{"fifu_image_url":"","fifu_image_alt":"","footnotes":""},"categories":[73,82],"tags":[],"class_list":["post-81991","post","type-post","status-publish","format-standard","hentry","category-actualite","category-cameroun"],"_links":{"self":[{"href":"https:\/\/linitiative.ca\/International\/wp-json\/wp\/v2\/posts\/81991","targetHints":{"allow":["GET"]}}],"collection":[{"href":"https:\/\/linitiative.ca\/International\/wp-json\/wp\/v2\/posts"}],"about":[{"href":"https:\/\/linitiative.ca\/International\/wp-json\/wp\/v2\/types\/post"}],"author":[{"embeddable":true,"href":"https:\/\/linitiative.ca\/International\/wp-json\/wp\/v2\/users\/1965"}],"replies":[{"embeddable":true,"href":"https:\/\/linitiative.ca\/International\/wp-json\/wp\/v2\/comments?post=81991"}],"version-history":[{"count":0,"href":"https:\/\/linitiative.ca\/International\/wp-json\/wp\/v2\/posts\/81991\/revisions"}],"wp:attachment":[{"href":"https:\/\/linitiative.ca\/International\/wp-json\/wp\/v2\/media?parent=81991"}],"wp:term":[{"taxonomy":"category","embeddable":true,"href":"https:\/\/linitiative.ca\/International\/wp-json\/wp\/v2\/categories?post=81991"},{"taxonomy":"post_tag","embeddable":true,"href":"https:\/\/linitiative.ca\/International\/wp-json\/wp\/v2\/tags?post=81991"}],"curies":[{"name":"wp","href":"https:\/\/api.w.org\/{rel}","templated":true}]}}