{"id":81992,"date":"2020-04-11T16:07:52","date_gmt":"2020-04-11T20:07:52","guid":{"rendered":"https:\/\/linitiative.ca\/International\/cameroun-covid-19-resurrection-de-jesus-christ-en-contexte-de-crise\/"},"modified":"2020-04-11T16:07:52","modified_gmt":"2020-04-11T20:07:52","slug":"cameroun-covid-19-resurrection-de-jesus-christ-en-contexte-de-crise","status":"publish","type":"post","link":"https:\/\/linitiative.ca\/International\/cameroun-covid-19-resurrection-de-jesus-christ-en-contexte-de-crise\/","title":{"rendered":"Cameroun-Covid-19 : r\u00e9surrection de J\u00e9sus-Christ en contexte de crise"},"content":{"rendered":"<div readability=\"32\">\n<p>Publi\u00e9 le 11.04.2020 \u00e0 21h07 par Christian Djimadeu<\/p>\n<\/div>\n<div readability=\"54\">\n<h2 class=\"c4\">La P\u00e2ques 2020 se c\u00e9l\u00e8bre dans la crainte de la pand\u00e9mie du nouveau Coronavirus. Dans la ferveur de la r\u00e9surrection de J\u00e9sus Christ,\u00a0 les chr\u00e9tiens sont invit\u00e9s\u00a0 \u00e0 rester vigilants.<\/h2>\n<p class=\"c5\">Ce 11 avril, Samedi-saint au sein de la communaut\u00e9 chr\u00e9tienne, le Cameroun a enregistr\u00e9 16 nouveaux cas de Covid-19. Pour un\u00a0 bilan global\u00a0 de 838 cas, 98 gu\u00e9risons, 12 d\u00e9c\u00e8s. C\u2019est dans ce contexte de pand\u00e9mie de Covid-19 que va se c\u00e9l\u00e9brer la f\u00eate de P\u00e2ques.<\/p>\n<p class=\"c5\">Durant \u00a0ce grand moment de communion entre les fid\u00e8les, autant \u00e0 l\u2019int\u00e9rieur des chapelles que dans des domiciles, il va falloir faire la f\u00eate mais en ayant \u00e0 l\u2019esprit la menace qui plane.<\/p>\n<p class=\"c5\">\u00ab\u00a0<em>D\u2019ores et\u00a0d\u00e9j\u00e0, nous nous r\u00e9jouissons d\u2019avance des dispositions prises par les\u00a0 diff\u00e9rentes confessions religieuses concern\u00e9es pour que cette f\u00eate pascale se d\u00e9roule dans des conditions conformes aux mesures de lutte contre la Covid-19 \u00e9dict\u00e9es par le Gouvernement. Il n\u2019est pas superflu de rappeler l\u2019imp\u00e9rieuse n\u00e9cessit\u00e9 de redoubler de vigilance pendant cette p\u00e9riode<\/em>\u00a0\u00bb, exhorte le ministre dans la Sant\u00e9 publique.<\/p>\n<p class=\"c5\">Faisant le point sur la pand\u00e9mie au Cameroun ce 11 avril, Manaouda Malachie a rappel\u00e9 les r\u00e8gles barri\u00e8res. A savoir\u00a0:<\/p>\n<ul class=\"c8\">\n<li>Se laver r\u00e9guli\u00e8rement les mains avec de l\u2019eau propre coulante et du savon ou utiliser une solution hydro-alcoolique ;<\/li>\n<li>Se couvrir le nez et la bouche avec un mouchoir jetable\u00a0 lorsqu\u2019on tousse ou \u00e9ternue, ou utiliser le pli du coude ;<\/li>\n<li>\u00c9viter tout contact \u00e9troit avec toute personne pr\u00e9sentant des sympt\u00f4mes de grippe ;<\/li>\n<li>Maintenir une distanciation sociale d\u2019au moins 1,5 m\u00e8tre ;<\/li>\n<li>Surtout, Restez chez vous autant que possible et ne sortez qu\u2019en cas de n\u00e9cessit\u00e9. Et si vous vous rendez dans un lieu public, portez un masque.<\/li>\n<\/ul>\n<\/div>\n<p>Auteur: Christian DJIMADEU<br \/>\n<a href=\"https:\/\/www.journalducameroun.com\/cameroun-covid-19-resurrection-de-jesus-christ-en-contexte-de-crise\/\">Cliquez ici pour lire l&rsquo;article depuis sa source.<\/a><\/p>\n","protected":false},"excerpt":{"rendered":"<p>Publi\u00e9 le 11.04.2020 \u00e0 21h07 par Christian Djimadeu La P\u00e2ques 2020 se c\u00e9l\u00e8bre dans la crainte de la pand\u00e9mie du nouveau Coronavirus. Dans la ferveur de la r\u00e9surrection de J\u00e9sus Christ,\u00a0 les chr\u00e9tiens sont invit\u00e9s\u00a0 \u00e0 rester vigilants. Ce 11 avril, Samedi-saint au sein de la communaut\u00e9 chr\u00e9tienne, le Cameroun a enregistr\u00e9 16 nouveaux cas [&hellip;]<\/p>\n","protected":false},"author":1965,"featured_media":0,"comment_status":"closed","ping_status":"closed","sticky":false,"template":"","format":"standard","meta":{"fifu_image_url":"","fifu_image_alt":"","footnotes":""},"categories":[73,82],"tags":[],"class_list":["post-81992","post","type-post","status-publish","format-standard","hentry","category-actualite","category-cameroun"],"_links":{"self":[{"href":"https:\/\/linitiative.ca\/International\/wp-json\/wp\/v2\/posts\/81992","targetHints":{"allow":["GET"]}}],"collection":[{"href":"https:\/\/linitiative.ca\/International\/wp-json\/wp\/v2\/posts"}],"about":[{"href":"https:\/\/linitiative.ca\/International\/wp-json\/wp\/v2\/types\/post"}],"author":[{"embeddable":true,"href":"https:\/\/linitiative.ca\/International\/wp-json\/wp\/v2\/users\/1965"}],"replies":[{"embeddable":true,"href":"https:\/\/linitiative.ca\/International\/wp-json\/wp\/v2\/comments?post=81992"}],"version-history":[{"count":0,"href":"https:\/\/linitiative.ca\/International\/wp-json\/wp\/v2\/posts\/81992\/revisions"}],"wp:attachment":[{"href":"https:\/\/linitiative.ca\/International\/wp-json\/wp\/v2\/media?parent=81992"}],"wp:term":[{"taxonomy":"category","embeddable":true,"href":"https:\/\/linitiative.ca\/International\/wp-json\/wp\/v2\/categories?post=81992"},{"taxonomy":"post_tag","embeddable":true,"href":"https:\/\/linitiative.ca\/International\/wp-json\/wp\/v2\/tags?post=81992"}],"curies":[{"name":"wp","href":"https:\/\/api.w.org\/{rel}","templated":true}]}}