{"id":81993,"date":"2020-04-11T16:18:03","date_gmt":"2020-04-11T20:18:03","guid":{"rendered":"https:\/\/linitiative.ca\/International\/report-des-demi-finales-de-la-ligue-des-champions-dafrique-et-de-la-coupe-de-la-caf\/"},"modified":"2020-04-11T16:18:03","modified_gmt":"2020-04-11T20:18:03","slug":"report-des-demi-finales-de-la-ligue-des-champions-dafrique-et-de-la-coupe-de-la-caf","status":"publish","type":"post","link":"https:\/\/linitiative.ca\/International\/report-des-demi-finales-de-la-ligue-des-champions-dafrique-et-de-la-coupe-de-la-caf\/","title":{"rendered":"Report des demi-finales de la Ligue des champions d\u2019Afrique et de la Coupe de la CAF"},"content":{"rendered":"<div readability=\"32\">\n<p>Publi\u00e9 le 11.04.2020 \u00e0 21h18 par APA News<\/p>\n<\/div>\n<div readability=\"55\">\n<p>La Conf\u00e9d\u00e9ration africaine de football (CAF) a d\u00e9cid\u00e9 de reporter les demi-finales de la Ligue des champions d\u2019Afrique et de la Coupe de la CAF \u00e0 une date ult\u00e9rieur \u00e0 cause de la pand\u00e9mie du Covid-19.Dans un communiqu\u00e9 publi\u00e9 samedi, sur son site, l\u2019instance panafricaine de football explique que la nature \u00e9volutive et le confinement instaur\u00e9 dans la plupart des pays a convaincu le comit\u00e9 d\u2019urgence de la CAF \u00e0 reporter les demi-finales des coupes africaines.<\/p>\n<p>\u00ab \u00c0 la lumi\u00e8re des pr\u00e9occupations croissantes autour de la nature \u00e9volutive du COVID-19 et avec l\u2019instauration du confinement dans la plupart des pays, le Comit\u00e9 d\u2019urgence de la CAF a d\u00e9cid\u00e9 de reporter les matches suivants jusqu\u2019\u00e0 nouvel ordre : les Demi-finales de la Ligue des Champions de la CAF Total et de la Coupe de la Conf\u00e9d\u00e9ration de la CAF Total initialement programm\u00e9es les 1-3 mai et 8-10 mai 2020 \u00bb lit-on-dans le communiqu\u00e9.<\/p>\n<p>Aussi, les \u00e9liminatoires de la Coupe du Monde F\u00e9minine U-17 de la FIFA, pr\u00e9vues initialement du 1er au 3 mai et du 15 au 17 mai 2020, sont aussi report\u00e9es \u00e0 une date ult\u00e9rieure.<\/p>\n<p>Le communiqu\u00e9 de la CAF a pr\u00e9cis\u00e9 qu\u2019un nouveau calendrier devrait \u00eatre annonc\u00e9 en temps voulu, rappelant que l\u2019instance du football africain surveille la situation de pr\u00e8s et travaille avec les autorit\u00e9s comp\u00e9tentes telles que l\u2019Organisation mondiale de la Sant\u00e9 (OMS) afin d\u2019\u00e9valuer l\u2019impact du virus sur le continent.<\/p>\n<\/div>\n<p>Auteur: APA News<br \/>\n<a href=\"https:\/\/www.journalducameroun.com\/report-des-demi-finales-de-la-ligue-des-champions-dafrique-et-de-la-coupe-de-la-caf\/\">Cliquez ici pour lire l&rsquo;article depuis sa source.<\/a><\/p>\n","protected":false},"excerpt":{"rendered":"<p>Publi\u00e9 le 11.04.2020 \u00e0 21h18 par APA News La Conf\u00e9d\u00e9ration africaine de football (CAF) a d\u00e9cid\u00e9 de reporter les demi-finales de la Ligue des champions d\u2019Afrique et de la Coupe de la CAF \u00e0 une date ult\u00e9rieur \u00e0 cause de la pand\u00e9mie du Covid-19.Dans un communiqu\u00e9 publi\u00e9 samedi, sur son site, l\u2019instance panafricaine de football [&hellip;]<\/p>\n","protected":false},"author":1965,"featured_media":0,"comment_status":"closed","ping_status":"closed","sticky":false,"template":"","format":"standard","meta":{"fifu_image_url":"","fifu_image_alt":"","footnotes":""},"categories":[73,82],"tags":[],"class_list":["post-81993","post","type-post","status-publish","format-standard","hentry","category-actualite","category-cameroun"],"_links":{"self":[{"href":"https:\/\/linitiative.ca\/International\/wp-json\/wp\/v2\/posts\/81993","targetHints":{"allow":["GET"]}}],"collection":[{"href":"https:\/\/linitiative.ca\/International\/wp-json\/wp\/v2\/posts"}],"about":[{"href":"https:\/\/linitiative.ca\/International\/wp-json\/wp\/v2\/types\/post"}],"author":[{"embeddable":true,"href":"https:\/\/linitiative.ca\/International\/wp-json\/wp\/v2\/users\/1965"}],"replies":[{"embeddable":true,"href":"https:\/\/linitiative.ca\/International\/wp-json\/wp\/v2\/comments?post=81993"}],"version-history":[{"count":0,"href":"https:\/\/linitiative.ca\/International\/wp-json\/wp\/v2\/posts\/81993\/revisions"}],"wp:attachment":[{"href":"https:\/\/linitiative.ca\/International\/wp-json\/wp\/v2\/media?parent=81993"}],"wp:term":[{"taxonomy":"category","embeddable":true,"href":"https:\/\/linitiative.ca\/International\/wp-json\/wp\/v2\/categories?post=81993"},{"taxonomy":"post_tag","embeddable":true,"href":"https:\/\/linitiative.ca\/International\/wp-json\/wp\/v2\/tags?post=81993"}],"curies":[{"name":"wp","href":"https:\/\/api.w.org\/{rel}","templated":true}]}}