{"id":81994,"date":"2020-04-11T17:18:03","date_gmt":"2020-04-11T21:18:03","guid":{"rendered":"https:\/\/linitiative.ca\/International\/avec-53-nouveaux-cas-la-cote-divoire-franchit-le-cap-de-500-malades-du-covid-19\/"},"modified":"2020-04-11T17:18:03","modified_gmt":"2020-04-11T21:18:03","slug":"avec-53-nouveaux-cas-la-cote-divoire-franchit-le-cap-de-500-malades-du-covid-19","status":"publish","type":"post","link":"https:\/\/linitiative.ca\/International\/avec-53-nouveaux-cas-la-cote-divoire-franchit-le-cap-de-500-malades-du-covid-19\/","title":{"rendered":"Avec 53 nouveaux cas, la C\u00f4te d\u2019Ivoire franchit le cap de 500 malades du Covid-19"},"content":{"rendered":"<div readability=\"32\">\n<p>Publi\u00e9 le 11.04.2020 \u00e0 22h18 par APA News<\/p>\n<\/div>\n<div readability=\"47\">\n<p>Avec 53 nouveaux cas enregistr\u00e9s, samedi, la C\u00f4te d\u2019Ivoire a franchi le cap de 500 malades du Coronavirus (Covid-19), a appris APA de source officielle dans la capitale \u00e9conomique ivoirienne.Selon les chiffres communiqu\u00e9s par le minist\u00e8re ivoirien de la Sant\u00e9 et de l\u2019hygi\u00e8ne publique, la C\u00f4te d\u2019Ivoire a enregistr\u00e9 ce samedi 11 avril 2020, 53 nouveaux cas portant le total \u00e0 533 malades, dont 58 gu\u00e9ris et 4 d\u00e9c\u00e8s.<\/p>\n<p>Pour pr\u00e9venir la propagation de la maladie \u00e0 Coronavirus, le Conseil national de la s\u00e9curit\u00e9 a rendu obligatoire dans le Grand Abidjan le port du masque, a commenc\u00e9 dans le secteur de la sant\u00e9 et au niveau des forces de l\u2019ordre.<\/p>\n<\/div>\n<p>Auteur: APA News<br \/>\n<a href=\"https:\/\/www.journalducameroun.com\/avec-53-nouveaux-cas-la-cote-divoire-franchit-le-cap-de-500-malades-du-covid-19\/\">Cliquez ici pour lire l&rsquo;article depuis sa source.<\/a><\/p>\n","protected":false},"excerpt":{"rendered":"<p>Publi\u00e9 le 11.04.2020 \u00e0 22h18 par APA News Avec 53 nouveaux cas enregistr\u00e9s, samedi, la C\u00f4te d\u2019Ivoire a franchi le cap de 500 malades du Coronavirus (Covid-19), a appris APA de source officielle dans la capitale \u00e9conomique ivoirienne.Selon les chiffres communiqu\u00e9s par le minist\u00e8re ivoirien de la Sant\u00e9 et de l\u2019hygi\u00e8ne publique, la C\u00f4te d\u2019Ivoire [&hellip;]<\/p>\n","protected":false},"author":1965,"featured_media":0,"comment_status":"closed","ping_status":"closed","sticky":false,"template":"","format":"standard","meta":{"fifu_image_url":"","fifu_image_alt":"","footnotes":""},"categories":[73,82],"tags":[],"class_list":["post-81994","post","type-post","status-publish","format-standard","hentry","category-actualite","category-cameroun"],"_links":{"self":[{"href":"https:\/\/linitiative.ca\/International\/wp-json\/wp\/v2\/posts\/81994","targetHints":{"allow":["GET"]}}],"collection":[{"href":"https:\/\/linitiative.ca\/International\/wp-json\/wp\/v2\/posts"}],"about":[{"href":"https:\/\/linitiative.ca\/International\/wp-json\/wp\/v2\/types\/post"}],"author":[{"embeddable":true,"href":"https:\/\/linitiative.ca\/International\/wp-json\/wp\/v2\/users\/1965"}],"replies":[{"embeddable":true,"href":"https:\/\/linitiative.ca\/International\/wp-json\/wp\/v2\/comments?post=81994"}],"version-history":[{"count":0,"href":"https:\/\/linitiative.ca\/International\/wp-json\/wp\/v2\/posts\/81994\/revisions"}],"wp:attachment":[{"href":"https:\/\/linitiative.ca\/International\/wp-json\/wp\/v2\/media?parent=81994"}],"wp:term":[{"taxonomy":"category","embeddable":true,"href":"https:\/\/linitiative.ca\/International\/wp-json\/wp\/v2\/categories?post=81994"},{"taxonomy":"post_tag","embeddable":true,"href":"https:\/\/linitiative.ca\/International\/wp-json\/wp\/v2\/tags?post=81994"}],"curies":[{"name":"wp","href":"https:\/\/api.w.org\/{rel}","templated":true}]}}