{"id":81995,"date":"2020-04-11T17:18:04","date_gmt":"2020-04-11T21:18:04","guid":{"rendered":"https:\/\/linitiative.ca\/International\/guinee-bissau-covid-19-letat-durgence-prolonge\/"},"modified":"2020-04-11T17:18:04","modified_gmt":"2020-04-11T21:18:04","slug":"guinee-bissau-covid-19-letat-durgence-prolonge","status":"publish","type":"post","link":"https:\/\/linitiative.ca\/International\/guinee-bissau-covid-19-letat-durgence-prolonge\/","title":{"rendered":"Guin\u00e9e-Bissau\/COVID-19 : L\u2019\u00e9tat d\u2019urgence prolong\u00e9"},"content":{"rendered":"<div readability=\"32\">\n<p>Publi\u00e9 le 11.04.2020 \u00e0 22h18 par APA News<\/p>\n<\/div>\n<div readability=\"83\">\n<p>Le gouvernement bissau-guin\u00e9en propose de prolonger de quinze jours l\u2019\u00e9tat d\u2019urgence qui expire ce samedi \u00e0 minuit pour \u00e9viter la propagation du coronavirus dans le pays.Dans un communiqu\u00e9, le gouvernement informe que, suite \u00e0 cette proposition faite au chef de l\u2019\u00c9tat, \u00damaro Sissoco Embal\u00f3, plusieurs mesures concr\u00e8tes de soutien \u00e0 l\u2019\u00e9conomie et aux entreprises sont en discussion pour sauvegarder les emplois et les revenus.<\/p>\n<p>\u00ab Apr\u00e8s avoir \u00e9cout\u00e9 les recommandations de la Commission interminist\u00e9rielle sur la lutte contre le Covid-19, et compte tenu d\u2019une probable augmentation du nombre de personnes infect\u00e9es, nous avons d\u00e9cid\u00e9 de proposer au pr\u00e9sident de la R\u00e9publique de prolonger l\u2019\u00e9tat d\u2019urgence de 15 jours suppl\u00e9mentaires \u00bb, lit-on sur la note du gouvernement.<\/p>\n<p>Par ailleurs, le chef du gouvernement, Nuno Gomes Nabiam, a salu\u00e9 le geste de solidarit\u00e9 et de protection de 12 entreprises et associations qui ont mobilis\u00e9 un \u00ab soutien important \u00bb compos\u00e9 de mat\u00e9riel de protection, des produits d\u2019hygi\u00e8ne et de d\u00e9sinfection.<\/p>\n<p>Des bonnes volont\u00e9s et d\u2019autres entit\u00e9s priv\u00e9es ont \u00e9galement apport\u00e9 leurs contributions.<\/p>\n<p>Sur la m\u00eame note, l\u2019ex\u00e9cutif d\u00e9clare avoir constat\u00e9 une \u00ab \u00e9volution positive \u00bb de la prise de la charge de la pand\u00e9mie dans le pays.<\/p>\n<p>Il a en effet d\u00e9cid\u00e9 de prendre plusieurs mesures de soutien aux h\u00f4pitaux, centres de sant\u00e9, \u00e9quipes m\u00e9dicales, infirmi\u00e8res, et personnel param\u00e9dical.<\/p>\n<p>Les m\u00e9nages les plus vuln\u00e9rables vont b\u00e9n\u00e9ficier de paniers alimentaires de base (riz, sucre, huile).<\/p>\n<p>Selon le communiqu\u00e9 de la primature, en plus de ces mesures, la gratuit\u00e9 a \u00e9t\u00e9 appliqu\u00e9e sur les transports publics pour faciliter la circulation des personnes impliqu\u00e9es dans la lutte contre le virus, en plus d\u2019un num\u00e9ro vert pour faciliter la communication entre elles.<\/p>\n<p>A ce jour, la Guin\u00e9e-Bissau compte 38 cas confirm\u00e9s dont trois gu\u00e9ris.<\/p>\n<\/div>\n<p>Auteur: APA News<br \/>\n<a href=\"https:\/\/www.journalducameroun.com\/guinee-bissau-covid-19-letat-durgence-prolonge\/\">Cliquez ici pour lire l&rsquo;article depuis sa source.<\/a><\/p>\n","protected":false},"excerpt":{"rendered":"<p>Publi\u00e9 le 11.04.2020 \u00e0 22h18 par APA News Le gouvernement bissau-guin\u00e9en propose de prolonger de quinze jours l\u2019\u00e9tat d\u2019urgence qui expire ce samedi \u00e0 minuit pour \u00e9viter la propagation du coronavirus dans le pays.Dans un communiqu\u00e9, le gouvernement informe que, suite \u00e0 cette proposition faite au chef de l\u2019\u00c9tat, \u00damaro Sissoco Embal\u00f3, plusieurs mesures concr\u00e8tes [&hellip;]<\/p>\n","protected":false},"author":1965,"featured_media":0,"comment_status":"closed","ping_status":"closed","sticky":false,"template":"","format":"standard","meta":{"fifu_image_url":"","fifu_image_alt":"","footnotes":""},"categories":[73,82],"tags":[],"class_list":["post-81995","post","type-post","status-publish","format-standard","hentry","category-actualite","category-cameroun"],"_links":{"self":[{"href":"https:\/\/linitiative.ca\/International\/wp-json\/wp\/v2\/posts\/81995","targetHints":{"allow":["GET"]}}],"collection":[{"href":"https:\/\/linitiative.ca\/International\/wp-json\/wp\/v2\/posts"}],"about":[{"href":"https:\/\/linitiative.ca\/International\/wp-json\/wp\/v2\/types\/post"}],"author":[{"embeddable":true,"href":"https:\/\/linitiative.ca\/International\/wp-json\/wp\/v2\/users\/1965"}],"replies":[{"embeddable":true,"href":"https:\/\/linitiative.ca\/International\/wp-json\/wp\/v2\/comments?post=81995"}],"version-history":[{"count":0,"href":"https:\/\/linitiative.ca\/International\/wp-json\/wp\/v2\/posts\/81995\/revisions"}],"wp:attachment":[{"href":"https:\/\/linitiative.ca\/International\/wp-json\/wp\/v2\/media?parent=81995"}],"wp:term":[{"taxonomy":"category","embeddable":true,"href":"https:\/\/linitiative.ca\/International\/wp-json\/wp\/v2\/categories?post=81995"},{"taxonomy":"post_tag","embeddable":true,"href":"https:\/\/linitiative.ca\/International\/wp-json\/wp\/v2\/tags?post=81995"}],"curies":[{"name":"wp","href":"https:\/\/api.w.org\/{rel}","templated":true}]}}