{"id":82000,"date":"2020-04-11T17:16:16","date_gmt":"2020-04-11T21:16:16","guid":{"rendered":"https:\/\/linitiative.ca\/International\/retrait-des-aides-aux-ramedistes-voici-les-cas-exceptionnels-autorises\/"},"modified":"2020-04-11T17:16:16","modified_gmt":"2020-04-11T21:16:16","slug":"retrait-des-aides-aux-ramedistes-voici-les-cas-exceptionnels-autorises","status":"publish","type":"post","link":"https:\/\/linitiative.ca\/International\/retrait-des-aides-aux-ramedistes-voici-les-cas-exceptionnels-autorises\/","title":{"rendered":"Retrait des aides aux Ramedistes : Voici les cas exceptionnels autoris\u00e9s"},"content":{"rendered":"<header>\n<\/header>\n<div class=\"entry-content clearfix\" readability=\"61\"><img decoding=\"async\" class=\"post_layout_5_img\" src=\"http:\/\/aujourdhui.ma\/wp-content\/uploads\/2020\/04\/Aides-aux-m\u00e9nages-ram\u00e9distes.jpg?x29840\" alt=\"Retrait des aides aux Ramedistes : Voici les cas exceptionnels autoris&#xE9;s\"\/><\/p>\n<p><strong>\u00ab\u00a0Les aides financi\u00e8res accord\u00e9es aux Ramedistes, dans le cadre de l\u2019\u00e9tat d\u2019urgence sanitaire d\u00e9cr\u00e9t\u00e9, sont servies aux seuls chefs de m\u00e9nages\u00a0\u00bb.<\/strong><span id=\"more-341108\"\/> Ainsi tranche le minist\u00e8re de l\u2019\u00e9conomie, des finances et de la r\u00e9forme de l\u2019administration \u00e0 propos de ces allocations. Cependant, le d\u00e9partement de Mohamed Bencha\u00e2boun fait des exceptions. \u00ab\u00a0Si le chef de m\u00e9nage est d\u00e9c\u00e9d\u00e9, son conjoint est autoris\u00e9 \u00e0 retirer le montant de l\u2019aide sous r\u00e9serve de pr\u00e9senter sa carte nationale, la carte d\u2019identit\u00e9 du d\u00e9funt, le certificat de d\u00e9c\u00e8s et la carte Ramed portant l\u2019identit\u00e9 du d\u00e9funt et celle du conjoint\u00a0\u00bb, illustre le minist\u00e8re concernant le premier cas. Quant au deuxi\u00e8me cas, il porte sur le b\u00e9n\u00e9ficiaire qui est malade ou en incapacit\u00e9 de se d\u00e9placer. Celui-ci est autoris\u00e9 \u00e0 charger quelqu\u2019un de son entourage proche pour retirer l\u2019aide. Pour ce faire, la personne d\u00e9sign\u00e9e doit pr\u00e9senter la carte d\u2019identit\u00e9 du b\u00e9n\u00e9ficiaire, un justificatif de l\u2019incapacit\u00e9 de se d\u00e9placer et la carte d\u2019identit\u00e9 de la personne mandat\u00e9e pour le retrait portant la m\u00eame adresse que celle sur la carte nationale du b\u00e9n\u00e9ficiaire ou \u00e0 d\u00e9faut habitant \u00e0 proximit\u00e9.<\/p>\n<p>Dans ce cas, l\u2019employ\u00e9 de l\u2019agence bancaire ou de l\u2019\u00e9tablissement de paiement, doit identifier l\u2019identit\u00e9 de la personne qui a retir\u00e9 le montant. Au cas o\u00f9 la carte nationale d\u2019identit\u00e9 du b\u00e9n\u00e9ficiaire n\u2019est plus valide, le retrait de l\u2019aide financi\u00e8re peut, selon la m\u00eame source, se faire sur la base de la carte d\u2019identit\u00e9 expir\u00e9e. Si le b\u00e9n\u00e9ficiaire ne dispose plus de sa carte nationale d\u2019identit\u00e9, il pourra fournir toute preuve d\u2019identit\u00e9 officielle valide mentionnant son num\u00e9ro de la carte d\u2019identit\u00e9 nationale, sa photo et son nom complet (Carte Ramed, Permis de conduire, Passeport). \u00ab\u00a0Il est \u00e0 signaler que cette proc\u00e9dure entrera en application \u00e0 compter de lundi 13 avril 2020\u00a0\u00bb, conclut le minist\u00e8re.<\/p>\n<\/div>\n<p>Auteur: ALM<br \/>\n<a href=\"http:\/\/aujourdhui.ma\/actualite\/retrait-des-aides-aux-ramedistes-voici-les-cas-exceptionnels-autorises\">Cliquez ici pour lire l&rsquo;article depuis sa source.<\/a><\/p>\n","protected":false},"excerpt":{"rendered":"<p>\u00ab\u00a0Les aides financi\u00e8res accord\u00e9es aux Ramedistes, dans le cadre de l\u2019\u00e9tat d\u2019urgence sanitaire d\u00e9cr\u00e9t\u00e9, sont servies aux seuls chefs de m\u00e9nages\u00a0\u00bb. Ainsi tranche le minist\u00e8re de l\u2019\u00e9conomie, des finances et de la r\u00e9forme de l\u2019administration \u00e0 propos de ces allocations. Cependant, le d\u00e9partement de Mohamed Bencha\u00e2boun fait des exceptions. \u00ab\u00a0Si le chef de m\u00e9nage est [&hellip;]<\/p>\n","protected":false},"author":1759,"featured_media":0,"comment_status":"closed","ping_status":"closed","sticky":false,"template":"","format":"standard","meta":{"fifu_image_url":"","fifu_image_alt":"","footnotes":""},"categories":[73,54],"tags":[],"class_list":["post-82000","post","type-post","status-publish","format-standard","hentry","category-actualite","category-maroc"],"_links":{"self":[{"href":"https:\/\/linitiative.ca\/International\/wp-json\/wp\/v2\/posts\/82000","targetHints":{"allow":["GET"]}}],"collection":[{"href":"https:\/\/linitiative.ca\/International\/wp-json\/wp\/v2\/posts"}],"about":[{"href":"https:\/\/linitiative.ca\/International\/wp-json\/wp\/v2\/types\/post"}],"author":[{"embeddable":true,"href":"https:\/\/linitiative.ca\/International\/wp-json\/wp\/v2\/users\/1759"}],"replies":[{"embeddable":true,"href":"https:\/\/linitiative.ca\/International\/wp-json\/wp\/v2\/comments?post=82000"}],"version-history":[{"count":0,"href":"https:\/\/linitiative.ca\/International\/wp-json\/wp\/v2\/posts\/82000\/revisions"}],"wp:attachment":[{"href":"https:\/\/linitiative.ca\/International\/wp-json\/wp\/v2\/media?parent=82000"}],"wp:term":[{"taxonomy":"category","embeddable":true,"href":"https:\/\/linitiative.ca\/International\/wp-json\/wp\/v2\/categories?post=82000"},{"taxonomy":"post_tag","embeddable":true,"href":"https:\/\/linitiative.ca\/International\/wp-json\/wp\/v2\/tags?post=82000"}],"curies":[{"name":"wp","href":"https:\/\/api.w.org\/{rel}","templated":true}]}}