{"id":82001,"date":"2020-04-12T05:16:14","date_gmt":"2020-04-12T09:16:14","guid":{"rendered":"https:\/\/linitiative.ca\/International\/covid-19-maroc-72-nouveaux-cas-confirmes-1-617-au-total\/"},"modified":"2020-04-12T05:16:14","modified_gmt":"2020-04-12T09:16:14","slug":"covid-19-maroc-72-nouveaux-cas-confirmes-1-617-au-total","status":"publish","type":"post","link":"https:\/\/linitiative.ca\/International\/covid-19-maroc-72-nouveaux-cas-confirmes-1-617-au-total\/","title":{"rendered":"Covid-19 \/ Maroc : 72 nouveaux cas confirm\u00e9s, 1.617 au total"},"content":{"rendered":"<header>\n<\/header>\n<div class=\"entry-content clearfix\" readability=\"49.9516324063\"><img decoding=\"async\" class=\"post_layout_5_img\" src=\"http:\/\/aujourdhui.ma\/wp-content\/uploads\/2020\/03\/Coronavirus-1.jpg?x29840\" alt=\"Covid-19 \/ Maroc : 72 nouveaux cas confirm&#xE9;s, 1.617 au total\"\/><\/p>\n<p><span class=\"c4\"><strong>Soixante-douze nouveaux cas d\u2019infection au nouveau coronavirus (Covid-19) ont \u00e9t\u00e9 confirm\u00e9s au Maroc jusqu\u2019\u00e0 dimanche \u00e0 10h00, portant \u00e0 1.617 le nombre total des cas de contamination, annonce le minist\u00e8re de la Sant\u00e9.<\/strong><\/span><span id=\"more-341111\"\/><\/p>\n<p>Le nombre de cas gu\u00e9ris s\u2019est \u00e9tabli \u00e0 153 avec le r\u00e9tablissement de 7 nouveaux cas, alors que le bilan des d\u00e9c\u00e8s s\u2019\u00e9l\u00e8ve \u00e0 113, pr\u00e9cise le minist\u00e8re sur le portail \u00ab\u00a0<span class=\"c6\"><strong><a class=\"c5\" href=\"http:\/\/www.covidmaroc.ma\" target=\"_blank\" rel=\"noopener noreferrer\">www.covidmaroc.ma<\/a><\/strong><\/span>\u00ab\u00a0.<\/p>\n<p>Par ailleurs, le nombre des cas exclus apr\u00e8s des r\u00e9sultats n\u00e9gatifs d\u2019analyses effectu\u00e9es au laboratoire s\u2019\u00e9l\u00e8ve \u00e0 6.856, indique-t-on de m\u00eame source.<\/p>\n<p>Le minist\u00e8re invite les citoyens \u00e0 respecter les r\u00e8gles d\u2019hygi\u00e8ne et de s\u00e9curit\u00e9 sanitaire ainsi que les mesures pr\u00e9ventives prises par les autorit\u00e9s marocaines en faisant preuve de responsabilit\u00e9 et de patriotisme.<\/p>\n<p><a href=\"http:\/\/aujourdhui.ma\/wp-content\/uploads\/2020\/04\/bilan-coronavirus-1000-12042020.jpg?x29840\"><img loading=\"lazy\" decoding=\"async\" class=\"alignnone size-full wp-image-341114\" src=\"http:\/\/aujourdhui.ma\/wp-content\/uploads\/2020\/04\/bilan-coronavirus-1000-12042020.jpg?x29840\" alt=\"\" width=\"807\" height=\"772\" srcset=\"http:\/\/aujourdhui.ma\/wp-content\/uploads\/2020\/04\/bilan-coronavirus-1000-12042020.jpg 807w, http:\/\/aujourdhui.ma\/wp-content\/uploads\/2020\/04\/bilan-coronavirus-1000-12042020-300x287.jpg 300w, http:\/\/aujourdhui.ma\/wp-content\/uploads\/2020\/04\/bilan-coronavirus-1000-12042020-768x735.jpg 768w\" sizes=\"auto, (max-width: 807px) 100vw, 807px\"\/><\/a><\/p>\n<p><a href=\"http:\/\/aujourdhui.ma\/wp-content\/uploads\/2020\/04\/bilan-coronavirus-1000-12042020-repartition-par-region.jpg?x29840\"><img loading=\"lazy\" decoding=\"async\" class=\"alignnone size-full wp-image-341113\" src=\"http:\/\/aujourdhui.ma\/wp-content\/uploads\/2020\/04\/bilan-coronavirus-1000-12042020-repartition-par-region.jpg?x29840\" alt=\"\" width=\"1123\" height=\"743\" srcset=\"http:\/\/aujourdhui.ma\/wp-content\/uploads\/2020\/04\/bilan-coronavirus-1000-12042020-repartition-par-region.jpg 1123w, http:\/\/aujourdhui.ma\/wp-content\/uploads\/2020\/04\/bilan-coronavirus-1000-12042020-repartition-par-region-300x198.jpg 300w, http:\/\/aujourdhui.ma\/wp-content\/uploads\/2020\/04\/bilan-coronavirus-1000-12042020-repartition-par-region-768x508.jpg 768w, http:\/\/aujourdhui.ma\/wp-content\/uploads\/2020\/04\/bilan-coronavirus-1000-12042020-repartition-par-region-1024x677.jpg 1024w\" sizes=\"auto, (max-width: 1123px) 100vw, 1123px\"\/><\/a><\/p>\n<\/div>\n<p>Auteur: MAP<br \/>\n<a href=\"http:\/\/aujourdhui.ma\/societe\/covid-19-maroc-72-nouveaux-cas-confirmes-1-617-au-total\">Cliquez ici pour lire l&rsquo;article depuis sa source.<\/a><\/p>\n","protected":false},"excerpt":{"rendered":"<p>Soixante-douze nouveaux cas d\u2019infection au nouveau coronavirus (Covid-19) ont \u00e9t\u00e9 confirm\u00e9s au Maroc jusqu\u2019\u00e0 dimanche \u00e0 10h00, portant \u00e0 1.617 le nombre total des cas de contamination, annonce le minist\u00e8re de la Sant\u00e9. Le nombre de cas gu\u00e9ris s\u2019est \u00e9tabli \u00e0 153 avec le r\u00e9tablissement de 7 nouveaux cas, alors que le bilan des d\u00e9c\u00e8s [&hellip;]<\/p>\n","protected":false},"author":1759,"featured_media":0,"comment_status":"closed","ping_status":"closed","sticky":false,"template":"","format":"standard","meta":{"fifu_image_url":"","fifu_image_alt":"","footnotes":""},"categories":[73,54],"tags":[],"class_list":["post-82001","post","type-post","status-publish","format-standard","hentry","category-actualite","category-maroc"],"_links":{"self":[{"href":"https:\/\/linitiative.ca\/International\/wp-json\/wp\/v2\/posts\/82001","targetHints":{"allow":["GET"]}}],"collection":[{"href":"https:\/\/linitiative.ca\/International\/wp-json\/wp\/v2\/posts"}],"about":[{"href":"https:\/\/linitiative.ca\/International\/wp-json\/wp\/v2\/types\/post"}],"author":[{"embeddable":true,"href":"https:\/\/linitiative.ca\/International\/wp-json\/wp\/v2\/users\/1759"}],"replies":[{"embeddable":true,"href":"https:\/\/linitiative.ca\/International\/wp-json\/wp\/v2\/comments?post=82001"}],"version-history":[{"count":0,"href":"https:\/\/linitiative.ca\/International\/wp-json\/wp\/v2\/posts\/82001\/revisions"}],"wp:attachment":[{"href":"https:\/\/linitiative.ca\/International\/wp-json\/wp\/v2\/media?parent=82001"}],"wp:term":[{"taxonomy":"category","embeddable":true,"href":"https:\/\/linitiative.ca\/International\/wp-json\/wp\/v2\/categories?post=82001"},{"taxonomy":"post_tag","embeddable":true,"href":"https:\/\/linitiative.ca\/International\/wp-json\/wp\/v2\/tags?post=82001"}],"curies":[{"name":"wp","href":"https:\/\/api.w.org\/{rel}","templated":true}]}}