{"id":82002,"date":"2020-04-12T07:00:19","date_gmt":"2020-04-12T11:00:19","guid":{"rendered":"https:\/\/linitiative.ca\/International\/les-6-couleurs-du-manager-managez-selon-votre-personnalite-et-celle-des-autres-de-franck-jullien-christian-gallerey-catherine-kleinberg-et-guy-topell\/"},"modified":"2020-04-12T07:00:19","modified_gmt":"2020-04-12T11:00:19","slug":"les-6-couleurs-du-manager-managez-selon-votre-personnalite-et-celle-des-autres-de-franck-jullien-christian-gallerey-catherine-kleinberg-et-guy-topell","status":"publish","type":"post","link":"https:\/\/linitiative.ca\/International\/les-6-couleurs-du-manager-managez-selon-votre-personnalite-et-celle-des-autres-de-franck-jullien-christian-gallerey-catherine-kleinberg-et-guy-topell\/","title":{"rendered":"Les 6 couleurs du manager : Managez selon votre personnalit\u00e9\u2026 et celle des autres!, de Franck Jullien, Christian Gallerey, Catherine Kleinberg et Guy Topell"},"content":{"rendered":"<header>\n<div class=\"entry-post-meta\">\n<div class=\"author-link\">Publi\u00e9 par <a itemprop=\"author\" itemscope=\"\" itemtype=\"https:\/\/schema.org\/Person\" href=\"http:\/\/aujourdhui.ma\/profile\/kaid\" rel=\"author\"><span itemprop=\"name\">ALM<\/span><\/a><\/div>\n<p>Date\u00a0:<time content=\"2020-04-12T12:00:19+00:00\" class=\"entry-date updated\" datetime=\"2020-04-12T12:00:19+00:00\">avril 12, 2020<\/time><\/p>\n<div class=\"entry-cat\">dans:<a href=\"http:\/\/aujourdhui.ma\/category\/emploi\" rel=\"category tag\">Emploi<\/a><\/div>\n<p>1Vues<\/p>\n<\/div>\n<\/header>\n<div class=\"entry-content clearfix\" readability=\"55\"><img decoding=\"async\" class=\"post_layout_5_img\" src=\"http:\/\/aujourdhui.ma\/wp-content\/uploads\/2020\/04\/Les-6-couleurs-du-manager.jpg?x29840\" alt=\"Les 6 couleurs du manager : Managez selon votre personnalit&#xE9;&#x2026; et celle des autres!, de Franck Jullien, Christian Gallerey, Catherine Kleinberg et Guy Topell\"\/><\/p>\n<p><span class=\"c4\"><strong>A travers la seconde \u00e9dition am\u00e9lior\u00e9e de leur ouvrage, les auteurs ont souhait\u00e9 offrir les cl\u00e9s simples et op\u00e9rationnelles pour manager au quotidien.<\/strong><\/span><span id=\"more-340413\"\/><\/p>\n<p>Ils mettent ainsi en exergue le style de management et s\u2019il convient aux collaborateurs. Les th\u00e8mes abord\u00e9s sont la motivation, la gestion du stress, l\u2019entretien de cadrage, la gestion des conflits et la gestion du temps. D\u2019une mani\u00e8re didactique, chaque chapitre comporte une th\u00e9orie d\u2019abord.<\/p>\n<p>Elle vise \u00e0 pr\u00e9senter les diff\u00e9rents concepts utilis\u00e9s dans les diff\u00e9rents th\u00e8mes. Une mise en sc\u00e8ne ensuite a \u00e9t\u00e9 imagin\u00e9e par les auteurs de l\u2019ouvrage. Pour valoriser le c\u00f4t\u00e9 ludique, les concepts sont illustr\u00e9s, chacun avec une directrice g\u00e9n\u00e9rale qui manage les membres de son \u00e9quipe. En marge, des liens avec des concepts ComColors ont \u00e9t\u00e9 pr\u00e9vus. Des fiches outils, enfin, repr\u00e9sentent d\u2019une mani\u00e8re synth\u00e9tique les actions \u00e0 mener.<\/p>\n<p><strong>Ed De Boeck Sup\u00e9rieur<\/strong><br \/><strong>(31\/01\/2018)<\/strong><\/p>\n<\/div>\n<p>Auteur: ALM<br \/>\n<a href=\"http:\/\/aujourdhui.ma\/emploi\/les-6-couleurs-du-manager-managez-selon-votre-personnalite-et-celle-des-autres-de-franck-jullien-christian-gallerey-catherine-kleinberg-et-guy-topell\">Cliquez ici pour lire l&rsquo;article depuis sa source.<\/a><\/p>\n","protected":false},"excerpt":{"rendered":"<p>Publi\u00e9 par ALM Date\u00a0:avril 12, 2020 dans:Emploi 1Vues A travers la seconde \u00e9dition am\u00e9lior\u00e9e de leur ouvrage, les auteurs ont souhait\u00e9 offrir les cl\u00e9s simples et op\u00e9rationnelles pour manager au quotidien. Ils mettent ainsi en exergue le style de management et s\u2019il convient aux collaborateurs. Les th\u00e8mes abord\u00e9s sont la motivation, la gestion du stress, [&hellip;]<\/p>\n","protected":false},"author":1759,"featured_media":0,"comment_status":"closed","ping_status":"closed","sticky":false,"template":"","format":"standard","meta":{"fifu_image_url":"","fifu_image_alt":"","footnotes":""},"categories":[73,54],"tags":[],"class_list":["post-82002","post","type-post","status-publish","format-standard","hentry","category-actualite","category-maroc"],"_links":{"self":[{"href":"https:\/\/linitiative.ca\/International\/wp-json\/wp\/v2\/posts\/82002","targetHints":{"allow":["GET"]}}],"collection":[{"href":"https:\/\/linitiative.ca\/International\/wp-json\/wp\/v2\/posts"}],"about":[{"href":"https:\/\/linitiative.ca\/International\/wp-json\/wp\/v2\/types\/post"}],"author":[{"embeddable":true,"href":"https:\/\/linitiative.ca\/International\/wp-json\/wp\/v2\/users\/1759"}],"replies":[{"embeddable":true,"href":"https:\/\/linitiative.ca\/International\/wp-json\/wp\/v2\/comments?post=82002"}],"version-history":[{"count":0,"href":"https:\/\/linitiative.ca\/International\/wp-json\/wp\/v2\/posts\/82002\/revisions"}],"wp:attachment":[{"href":"https:\/\/linitiative.ca\/International\/wp-json\/wp\/v2\/media?parent=82002"}],"wp:term":[{"taxonomy":"category","embeddable":true,"href":"https:\/\/linitiative.ca\/International\/wp-json\/wp\/v2\/categories?post=82002"},{"taxonomy":"post_tag","embeddable":true,"href":"https:\/\/linitiative.ca\/International\/wp-json\/wp\/v2\/tags?post=82002"}],"curies":[{"name":"wp","href":"https:\/\/api.w.org\/{rel}","templated":true}]}}