{"id":82010,"date":"2020-04-12T09:28:00","date_gmt":"2020-04-12T13:28:00","guid":{"rendered":"https:\/\/linitiative.ca\/International\/pluies-sur-les-regions-cotieres-des-wilayas-de-louest-a-partir-de-dimanche\/"},"modified":"2020-04-12T09:28:00","modified_gmt":"2020-04-12T13:28:00","slug":"pluies-sur-les-regions-cotieres-des-wilayas-de-louest-a-partir-de-dimanche","status":"publish","type":"post","link":"https:\/\/linitiative.ca\/International\/pluies-sur-les-regions-cotieres-des-wilayas-de-louest-a-partir-de-dimanche\/","title":{"rendered":"Pluies sur les r\u00e9gions c\u00f4ti\u00e8res des wilayas de l&rsquo;Ouest \u00e0 partir de dimanche"},"content":{"rendered":"<div id=\"originalText\" readability=\"44\">\n<p>Des pluies, parfois sous forme d&rsquo;averses orageuses, affecteront \u00e0 partir de dimanche soir les r\u00e9gions c\u00f4ti\u00e8res des wilayas de l&rsquo;ouest du pays, indique un bulletin m\u00e9t\u00e9orologique sp\u00e9cial (BMS) \u00e9mis par le Centre national de m\u00e9t\u00e9orologie (ONM).<\/p>\n<p>Les wilayas concern\u00e9es\u00a0sont\u00a0Tlemcen,\u00a0Ain T\u00e9mouchent,\u00a0Oran\u00a0et\u00a0Mostaganem, pr\u00e9cise la m\u00eame source qui ajoute que les quantit\u00e9s de pluies attendues varient entre 20 et 30 mm durant la validit\u00e9 du BMS qui s&rsquo;\u00e9tale\u00a0de dimanche \u00e0 21h00 \u00e0 lundi \u00e0 06h00.<\/p>\n<p class=\"c6\"><strong>APS<\/strong><\/p>\n<\/div>\n<div id=\"text_core\" readability=\"44\">\n<p>Des pluies, parfois sous forme d&rsquo;averses orageuses, affecteront \u00e0 partir de dimanche soir les r\u00e9gions c\u00f4ti\u00e8res des wilayas de l&rsquo;ouest du pays, indique un bulletin m\u00e9t\u00e9orologique sp\u00e9cial (BMS) \u00e9mis par le Centre national de m\u00e9t\u00e9orologie (ONM).<\/p>\n<p>Les wilayas concern\u00e9es\u00a0sont\u00a0Tlemcen,\u00a0Ain T\u00e9mouchent,\u00a0Oran\u00a0et\u00a0Mostaganem, pr\u00e9cise la m\u00eame source qui ajoute que les quantit\u00e9s de pluies attendues varient entre 20 et 30 mm durant la validit\u00e9 du BMS qui s&rsquo;\u00e9tale\u00a0de dimanche \u00e0 21h00 \u00e0 lundi \u00e0 06h00.<\/p>\n<p class=\"c6\"><strong>APS<\/strong><\/p>\n<\/div>\n<p>Auteur:<br \/>\n<a href=\"https:\/\/www.liberte-algerie.com\/actualite\/pluies-sur-les-regions-cotieres-des-wilayas-de-louest-a-partir-de-dimanche-337355\">Cliquez ici pour lire l&rsquo;article depuis sa source.<\/a><\/p>\n","protected":false},"excerpt":{"rendered":"<p>Des pluies, parfois sous forme d&rsquo;averses orageuses, affecteront \u00e0 partir de dimanche soir les r\u00e9gions c\u00f4ti\u00e8res des wilayas de l&rsquo;ouest du pays, indique un bulletin m\u00e9t\u00e9orologique sp\u00e9cial (BMS) \u00e9mis par le Centre national de m\u00e9t\u00e9orologie (ONM). Les wilayas concern\u00e9es\u00a0sont\u00a0Tlemcen,\u00a0Ain T\u00e9mouchent,\u00a0Oran\u00a0et\u00a0Mostaganem, pr\u00e9cise la m\u00eame source qui ajoute que les quantit\u00e9s de pluies attendues varient entre 20 [&hellip;]<\/p>\n","protected":false},"author":1742,"featured_media":0,"comment_status":"closed","ping_status":"closed","sticky":false,"template":"","format":"standard","meta":{"fifu_image_url":"","fifu_image_alt":"","footnotes":""},"categories":[73,53],"tags":[],"class_list":["post-82010","post","type-post","status-publish","format-standard","hentry","category-actualite","category-algerie"],"_links":{"self":[{"href":"https:\/\/linitiative.ca\/International\/wp-json\/wp\/v2\/posts\/82010","targetHints":{"allow":["GET"]}}],"collection":[{"href":"https:\/\/linitiative.ca\/International\/wp-json\/wp\/v2\/posts"}],"about":[{"href":"https:\/\/linitiative.ca\/International\/wp-json\/wp\/v2\/types\/post"}],"author":[{"embeddable":true,"href":"https:\/\/linitiative.ca\/International\/wp-json\/wp\/v2\/users\/1742"}],"replies":[{"embeddable":true,"href":"https:\/\/linitiative.ca\/International\/wp-json\/wp\/v2\/comments?post=82010"}],"version-history":[{"count":0,"href":"https:\/\/linitiative.ca\/International\/wp-json\/wp\/v2\/posts\/82010\/revisions"}],"wp:attachment":[{"href":"https:\/\/linitiative.ca\/International\/wp-json\/wp\/v2\/media?parent=82010"}],"wp:term":[{"taxonomy":"category","embeddable":true,"href":"https:\/\/linitiative.ca\/International\/wp-json\/wp\/v2\/categories?post=82010"},{"taxonomy":"post_tag","embeddable":true,"href":"https:\/\/linitiative.ca\/International\/wp-json\/wp\/v2\/tags?post=82010"}],"curies":[{"name":"wp","href":"https:\/\/api.w.org\/{rel}","templated":true}]}}