{"id":82015,"date":"2020-04-12T04:50:28","date_gmt":"2020-04-12T08:50:28","guid":{"rendered":"https:\/\/linitiative.ca\/International\/une-enveloppe-de-15-mdh-pour-lequipement-de-lhopital-provincial\/"},"modified":"2020-04-12T04:50:28","modified_gmt":"2020-04-12T08:50:28","slug":"une-enveloppe-de-15-mdh-pour-lequipement-de-lhopital-provincial","status":"publish","type":"post","link":"https:\/\/linitiative.ca\/International\/une-enveloppe-de-15-mdh-pour-lequipement-de-lhopital-provincial\/","title":{"rendered":"Une enveloppe de 1,5 MDH pour l\u2019\u00e9quipement de l\u2019h\u00f4pital provincial"},"content":{"rendered":"<div readability=\"37\">\n<p>El Kel\u00e2a des Sraghna \u2013 Le conseil provincial d\u2019El Kel\u00e2a des Sraghna a annonc\u00e9 avoir consacr\u00e9 1,5 million de DH pour doter le service de r\u00e9animation de l\u2019h\u00f4pital provincial des \u00e9quipements n\u00e9cessaires, dans le cadre des efforts de lutte contre la pand\u00e9mie du nouveau coronavirus (Covid-19).<\/p>\n<\/div>\n<div readability=\"98\">\n<p>Cette initiative, qui s\u2019inscrit en droite ligne des Hautes Orientations Royales pour faire face au Covid-19, intervient dans le cadre de l\u2019interaction avec l\u2019\u00e9volution quotidienne de cette pand\u00e9mie, et traduit l\u2019engagement total du Conseil provincial et sa pleine adh\u00e9sion aux actions visant \u00e0 enrayer la propagation du nouveau coronavirus aux niveaux provincial et national, indique un communiqu\u00e9 de l\u2019instance \u00e9lue.<\/p>\n<p>Dans ce sens, le pr\u00e9sident, les vice-pr\u00e9sidents, le secr\u00e9taire et le secr\u00e9taire-adjoint du conseil, ainsi que les pr\u00e9sidents et vice-pr\u00e9sidents des diff\u00e9rentes commissions relevant de cette instance \u00e9lue, ont fait don de leurs salaires au titre du mois de mars au profit du Fonds sp\u00e9cial d\u00e9di\u00e9 \u00e0 la gestion de la pand\u00e9mie, cr\u00e9\u00e9 sur Hautes Instructions de Sa Majest\u00e9 le Roi Mohammed VI.<\/p>\n<p>Le Conseil a, \u00e9galement, d\u00e9cid\u00e9 d\u2019apporter une contribution directe d\u2019un million de DH \u00e0 ce Fonds et d\u2019acqu\u00e9rir des v\u00e9hicules de service au profit de la Gendarmerie Royale afin d\u2019appuyer son action pour la lutte contre cette pand\u00e9mie au niveau de la province, pour un co\u00fbt global estim\u00e9 \u00e0 un million de DH.<\/p>\n<p>Il a \u00e9t\u00e9 proc\u00e9d\u00e9, dans le m\u00eame cadre, \u00e0 l\u2019achat de 5 v\u00e9hicules de service en faveur de la S\u00fbret\u00e9 Nationale et \u00e0 la mise \u00e0 la disposition des autorit\u00e9s provinciales, de camions-citernes pour la d\u00e9sinfection et la st\u00e9rilisation des services administratifs et des principales art\u00e8res au niveau des diff\u00e9rentes collectivit\u00e9s territoriales de la province.<\/p>\n<p>Le conseil a, par ailleurs, exprim\u00e9 sa satisfaction quant \u00e0 la prise de conscience dont ont fait montre les populations de la province, \u00e0 travers leur interaction spontan\u00e9e avec les mesures d\u00e9cr\u00e9t\u00e9es par les autorit\u00e9s comp\u00e9tentes, notamment en ce qui concerne le confinement.<\/p>\n<p>L\u2019instance \u00e9lue a, en outre, appel\u00e9 les citoyens \u00e0 continuer \u00e0 faire preuve de plus de patience, d\u2019interaction positive et de respect strict des mesures et consignes de pr\u00e9caution.<\/p>\n<p>Elle s\u2019est, dans la foul\u00e9e, f\u00e9licit\u00e9e des efforts consentis par les agents d\u2019autorit\u00e9, les staffs m\u00e9dicaux, les Forces Arm\u00e9es Royales, la Gendarmerie Royale, la S\u00fbret\u00e9 Nationale, les Forces auxiliaires, la Protection civile et les agents de propret\u00e9 et d\u2019hygi\u00e8ne, pour veiller, scrupuleusement, au respect des mesures pr\u00e9ventives adopt\u00e9es dans le cadre de l\u2019\u00e9tat d\u2019urgence sanitaire, d\u00e9cr\u00e9t\u00e9 par les autorit\u00e9s comp\u00e9tentes, conclut le communiqu\u00e9.<\/p>\n<\/div>\n<p>Auteur: Meriem IGASS<br \/>\n<a href=\"http:\/\/www.mapmarrakech.ma\/fr\/le-conseil-provincial-affecte-15-mdh-a-lequipement-de-lhopital-provincial\/\">Cliquez ici pour lire l&rsquo;article depuis sa source.<\/a><\/p>\n","protected":false},"excerpt":{"rendered":"<p>El Kel\u00e2a des Sraghna \u2013 Le conseil provincial d\u2019El Kel\u00e2a des Sraghna a annonc\u00e9 avoir consacr\u00e9 1,5 million de DH pour doter le service de r\u00e9animation de l\u2019h\u00f4pital provincial des \u00e9quipements n\u00e9cessaires, dans le cadre des efforts de lutte contre la pand\u00e9mie du nouveau coronavirus (Covid-19). Cette initiative, qui s\u2019inscrit en droite ligne des Hautes [&hellip;]<\/p>\n","protected":false},"author":1788,"featured_media":0,"comment_status":"closed","ping_status":"closed","sticky":false,"template":"","format":"standard","meta":{"fifu_image_url":"","fifu_image_alt":"","footnotes":""},"categories":[54,76],"tags":[],"class_list":["post-82015","post","type-post","status-publish","format-standard","hentry","category-maroc","category-regions"],"_links":{"self":[{"href":"https:\/\/linitiative.ca\/International\/wp-json\/wp\/v2\/posts\/82015","targetHints":{"allow":["GET"]}}],"collection":[{"href":"https:\/\/linitiative.ca\/International\/wp-json\/wp\/v2\/posts"}],"about":[{"href":"https:\/\/linitiative.ca\/International\/wp-json\/wp\/v2\/types\/post"}],"author":[{"embeddable":true,"href":"https:\/\/linitiative.ca\/International\/wp-json\/wp\/v2\/users\/1788"}],"replies":[{"embeddable":true,"href":"https:\/\/linitiative.ca\/International\/wp-json\/wp\/v2\/comments?post=82015"}],"version-history":[{"count":0,"href":"https:\/\/linitiative.ca\/International\/wp-json\/wp\/v2\/posts\/82015\/revisions"}],"wp:attachment":[{"href":"https:\/\/linitiative.ca\/International\/wp-json\/wp\/v2\/media?parent=82015"}],"wp:term":[{"taxonomy":"category","embeddable":true,"href":"https:\/\/linitiative.ca\/International\/wp-json\/wp\/v2\/categories?post=82015"},{"taxonomy":"post_tag","embeddable":true,"href":"https:\/\/linitiative.ca\/International\/wp-json\/wp\/v2\/tags?post=82015"}],"curies":[{"name":"wp","href":"https:\/\/api.w.org\/{rel}","templated":true}]}}