{"id":82018,"date":"2020-04-12T08:41:08","date_gmt":"2020-04-12T12:41:08","guid":{"rendered":"https:\/\/linitiative.ca\/International\/fort-engagement-de-la-direction-regionale-des-douanes-du-centre-sud-a-marrakech\/"},"modified":"2020-04-12T08:41:08","modified_gmt":"2020-04-12T12:41:08","slug":"fort-engagement-de-la-direction-regionale-des-douanes-du-centre-sud-a-marrakech","status":"publish","type":"post","link":"https:\/\/linitiative.ca\/International\/fort-engagement-de-la-direction-regionale-des-douanes-du-centre-sud-a-marrakech\/","title":{"rendered":"Fort engagement de la Direction r\u00e9gionale des Douanes du Centre- sud \u00e0 Marrakech"},"content":{"rendered":"<p><iframe loading=\"lazy\" width=\"1170\" height=\"658\" src=\"https:\/\/www.youtube.com\/embed\/G02pSIKQKwc?start=5&amp;feature=oembed\" frameborder=\"0\" allow=\"accelerometer; autoplay; encrypted-media; gyroscope; picture-in-picture\" allowfullscreen=\"\">[embedded content]<\/iframe><\/p>\n<div class=\"single-post-excerpt post-excerpt-bc\" readability=\"39\">\n<p>Les fonctionnaires de la Direction R\u00e9gionale des Douanes du Centre- sud \u00e0 Marrakech ont grandement contribu\u00e9 \u00e0 une campagne de don de sang, organis\u00e9e dans la cit\u00e9 ocre, dans le cadre des actions men\u00e9es \u00e0 l\u2019\u00e9chelle nationale, en vue de renflouer les stocks de cette mati\u00e8re vitale qui accusent un d\u00e9ficit en cette conjoncture exceptionnelle, marqu\u00e9e par la propagation du nouveau coronavirus (Covid-19).<\/p>\n<\/div>\n<p>Auteur: Meriem IGASS<br \/>\n<a href=\"http:\/\/www.mapmarrakech.ma\/fr\/fort-engagement-de-la-direction-regionale-des-douanes-du-centre-sud-a-marrakech\/\">Cliquez ici pour lire l&rsquo;article depuis sa source.<\/a><\/p>\n","protected":false},"excerpt":{"rendered":"<p>[embedded content] Les fonctionnaires de la Direction R\u00e9gionale des Douanes du Centre- sud \u00e0 Marrakech ont grandement contribu\u00e9 \u00e0 une campagne de don de sang, organis\u00e9e dans la cit\u00e9 ocre, dans le cadre des actions men\u00e9es \u00e0 l\u2019\u00e9chelle nationale, en vue de renflouer les stocks de cette mati\u00e8re vitale qui accusent un d\u00e9ficit en cette [&hellip;]<\/p>\n","protected":false},"author":1788,"featured_media":0,"comment_status":"closed","ping_status":"closed","sticky":false,"template":"","format":"standard","meta":{"fifu_image_url":"","fifu_image_alt":"","footnotes":""},"categories":[54,76],"tags":[],"class_list":["post-82018","post","type-post","status-publish","format-standard","hentry","category-maroc","category-regions"],"_links":{"self":[{"href":"https:\/\/linitiative.ca\/International\/wp-json\/wp\/v2\/posts\/82018","targetHints":{"allow":["GET"]}}],"collection":[{"href":"https:\/\/linitiative.ca\/International\/wp-json\/wp\/v2\/posts"}],"about":[{"href":"https:\/\/linitiative.ca\/International\/wp-json\/wp\/v2\/types\/post"}],"author":[{"embeddable":true,"href":"https:\/\/linitiative.ca\/International\/wp-json\/wp\/v2\/users\/1788"}],"replies":[{"embeddable":true,"href":"https:\/\/linitiative.ca\/International\/wp-json\/wp\/v2\/comments?post=82018"}],"version-history":[{"count":0,"href":"https:\/\/linitiative.ca\/International\/wp-json\/wp\/v2\/posts\/82018\/revisions"}],"wp:attachment":[{"href":"https:\/\/linitiative.ca\/International\/wp-json\/wp\/v2\/media?parent=82018"}],"wp:term":[{"taxonomy":"category","embeddable":true,"href":"https:\/\/linitiative.ca\/International\/wp-json\/wp\/v2\/categories?post=82018"},{"taxonomy":"post_tag","embeddable":true,"href":"https:\/\/linitiative.ca\/International\/wp-json\/wp\/v2\/tags?post=82018"}],"curies":[{"name":"wp","href":"https:\/\/api.w.org\/{rel}","templated":true}]}}