{"id":82020,"date":"2020-04-12T13:52:04","date_gmt":"2020-04-12T17:52:04","guid":{"rendered":"https:\/\/linitiative.ca\/International\/distribution-de-lots-de-bavettes-aux-habitants-des-douars\/"},"modified":"2020-04-12T13:52:04","modified_gmt":"2020-04-12T17:52:04","slug":"distribution-de-lots-de-bavettes-aux-habitants-des-douars","status":"publish","type":"post","link":"https:\/\/linitiative.ca\/International\/distribution-de-lots-de-bavettes-aux-habitants-des-douars\/","title":{"rendered":"Distribution de lots de bavettes aux habitants des douars"},"content":{"rendered":"<div class=\"single-featured\"><img alt=\"\" data-src=\"https:\/\/linitiative.ca\/International\/wp-content\/uploads\/sites\/23\/2020\/04\/distribution-des-masques-copier.jpg\"\/><\/div>\n<div class=\"single-post-excerpt post-excerpt-bc\" readability=\"36\">\n<p>Commune de Tazart (Province d\u2019Al Haouz) \u2013 Plusieurs lots de masques de protection ont \u00e9t\u00e9 distribu\u00e9s \u00e0 titre gracieux aux habitants des douars \u00e9loign\u00e9s relevant de la commune Tazart (province d\u2019Al Haouz) et ce, dans le cadre des efforts visant \u00e0 enrayer la propagation du coronavirus (Covid-19).<\/p>\n<\/div>\n<div class=\"entry-content clearfix single-post-content\" readability=\"60\">\n<p>Effectu\u00e9e par un comit\u00e9 local, sous la supervision du pr\u00e9sident du cercle de Touama et en coordination avec les autorit\u00e9s locales et le conseil de cette commune, cette initiative a cibl\u00e9 les habitants des douars \u00e9loign\u00e9s se trouvant dans l\u2019incapacit\u00e9 de faire le d\u00e9placement vers le centre de ladite commune pour se procurer ces bavettes.<\/p>\n<p>Cette initiative s\u2019inscrit en droite ligne des mesures pr\u00e9ventives adopt\u00e9es, et fait suite \u00e0 l\u2019entr\u00e9e en vigueur de la d\u00e9cision d\u2019imposer le port obligatoire des bavettes pour toute personne devant quitter son domicile dans le cadre des conditions fix\u00e9es par l\u2019\u00e9tat d\u2019urgence sanitaire.<\/p>\n<p>Outre cette initiative, des op\u00e9rations de d\u00e9sinfection et de st\u00e9rilisation se poursuivent au sein des douars relevant de la commune de Tazart afin d\u2019endiguer la propagation du coronavirus.<\/p>\n<p>Lors d\u2019une visite des membres du comit\u00e9 local dans diff\u00e9rents douars relevant de cette commune, il a \u00e9t\u00e9 proc\u00e9d\u00e9 \u00e0 l\u2019organisation d\u2019une campagne de sensibilisation aupr\u00e8s des habitants, afin de les inciter \u00e0 respecter les mesures pr\u00e9ventives adopt\u00e9es par les autorit\u00e9s comp\u00e9tentes au niveau national en vue d\u2019endiguer la propagation de cette pand\u00e9mie.<\/p>\n<p>Par la m\u00eame occasion, des explications leur ont \u00e9t\u00e9 fournies sur les proc\u00e9dures \u00e0 suivre pour b\u00e9n\u00e9ficier des aides financi\u00e8res allou\u00e9es aux m\u00e9nages notamment, pour les Ram\u00e9distes ainsi que les non-ram\u00e9distes.<\/p>\n<\/div>\n<p>Auteur: Meriem IGASS<br \/>\n<a href=\"http:\/\/www.mapmarrakech.ma\/fr\/distribution-de-lots-de-bavettes-aux-habitants-des-douars\/\">Cliquez ici pour lire l&rsquo;article depuis sa source.<\/a><\/p>\n","protected":false},"excerpt":{"rendered":"<p>Commune de Tazart (Province d\u2019Al Haouz) \u2013 Plusieurs lots de masques de protection ont \u00e9t\u00e9 distribu\u00e9s \u00e0 titre gracieux aux habitants des douars \u00e9loign\u00e9s relevant de la commune Tazart (province d\u2019Al Haouz) et ce, dans le cadre des efforts visant \u00e0 enrayer la propagation du coronavirus (Covid-19). Effectu\u00e9e par un comit\u00e9 local, sous la supervision [&hellip;]<\/p>\n","protected":false},"author":1788,"featured_media":82021,"comment_status":"closed","ping_status":"closed","sticky":false,"template":"","format":"standard","meta":{"fifu_image_url":"","fifu_image_alt":"","footnotes":""},"categories":[54,76],"tags":[],"class_list":["post-82020","post","type-post","status-publish","format-standard","has-post-thumbnail","hentry","category-maroc","category-regions"],"_links":{"self":[{"href":"https:\/\/linitiative.ca\/International\/wp-json\/wp\/v2\/posts\/82020","targetHints":{"allow":["GET"]}}],"collection":[{"href":"https:\/\/linitiative.ca\/International\/wp-json\/wp\/v2\/posts"}],"about":[{"href":"https:\/\/linitiative.ca\/International\/wp-json\/wp\/v2\/types\/post"}],"author":[{"embeddable":true,"href":"https:\/\/linitiative.ca\/International\/wp-json\/wp\/v2\/users\/1788"}],"replies":[{"embeddable":true,"href":"https:\/\/linitiative.ca\/International\/wp-json\/wp\/v2\/comments?post=82020"}],"version-history":[{"count":0,"href":"https:\/\/linitiative.ca\/International\/wp-json\/wp\/v2\/posts\/82020\/revisions"}],"wp:featuredmedia":[{"embeddable":true,"href":"https:\/\/linitiative.ca\/International\/wp-json\/"}],"wp:attachment":[{"href":"https:\/\/linitiative.ca\/International\/wp-json\/wp\/v2\/media?parent=82020"}],"wp:term":[{"taxonomy":"category","embeddable":true,"href":"https:\/\/linitiative.ca\/International\/wp-json\/wp\/v2\/categories?post=82020"},{"taxonomy":"post_tag","embeddable":true,"href":"https:\/\/linitiative.ca\/International\/wp-json\/wp\/v2\/tags?post=82020"}],"curies":[{"name":"wp","href":"https:\/\/api.w.org\/{rel}","templated":true}]}}