{"id":82022,"date":"2020-04-12T07:56:40","date_gmt":"2020-04-12T11:56:40","guid":{"rendered":"https:\/\/linitiative.ca\/International\/prise-en-charge-des-cas-de-covid-19-un-circuit-a-toute-epreuve-a-lehu-doran\/"},"modified":"2020-04-12T07:56:40","modified_gmt":"2020-04-12T11:56:40","slug":"prise-en-charge-des-cas-de-covid-19-un-circuit-a-toute-epreuve-a-lehu-doran","status":"publish","type":"post","link":"https:\/\/linitiative.ca\/International\/prise-en-charge-des-cas-de-covid-19-un-circuit-a-toute-epreuve-a-lehu-doran\/","title":{"rendered":"Prise en charge des cas de Covid-19: un circuit \u00e0 toute \u00e9preuve \u00e0 l&rsquo;EHU d&rsquo;Oran"},"content":{"rendered":"<div readability=\"39\">\n<p><strong>ORAN &#8211; D\u00e9sign\u00e9 comme centre Covid-19, l&rsquo;EHU \u00ab\u00a01er novembre\u00a0\u00bb d&rsquo;Oran a mis en place pour l&rsquo;accueil et la prise en charge des cas de Coronavirus, un circuit isolant qui se veut \u00ab\u00a0\u00e0 toute \u00e9preuve\u00a0\u00bb et \u00ab\u00a0sans lacunes\u00a0\u00bb en mati\u00e8re d&rsquo;isolation, d&rsquo;orientation et de prise en charge, expliquent ses concepteurs.<\/strong><\/p>\n<\/div>\n<div readability=\"175.194096239\">\n<p>Cinq espaces ont \u00e9t\u00e9 am\u00e9nag\u00e9s dans le circuit, de fa\u00e7on \u00e0 accueillir les malades pour ensuite les prendre en charge par cat\u00e9gories: \u00e0 commencer par les cas suspects pour aboutir en dernier lieu \u00e0 la r\u00e9animation pour les cas les plus critiques.<\/p>\n<p>La visite de cet endroit commence au centre de tri o\u00f9 les m\u00e9decins questionnent les patients, remplissent des formulaires et orientent les patients vers le service retenu pour leur prise en charge. Durant cette phase, ces derniers demeurent \u00e0 l&rsquo;ext\u00e9rieur et le m\u00e9decin communique avec eux \u00e0 travers une petite ouverture.<\/p>\n<blockquote readability=\"12\">\n<p><em><strong>Une atmosph\u00e8re particuli\u00e8re r\u00e8gne \u00e0 l&rsquo;EHU. Il y a moins d&rsquo;affluence de malades et d&rsquo;accompagnateurs que d&rsquo;habitude. Une ambulance vient d&rsquo;\u00e9vacuer un malade venu de Mascara. Le visage blafard et les yeux creux, le malade, un sexag\u00e9naire, semble plus angoiss\u00e9 par cette ambiance lourde qui p\u00e8se sur les lieux, que par son propre \u00e9tat.<\/strong><\/em><\/p>\n<\/blockquote>\n<p>Son accompagnateur, un jeune homme, scrute l&rsquo;\u00e9quipe de l&rsquo;APS, portant des tenues d&rsquo;isolement r\u00e9serv\u00e9es aux m\u00e9decins. \u00ab\u00a0O\u00f9 va-t-on l&#8217;emmener ?\u00a0\u00bb, questionne-t-il, le regard plein d&rsquo;inqui\u00e9tude. La r\u00e9ponse ne tardera pas \u00e0 venir de l&rsquo;int\u00e9rieur de la salle : \u00ab\u00a0Au service de cardiologie\u00a0\u00bb, lance le m\u00e9decin.<\/p>\n<hr\/>\n<h3>Lire aussi:\u00a0<a href=\"http:\/\/www.aps.dz\/sante-science-technologie\/103940-covid-19-l-etat-determine-a-mobiliser-le-maximum-de-moyens-possibles\" target=\"_blank\" rel=\"noopener noreferrer\">Covid-19: l&rsquo;Etat d\u00e9termin\u00e9 \u00e0 mobiliser \u00ab\u00a0le maximum\u00a0\u00bb de moyens possibles<\/a><\/h3>\n<hr\/>\n<p>Les cas pr\u00e9sentant des sympt\u00f4mes d&rsquo;infection au Coronavirus et ceux qui d\u00e9clarent avoir eu un contact avec une personne contamin\u00e9e av\u00e9r\u00e9e sont orient\u00e9s, pour leur part, vers l&rsquo;ancienne cr\u00e8che. C&rsquo;est au niveau de ce b\u00e2timent de deux \u00e9tages que sont accueillis, en premier lieu, les cas suspects.<\/p>\n<p>A l&rsquo;entr\u00e9e du b\u00e2timent, un petit nombre de personnes occupe la salle d&rsquo;attente. Un couple affirme \u00eatre l\u00e0 depuis plus de trois heures. Assis sur un banc, l&rsquo;homme, un trentenaire, est secou\u00e9 d&rsquo;une toux s\u00e8che. Son \u00e9pouse, agripp\u00e9e \u00e0 son bras, semble accabl\u00e9e par l&rsquo;inqui\u00e9tude. Son regard furtif exprime toute sa d\u00e9tresse et son d\u00e9sarroi.<\/p>\n<p>M\u00e9decins et infirmiers vont et viennent. La mine grave. Le pas rapide. Le couple attend avec impatience le r\u00e9sultat.<\/p>\n<p>Le trentenaire est un chauffeur de taxi. Souffrant de fi\u00e8vre et de toux depuis la veille, il a d\u00e9cid\u00e9 de se pr\u00e9senter \u00e0 l&rsquo;h\u00f4pital pour un d\u00e9pistage. Le Pr. Tayeb, infectiologue et chef du centre, a d\u00e9cid\u00e9 de lui faire un scanner pour v\u00e9rifier si les poumons du malade ne pr\u00e9sentent pas des l\u00e9sions indiquant une infection au Covid-19.<\/p>\n<hr\/>\n<h3>Lire aussi:\u00a0<a href=\"http:\/\/www.aps.dz\/sante-science-technologie\/103939-nouvelles-mesures-pour-fournir-la-chloroquine-aux-patients-atteints-de-certaines-maladies-auto-immunes\" target=\"_blank\" rel=\"noopener noreferrer\">Des mesures pour fournir la chloroquine aux patients atteints de certaines maladies auto-immunes<\/a><\/h3>\n<hr\/>\n<p>Les r\u00e9sultats du scanner tardent \u00e0 arriver. Un m\u00e9decin vient expliquer au couple que l&rsquo;op\u00e9ration risque de prendre encore un peu de temps. R\u00e9sign\u00e9es, les deux personnes prennent leur mal en patience.<\/p>\n<p>\u00ab\u00a0Nous recourons au scanner pour les cas infect\u00e9s depuis un certain temps et pr\u00e9sentant des sympt\u00f4mes li\u00e9s \u00e0 la toux ou \u00e0 la respiration\u00a0\u00bb, explique le Pr Tayeb.<\/p>\n<p>Le jeune homme aurait contract\u00e9 le virus avant l&rsquo;entr\u00e9e en vigueur de la mesure d&rsquo;interdiction des transports publics prise \u00e0 la mi-mars. Une raison de plus pour utiliser le scanner comme moyen de d\u00e9pistage.<\/p>\n<blockquote readability=\"10\">\n<p><em><strong>\u00ab\u00a0Nous n&rsquo;avons pas les moyens de d\u00e9pister toutes les personnes qui viennent \u00e0 l&rsquo;h\u00f4pital, soit une trentaine en moyenne par jour. Nous faisons des tests aux seules personnes pr\u00e9sentant de forts sympt\u00f4mes ou de forts risques de contamination\u00a0\u00bb, souligne le Pr Tayeb. Les autres sont pri\u00e9s de rester en confinement chez elles ou confin\u00e9es au niveau de la cr\u00e8che qui dispose de 10 chambres.<\/strong><\/em><\/p>\n<\/blockquote>\n<p>Pour le jeune chauffeur de taxi, le scanner a \u00e9t\u00e9 fait au niveau de l&rsquo;EHU. Le r\u00e9sultat de cet examen d\u00e9terminera s&rsquo;il doit rentrer chez lui, une ordonnance de traitement \u00e0 la main, soit est admis, lui et sa compagne, \u00e0 l&rsquo;h\u00f4pital pour une dur\u00e9e ind\u00e9termin\u00e9e, a-t-on expliqu\u00e9.<\/p>\n<p class=\"c29\"><strong>Ambiance particuli\u00e8re<\/strong><\/p>\n<p>C&rsquo;est d&rsquo;ailleurs le cas d&rsquo;une jeune fille et de sa m\u00e8re qui viennent d&rsquo;\u00eatre orient\u00e9es au service de pneumologie, am\u00e9nag\u00e9 comme espace d&rsquo;accueil des malades asymptomatiques.<\/p>\n<p>Les deux femmes semblent bien portantes et ne pr\u00e9sentent aucun sympt\u00f4me. Elles seront pourtant confin\u00e9es, avec un couple -des parents test\u00e9s positifs- avec qui elles ont s\u00e9journ\u00e9 pendant quelques jours.<\/p>\n<p>C&rsquo;est le Pr Salah Lellou, chef du service de pneumologie qui g\u00e8re l&rsquo;espace des covid19 asymptomatiques. Ils restent sur place tant qu&rsquo;ils ne pr\u00e9sentent pas de probl\u00e8mes respiratoires. Le Pr. Lellou les surveille de tr\u00e8s pr\u00e8s. Au moindre signe de complication, les malades sont transf\u00e9r\u00e9s un \u00e9tage plus bas, au service ORL qui accueille les malades en difficult\u00e9 respiratoire.<\/p>\n<hr\/>\n<h3>Lire aussi:\u00a0<a href=\"http:\/\/www.aps.dz\/sante-science-technologie\/103918-covid-19-pas-de-complications-chez-les-patients-traites-a-la-chloroquine\" target=\"_blank\" rel=\"noopener noreferrer\">Covid-19: pas de complications chez les patients trait\u00e9s \u00e0 la Chloroquine<\/a><\/h3>\n<hr\/>\n<p>\u00ab\u00a0Le service ORL est tout pr\u00e8s de celui de la r\u00e9animation, et dans les cas de complications graves, le patient sera rapidement transf\u00e9r\u00e9 \u00e0 la r\u00e9animation\u00a0\u00bb, explique le sp\u00e9cialiste.<\/p>\n<p>Au service pneumologie, une ambiance \u00ab\u00a0moins pesante\u00a0\u00bb r\u00e8gne dans les couloirs et les chambres. Il est difficile de r\u00e9aliser la gravit\u00e9 de la maladie lorsqu&rsquo;on se retrouve face \u00e0 des personnes bien portantes, comme ce couple, qui a contract\u00e9 la maladie lors d&rsquo;un s\u00e9jour en Espagne.<\/p>\n<p>Le couple a accept\u00e9 de partager un moment de cette p\u00e9riode particuli\u00e8re de sa vie, accueillant la journaliste de l&rsquo;APS dans l&rsquo;intimit\u00e9 de leur chambre d&rsquo;h\u00f4pital. Le couple est convivial et communicatif. Le moment est presque ordinaire si ce n&rsquo;est ces masques qui cachent leur bouche et viennent vous rappeler \u00e0 l&rsquo;ordre.<\/p>\n<p class=\"c29\"><strong>Sc\u00e8ne surr\u00e9aliste<\/strong><\/p>\n<p>L&rsquo;homme et la femme sont sous chloroquine depuis la veille. Ils ont interrompu leur vie professionnelle et familiale depuis leur retour d&rsquo;Espagne il y a plus de 3 semaines. Ils se disent tr\u00e8s conscients de la situation. Ils avaient opt\u00e9 pour une quarantaine bien avant la d\u00e9cision de confiner tout voyageur rentrant de l&rsquo;\u00e9tranger.<\/p>\n<blockquote readability=\"10\">\n<p><em><strong>L&rsquo;ambiance est beaucoup plus lourde au service de r\u00e9animation. Sept malades sont intub\u00e9s. Ils se trouvent dans un \u00e9tat grave. Pour acc\u00e9der \u00e0 leur chambre, le \u00a0\u00bb visiteur \u00a0\u00bb doit franchir cinq portes. Il doit porter une tenue et un \u00e9quipement de protection particulier, encore plus isolant pour passer d&rsquo;une partie du service \u00e0 une autre.<\/strong><\/em><\/p>\n<\/blockquote>\n<p>La sc\u00e8ne est surr\u00e9aliste. Elle semble sortir tout droit d&rsquo;un film de science-fiction. M\u00e9decins et infirmiers, portant des tenues d&rsquo;isolation. L&rsquo;atmosph\u00e8re est feutr\u00e9e. Pas un bruit ne vient troubler ce silence pesant. \u00ab\u00a0Le risque d&rsquo;infection est multipli\u00e9 par 150 dans les chambres\u00a0\u00bb, explique le Pr Khemliche Belarbi, le chef de service r\u00e9animation.<\/p>\n<hr\/>\n<h3>Lire aussi:\u00a0<a href=\"http:\/\/www.aps.dz\/sante-science-technologie\/103932-coronavirus-64-nouveaux-cas-confirmes-en-algerie\" target=\"_blank\" rel=\"noopener noreferrer\">Coronavirus : 64 nouveaux cas confirm\u00e9s en Alg\u00e9rie<\/a><\/h3>\n<hr\/>\n<blockquote readability=\"11\">\n<p><em><strong>La protection des \u00e9quipes m\u00e9dicales est le cheval de bataille du patron de la R\u00e9animation. Intransigeant, il estime qu&rsquo;il est de son devoir d&rsquo;assurer les moyens pour que ses \u00e9quipes exercent leurs missions tout en \u00e9tant prot\u00e9g\u00e9s. \u00ab\u00a0Pour l&rsquo;instant, les moyens de protection sont disponibles\u00a0\u00bb, assure-t-il.<\/strong><\/em><\/p>\n<\/blockquote>\n<p>Le service dispose de 14 lits de r\u00e9animation. \u00ab\u00a0La capacit\u00e9 peut \u00eatre \u00e9tendue jusqu&rsquo;\u00e0 35 places\u00a0\u00bb, a-t-il indiqu\u00e9, tout en reconnaissant que la prise en charge d&rsquo;un patient intub\u00e9 est lourde aussi bien sur le plan humain que mat\u00e9riel.<\/p>\n<p>Le Pr. Khemliche ne peut pas se prononcer sur l&rsquo;\u00e9volution de l&rsquo;\u00e9tat sanitaire des malades. Il esp\u00e8re voir le nombre de cas Covid19 baisser. \u00ab\u00a0Le confinement et les gestes barri\u00e8res sont les seuls moyens pour y arriver\u00a0\u00bb, estime-t-il.<\/p>\n<\/div>\n<p>Auteur:<br \/>\n<a href=\"http:\/\/www.aps.dz\/regions\/103946-prise-en-charge-des-cas-de-covid-19-un-circuit-a-toute-epreuve-a-l-ehu-d-oran\">Cliquez ici pour lire l&rsquo;article depuis sa source.<\/a><\/p>\n","protected":false},"excerpt":{"rendered":"<p>ORAN &#8211; D\u00e9sign\u00e9 comme centre Covid-19, l&rsquo;EHU \u00ab\u00a01er novembre\u00a0\u00bb d&rsquo;Oran a mis en place pour l&rsquo;accueil et la prise en charge des cas de Coronavirus, un circuit isolant qui se veut \u00ab\u00a0\u00e0 toute \u00e9preuve\u00a0\u00bb et \u00ab\u00a0sans lacunes\u00a0\u00bb en mati\u00e8re d&rsquo;isolation, d&rsquo;orientation et de prise en charge, expliquent ses concepteurs. Cinq espaces ont \u00e9t\u00e9 am\u00e9nag\u00e9s dans [&hellip;]<\/p>\n","protected":false},"author":1790,"featured_media":0,"comment_status":"closed","ping_status":"closed","sticky":false,"template":"","format":"standard","meta":{"fifu_image_url":"","fifu_image_alt":"","footnotes":""},"categories":[53,76],"tags":[],"class_list":["post-82022","post","type-post","status-publish","format-standard","hentry","category-algerie","category-regions"],"_links":{"self":[{"href":"https:\/\/linitiative.ca\/International\/wp-json\/wp\/v2\/posts\/82022","targetHints":{"allow":["GET"]}}],"collection":[{"href":"https:\/\/linitiative.ca\/International\/wp-json\/wp\/v2\/posts"}],"about":[{"href":"https:\/\/linitiative.ca\/International\/wp-json\/wp\/v2\/types\/post"}],"author":[{"embeddable":true,"href":"https:\/\/linitiative.ca\/International\/wp-json\/wp\/v2\/users\/1790"}],"replies":[{"embeddable":true,"href":"https:\/\/linitiative.ca\/International\/wp-json\/wp\/v2\/comments?post=82022"}],"version-history":[{"count":0,"href":"https:\/\/linitiative.ca\/International\/wp-json\/wp\/v2\/posts\/82022\/revisions"}],"wp:attachment":[{"href":"https:\/\/linitiative.ca\/International\/wp-json\/wp\/v2\/media?parent=82022"}],"wp:term":[{"taxonomy":"category","embeddable":true,"href":"https:\/\/linitiative.ca\/International\/wp-json\/wp\/v2\/categories?post=82022"},{"taxonomy":"post_tag","embeddable":true,"href":"https:\/\/linitiative.ca\/International\/wp-json\/wp\/v2\/tags?post=82022"}],"curies":[{"name":"wp","href":"https:\/\/api.w.org\/{rel}","templated":true}]}}