{"id":82023,"date":"2020-04-12T08:15:22","date_gmt":"2020-04-12T12:15:22","guid":{"rendered":"https:\/\/linitiative.ca\/International\/oran-arrestation-dune-bande-de-malfaiteurs-pour-atteinte-a-lordre-public-incitation-a-la-violation-du-confinement-partiel-et-agressions-sur-policiers\/"},"modified":"2020-04-12T08:15:22","modified_gmt":"2020-04-12T12:15:22","slug":"oran-arrestation-dune-bande-de-malfaiteurs-pour-atteinte-a-lordre-public-incitation-a-la-violation-du-confinement-partiel-et-agressions-sur-policiers","status":"publish","type":"post","link":"https:\/\/linitiative.ca\/International\/oran-arrestation-dune-bande-de-malfaiteurs-pour-atteinte-a-lordre-public-incitation-a-la-violation-du-confinement-partiel-et-agressions-sur-policiers\/","title":{"rendered":"Oran: arrestation d\u2019une bande de malfaiteurs pour atteinte \u00e0 l\u2019ordre public, incitation \u00e0 la violation du confinement partiel et agressions sur policiers"},"content":{"rendered":"<div readability=\"41\">\n<p><strong>ORAN &#8211; Les services de la s\u00fbret\u00e9 de wilaya d\u2019Oran ont mis fin aux activit\u00e9s d\u2019une \u00ab\u00a0dangereuse\u00a0\u00bb bande de malfaiteurs compos\u00e9e de six (06) personnes, impliqu\u00e9es dans une affaire d\u2019atteinte \u00e0 l\u2019ordre public, violation et incitation \u00e0 la violation du confinement partiel, agression contre les forces de l\u2019ordre et des actions mettant en p\u00e9ril la sant\u00e9 publique, a-t-on appris, dimanche, de ce corps de s\u00e9curit\u00e9.<\/strong><\/p>\n<\/div>\n<div readability=\"90\">\n<p>\u00ab\u00a0Dans le cadre de la lutte contre la criminalit\u00e9, notamment en ce qui concerne la lutte contre l&rsquo;atteinte \u00e0 l\u2019ordre public et l\u2019application du confinement partiel instaur\u00e9 dans la wilaya pour pr\u00e9venir la propagation de l\u2019\u00e9pid\u00e9mie du coronavirus, ainsi que l\u2019atteinte \u00e0 la sant\u00e9 publique, la premi\u00e8re Brigade de Recherche et d\u2019Intervention (BRI1), relevant des services de la police judiciaire de la s\u00fbret\u00e9 de wilaya d\u2019Oran, a mis fin aux agissements d\u2019une dangereuse bande de malfaiteurs compos\u00e9e de six (06) personnes, \u00e2g\u00e9es entre 20 et 30 ans, tous des repris de justice, dont un faisant l\u2019objet de recherches\u00a0\u00bb, a indiqu\u00e9 la cellule de communication et des relations publiques (CCRP), de ce corps de s\u00e9curit\u00e9.<\/p>\n<p>\u00ab\u00a0Les individus arr\u00eat\u00e9s lors de cette affaire sont impliqu\u00e9s dans une affaire d\u2019atteinte \u00e0 l\u2019ordre public, violation et incitation \u00e0 la violation du confinement partiel et \u00e0 l\u2019attroupement, agression contre les forces de l\u2019ordre durant l\u2019exercice de leurs missions et des actions compromettant la sant\u00e9 publique, avec utilisation d\u2019armes blanches, ainsi que la d\u00e9tention et la commercialisation de psychotropes\u00a0\u00bb, a-t-on expliqu\u00e9 de m\u00eame source.<\/p>\n<p>L&rsquo;affaire remonte \u00e0 jeudi dernier, vers 16 heures, lors d\u2019une patrouille des policiers sillonnant les art\u00e8res d\u2019Oran dans le cadre de l\u2019application des mesures du confinement partiel instaur\u00e9es par les autorit\u00e9s publiques pour lutter contre la propagation de l\u2019\u00e9pid\u00e9mie du\u00a0 coronavirus, et en exploitant des informations faisant \u00e9tat d\u2019une bande de malfaiteurs incitant les habitants d\u2019une cit\u00e9 au niveau du quartier d\u2019Es-Seddikia \u00e0 la violation du confinement, afin de faciliter leur activit\u00e9 de commercialisation de psychotropes et autres stup\u00e9fiants, les \u00e9l\u00e9ments de la BRI1 ont entam\u00e9 leurs investigations sur le terrain et ont r\u00e9ussi \u00e0 identifier le principal mis en cause dans cette affaire et \u00e0 localiser son domicile.<\/p>\n<p>Cependant, les policiers ont rencontr\u00e9 une violente r\u00e9sistance dans leur intervention pour l\u2019arrestation de l\u2019individu en question et ont m\u00eame fait l\u2019objet de violences de la part de cet individu, qui n\u2019a pas h\u00e9sit\u00e9 \u00e0 tirer sur un policier \u00e0 l\u2019aide d\u2019un fusil \u00e0 harpon, indique la m\u00eame source, ajoutant que 5 autres individus impliqu\u00e9s dans cette affaire ont \u00e9t\u00e9 arr\u00eat\u00e9s.<\/p>\n<p>Apr\u00e8s la perquisition des domiciles des mis en cause, les policiers ont saisi plusieurs armes blanches de diff\u00e9rents calibres, un fusil \u00e0 harpon, ainsi qu\u2019une quantit\u00e9 de comprim\u00e9s psychotropes et des jantes de v\u00e9hicules qui ont servi \u00e0 l\u2019agression des policiers en les lan\u00e7ant sur eux du haut des immeubles.<\/p>\n<p>Un t\u00e9l\u00e9phone mobile contenant des vid\u00e9os incitant \u00e0 la violation du confinement partiel que des membres de cette bande s\u2019appr\u00eataient \u00e0 diffuser sur Internet a \u00e9t\u00e9 saisi, indique la m\u00eame source, ajoutant que les six individus seront pr\u00e9sent\u00e9s, incessamment, devant la justice.<\/p>\n<\/div>\n<p>Auteur:<br \/>\n<a href=\"http:\/\/www.aps.dz\/regions\/103948-oran-arrestation-d-une-bande-de-malfaiteurs-pour-atteinte-a-l-ordre-public-incitation-a-la-violation-du-confinement-partiel-et-agressions-sur-policiers\">Cliquez ici pour lire l&rsquo;article depuis sa source.<\/a><\/p>\n","protected":false},"excerpt":{"rendered":"<p>ORAN &#8211; Les services de la s\u00fbret\u00e9 de wilaya d\u2019Oran ont mis fin aux activit\u00e9s d\u2019une \u00ab\u00a0dangereuse\u00a0\u00bb bande de malfaiteurs compos\u00e9e de six (06) personnes, impliqu\u00e9es dans une affaire d\u2019atteinte \u00e0 l\u2019ordre public, violation et incitation \u00e0 la violation du confinement partiel, agression contre les forces de l\u2019ordre et des actions mettant en p\u00e9ril la [&hellip;]<\/p>\n","protected":false},"author":1790,"featured_media":0,"comment_status":"closed","ping_status":"closed","sticky":false,"template":"","format":"standard","meta":{"fifu_image_url":"","fifu_image_alt":"","footnotes":""},"categories":[53,76],"tags":[],"class_list":["post-82023","post","type-post","status-publish","format-standard","hentry","category-algerie","category-regions"],"_links":{"self":[{"href":"https:\/\/linitiative.ca\/International\/wp-json\/wp\/v2\/posts\/82023","targetHints":{"allow":["GET"]}}],"collection":[{"href":"https:\/\/linitiative.ca\/International\/wp-json\/wp\/v2\/posts"}],"about":[{"href":"https:\/\/linitiative.ca\/International\/wp-json\/wp\/v2\/types\/post"}],"author":[{"embeddable":true,"href":"https:\/\/linitiative.ca\/International\/wp-json\/wp\/v2\/users\/1790"}],"replies":[{"embeddable":true,"href":"https:\/\/linitiative.ca\/International\/wp-json\/wp\/v2\/comments?post=82023"}],"version-history":[{"count":0,"href":"https:\/\/linitiative.ca\/International\/wp-json\/wp\/v2\/posts\/82023\/revisions"}],"wp:attachment":[{"href":"https:\/\/linitiative.ca\/International\/wp-json\/wp\/v2\/media?parent=82023"}],"wp:term":[{"taxonomy":"category","embeddable":true,"href":"https:\/\/linitiative.ca\/International\/wp-json\/wp\/v2\/categories?post=82023"},{"taxonomy":"post_tag","embeddable":true,"href":"https:\/\/linitiative.ca\/International\/wp-json\/wp\/v2\/tags?post=82023"}],"curies":[{"name":"wp","href":"https:\/\/api.w.org\/{rel}","templated":true}]}}