{"id":82025,"date":"2020-04-12T13:17:19","date_gmt":"2020-04-12T17:17:19","guid":{"rendered":"https:\/\/linitiative.ca\/International\/khenchela-lancement-dune-caravane-de-solidarite-au-profit-de-demunis-des-zones-dombre\/"},"modified":"2020-04-12T13:17:19","modified_gmt":"2020-04-12T17:17:19","slug":"khenchela-lancement-dune-caravane-de-solidarite-au-profit-de-demunis-des-zones-dombre","status":"publish","type":"post","link":"https:\/\/linitiative.ca\/International\/khenchela-lancement-dune-caravane-de-solidarite-au-profit-de-demunis-des-zones-dombre\/","title":{"rendered":"Khenchela : lancement d&rsquo;une caravane de solidarit\u00e9 au profit de d\u00e9munis des zones d\u2019ombre"},"content":{"rendered":"<div readability=\"34\">\n<p><em><strong>KHENCHELA- Une caravane de solidarit\u00e9 charg\u00e9e de colis de denr\u00e9es alimentaires a \u00e9t\u00e9 lanc\u00e9e dimanche au profit de 355 m\u00e9nages d\u00e9munis des zones d\u2019ombre de sept (7) communes de la wilaya de Khenchela.<\/strong><\/em><\/p>\n<\/div>\n<div readability=\"69.1578947368\">\n<p>Lanc\u00e9e depuis le si\u00e8ge du centre psychop\u00e9dagogique pour enfants d\u00e9ficients mentaux, la caravane cible les habitants des zones d\u2019ombre des communes de Tamza, Bagha\u00ef, R\u2019mila, El Mehmel, Ouled Rechach, El Hamma et Khenchela, a pr\u00e9cis\u00e9 le directeur de l\u2019action sociale et de la solidarit\u00e9, Nacer Melouah.<\/p>\n<p>Organis\u00e9e dans le cadre de la mise en \u0153uvre des instructions du minist\u00e8re de tutelle pr\u00e9conisant une campagne de solidarit\u00e9 en direction des populations pr\u00e9caires en cette conjoncture d\u2019\u00e9pid\u00e9mie du coronavirus, la caravane est la troisi\u00e8me du genre \u00e0 \u00eatre men\u00e9e en deux semaine et sera suivie par des actions similaires qui cibleront les communes de Babar, Djellal, Ch\u00e9lia, Ka\u00efs, Khir\u00e8ne et Lemsara, a assur\u00e9 le m\u00eame cadre.<\/p>\n<hr\/>\n<h3>Lire aussi: <a href=\"\/proxy\/38dcabc4\/http\/www.aps.dz\/societe\/103607-covid-19-une-caravane-de-solidarite-au-profit-des-categories-demunies-envoyer-depuis-alger\" target=\"_blank\" rel=\"noopener noreferrer\">Bordj BouArr\u00e9ridj-Covid19: d\u00e9part d\u2019une caravane de solidarit\u00e9 vers Blida<\/a><\/h3>\n<hr\/>\n<p>Chaque commune b\u00e9n\u00e9ficie de 50 colis et chaque colis alimentaire comprend un sac de semoule, huile, lait, tomate, l\u00e9gumes secs, p\u00e2tes, sucre et caf\u00e9 suffisant aux besoins d\u2019une famille pour trois semaines, selon la m\u00eame source.<\/p>\n<p>Le m\u00eame cadre a salu\u00e9 la contribution de la direction des services agricoles dont l\u2019appel lanc\u00e9 vers les agriculteurs et investisseurs du secteur a re\u00e7u un large \u00e9cho.<\/p>\n<p>Il a \u00e9galement pr\u00e9cis\u00e9 que la liste des familles b\u00e9n\u00e9ficiaires de l\u2019op\u00e9ration sont \u00e9tablies avec le concours des cellules de proximit\u00e9 de solidarit\u00e9, des \u00e9lus locaux et des animateurs des comit\u00e9s de quartiers.<\/p>\n<\/div>\n<p>Auteur:<br \/>\n<a href=\"http:\/\/www.aps.dz\/regions\/103965-khenchela-lancement-d-une-caravane-de-solidarite-au-profit-de-demunis-des-zones-d-ombre\">Cliquez ici pour lire l&rsquo;article depuis sa source.<\/a><\/p>\n","protected":false},"excerpt":{"rendered":"<p>KHENCHELA- Une caravane de solidarit\u00e9 charg\u00e9e de colis de denr\u00e9es alimentaires a \u00e9t\u00e9 lanc\u00e9e dimanche au profit de 355 m\u00e9nages d\u00e9munis des zones d\u2019ombre de sept (7) communes de la wilaya de Khenchela. Lanc\u00e9e depuis le si\u00e8ge du centre psychop\u00e9dagogique pour enfants d\u00e9ficients mentaux, la caravane cible les habitants des zones d\u2019ombre des communes de [&hellip;]<\/p>\n","protected":false},"author":1790,"featured_media":0,"comment_status":"closed","ping_status":"closed","sticky":false,"template":"","format":"standard","meta":{"fifu_image_url":"","fifu_image_alt":"","footnotes":""},"categories":[53,76],"tags":[],"class_list":["post-82025","post","type-post","status-publish","format-standard","hentry","category-algerie","category-regions"],"_links":{"self":[{"href":"https:\/\/linitiative.ca\/International\/wp-json\/wp\/v2\/posts\/82025","targetHints":{"allow":["GET"]}}],"collection":[{"href":"https:\/\/linitiative.ca\/International\/wp-json\/wp\/v2\/posts"}],"about":[{"href":"https:\/\/linitiative.ca\/International\/wp-json\/wp\/v2\/types\/post"}],"author":[{"embeddable":true,"href":"https:\/\/linitiative.ca\/International\/wp-json\/wp\/v2\/users\/1790"}],"replies":[{"embeddable":true,"href":"https:\/\/linitiative.ca\/International\/wp-json\/wp\/v2\/comments?post=82025"}],"version-history":[{"count":0,"href":"https:\/\/linitiative.ca\/International\/wp-json\/wp\/v2\/posts\/82025\/revisions"}],"wp:attachment":[{"href":"https:\/\/linitiative.ca\/International\/wp-json\/wp\/v2\/media?parent=82025"}],"wp:term":[{"taxonomy":"category","embeddable":true,"href":"https:\/\/linitiative.ca\/International\/wp-json\/wp\/v2\/categories?post=82025"},{"taxonomy":"post_tag","embeddable":true,"href":"https:\/\/linitiative.ca\/International\/wp-json\/wp\/v2\/tags?post=82025"}],"curies":[{"name":"wp","href":"https:\/\/api.w.org\/{rel}","templated":true}]}}