{"id":82027,"date":"2020-04-12T10:39:57","date_gmt":"2020-04-12T14:39:57","guid":{"rendered":"https:\/\/linitiative.ca\/International\/continuite-de-service-amendis-securise-ses-plans-de-travail\/"},"modified":"2020-04-12T10:39:57","modified_gmt":"2020-04-12T14:39:57","slug":"continuite-de-service-amendis-securise-ses-plans-de-travail","status":"publish","type":"post","link":"https:\/\/linitiative.ca\/International\/continuite-de-service-amendis-securise-ses-plans-de-travail\/","title":{"rendered":"Continuit\u00e9 de service: Amendis s\u00e9curise ses plans de travail"},"content":{"rendered":"<div class=\"dnd-atom-wrapper type-image context-sdl_editor_representation atom-align-right\" contenteditable=\"false\" readability=\"33.5\">\n<div class=\"dnd-drop-wrapper\">\n<div class=\"image\"><img loading=\"lazy\" decoding=\"async\" typeof=\"foaf:Image\" class=\"img-responsive\" src=\"https:\/\/linitiative.ca\/International\/wp-content\/uploads\/sites\/23\/2020\/04\/amendis-039.jpg\" width=\"413\" height=\"425\" alt=\"amendis-039.jpg\" title=\"amendis-039.jpg\"\/><\/div>\n<\/div>\n<div class=\"dnd-legend-wrapper\" contenteditable=\"true\" readability=\"12\">\n<p>Pour Amendis, la principale pr\u00e9occupation est le maintien du service public et la s\u00e9curit\u00e9 de ses employ\u00e9s. Mais lorsque des pannes, fuites ou autres surviennent, des \u00e9quipes de secours sont l\u00e0 <em>(Ph. Adam)<\/em><\/p>\n<\/div>\n<\/div>\n<p class=\"rtejustify\">Pour les entreprises charg\u00e9es du service public comme Amen\u00addis, la continuit\u00e9 de service est une priorit\u00e9 absolue, la s\u00e9curit\u00e9 de leurs collaborateurs aussi. \u00abNous devons continuer \u00e0 assurer notre mission de service public et maintenir la qua\u00adlit\u00e9 des services que nous d\u00e9livrons \u00e0 nos clients et aux citoyens, encore plus pendant cette p\u00e9riode excep\u00adtionnelle que vit le pays\u00bb, explique le management du groupe.<\/p>\n<p class=\"rtejustify\">Afin d\u2019assurer cette continuit\u00e9 tout en \u00e9vitant la propagation du virus, une organisation adapt\u00e9e a \u00e9t\u00e9 mise en place avec des plans de continuit\u00e9. L\u2019un des aspects les plus im\u00adportants concerne la garantie de la s\u00e9curit\u00e9 des collabora\u00adteurs de la soci\u00e9t\u00e9, une pr\u00e9oc\u00adcupation majeure du groupe depuis le d\u00e9marrage de ses activit\u00e9s en 2002.<\/p>\n<p class=\"rtejustify\">Des efforts qui sont particuli\u00e8rement ren\u00adforc\u00e9s en cette p\u00e9riode in\u00e9dite, assure l\u2019entreprise, avec une pr\u00e9conisation pour le respect rigoureux des gestes barri\u00e8res, des mesures de distanciation sociale, des r\u00e8gles sanitaires et des mesures de pr\u00e9vention des risques professionnels.<\/p>\n<p class=\"rtejustify\">L\u2019une des premi\u00e8res actions a \u00e9t\u00e9 la suspension des tourn\u00e9es des rele\u00adveurs. L\u2019objectif \u00e9tant d\u2019\u00e9viter tout risque de diffusion de la pand\u00e9mie, Amendis encourageant les clients \u00e0 lui envoyer eux-m\u00eames leur consom\u00admation d\u2019eau et d\u2019\u00e9lectricit\u00e9 via leur site web.<\/p>\n<p class=\"rtejustify\">De la sorte, la soci\u00e9t\u00e9 limite les d\u00e9placements des employ\u00e9s au strict n\u00e9cessaire, le reste \u00e9tant en mode t\u00e9\u00adl\u00e9travail. M\u00eame une partie des op\u00e9ra\u00adtions techniques se fait actuellement \u00e0 distance via les processus d\u2019auto\u00admatisation de la gestion des r\u00e9seaux d\u2019eau et d\u2019\u00e9lectricit\u00e9 entam\u00e9e de\u00adpuis plusieurs ann\u00e9es par Amendis.<\/p>\n<p class=\"rtejustify\">L\u2019op\u00e9rateur peut fermer et ouvrir des vannes, d\u00e9tecter des fuites, assurer des d\u00e9rivations de r\u00e9seau depuis ses centres de dispatching, limitant les interventions au strict minimum. Malgr\u00e9 tout, les interventions pour des cas pr\u00e9cis se poursuivent avec des fuites \u00e0 r\u00e9parer ou des r\u00e9seaux \u00e9lec\u00adtriques \u00e0 remettre en \u00e9tat.<\/p>\n<p class=\"rtejustify\"><em>Ali ABJIOU<\/em><\/p>\n<p>Auteur: hlafriqi<br \/>\n<a href=\"https:\/\/www.leconomiste.com\/article\/1060395-continuite-de-service-amendis-securise-ses-plans-de-travail\">Cliquez ici pour lire l&rsquo;article depuis sa source.<\/a><\/p>\n","protected":false},"excerpt":{"rendered":"<p>Pour Amendis, la principale pr\u00e9occupation est le maintien du service public et la s\u00e9curit\u00e9 de ses employ\u00e9s. Mais lorsque des pannes, fuites ou autres surviennent, des \u00e9quipes de secours sont l\u00e0 (Ph. Adam) Pour les entreprises charg\u00e9es du service public comme Amen\u00addis, la continuit\u00e9 de service est une priorit\u00e9 absolue, la s\u00e9curit\u00e9 de leurs collaborateurs [&hellip;]<\/p>\n","protected":false},"author":1763,"featured_media":82028,"comment_status":"closed","ping_status":"closed","sticky":false,"template":"","format":"standard","meta":{"fifu_image_url":"","fifu_image_alt":"","footnotes":""},"categories":[78,54],"tags":[],"class_list":["post-82027","post","type-post","status-publish","format-standard","has-post-thumbnail","hentry","category-economie","category-maroc"],"_links":{"self":[{"href":"https:\/\/linitiative.ca\/International\/wp-json\/wp\/v2\/posts\/82027","targetHints":{"allow":["GET"]}}],"collection":[{"href":"https:\/\/linitiative.ca\/International\/wp-json\/wp\/v2\/posts"}],"about":[{"href":"https:\/\/linitiative.ca\/International\/wp-json\/wp\/v2\/types\/post"}],"author":[{"embeddable":true,"href":"https:\/\/linitiative.ca\/International\/wp-json\/wp\/v2\/users\/1763"}],"replies":[{"embeddable":true,"href":"https:\/\/linitiative.ca\/International\/wp-json\/wp\/v2\/comments?post=82027"}],"version-history":[{"count":0,"href":"https:\/\/linitiative.ca\/International\/wp-json\/wp\/v2\/posts\/82027\/revisions"}],"wp:featuredmedia":[{"embeddable":true,"href":"https:\/\/linitiative.ca\/International\/wp-json\/"}],"wp:attachment":[{"href":"https:\/\/linitiative.ca\/International\/wp-json\/wp\/v2\/media?parent=82027"}],"wp:term":[{"taxonomy":"category","embeddable":true,"href":"https:\/\/linitiative.ca\/International\/wp-json\/wp\/v2\/categories?post=82027"},{"taxonomy":"post_tag","embeddable":true,"href":"https:\/\/linitiative.ca\/International\/wp-json\/wp\/v2\/tags?post=82027"}],"curies":[{"name":"wp","href":"https:\/\/api.w.org\/{rel}","templated":true}]}}