{"id":82029,"date":"2020-04-12T10:47:08","date_gmt":"2020-04-12T14:47:08","guid":{"rendered":"https:\/\/linitiative.ca\/International\/comment-le-covid-19-reveille-la-recherche-scientifique\/"},"modified":"2020-04-12T10:47:08","modified_gmt":"2020-04-12T14:47:08","slug":"comment-le-covid-19-reveille-la-recherche-scientifique","status":"publish","type":"post","link":"https:\/\/linitiative.ca\/International\/comment-le-covid-19-reveille-la-recherche-scientifique\/","title":{"rendered":"Comment le Covid-19 r\u00e9veille la recherche scientifique"},"content":{"rendered":"<div class=\"dnd-atom-wrapper type-image context-sdl_editor_representation\" contenteditable=\"false\">\n<div class=\"dnd-drop-wrapper\">\n<div class=\"image\"><img loading=\"lazy\" decoding=\"async\" typeof=\"foaf:Image\" class=\"img-responsive\" src=\"https:\/\/linitiative.ca\/International\/wp-content\/uploads\/sites\/23\/2020\/04\/saaid-amzazi-039.jpg\" width=\"660\" height=\"330\" alt=\"saaid-amzazi-039.jpg\" title=\"saaid-amzazi-039.jpg\"\/><\/div>\n<\/div>\n<\/div>\n<p class=\"rtejustify\">Saaid Amzazi est r\u00e9actif. Apr\u00e8s l\u2019enseignement \u00e0 distance, le ministre de l\u2019Education nationale et porte-parole du gouvernement a in\u00advesti le champ de la recherche scien\u00adtifique. Il a lanc\u00e9 un programme de recherche scientifique multidiscipli\u00adnaire en relation avec la pand\u00e9mie du Covid-19. Le montant pr\u00e9vu est de 10 millions de DH. Pour le ministre, deux choses ont motiv\u00e9 le lancement du programme de soutien.<\/p>\n<p class=\"rtejustify\">D\u2019abord, \u00able potentiel consid\u00e9rable que nous avons au sein de l\u2019universit\u00e9 maro\u00adcaine, avec des chercheurs et des sp\u00e9\u00adcialistes dans diff\u00e9rents domaines\u00bb. Apr\u00e8s l\u2019apparition de cette pand\u00e9mie, chacun dans son coin a initi\u00e9 des \u00e9tudes. Les math\u00e9maticiens ont com\u00admenc\u00e9 \u00e0 mod\u00e9liser, les \u00e9conomistes \u00e0 faire des pr\u00e9visions sur l\u2019impact \u00e9conomique,\u2026 \u00abCompte tenu de l\u2019effervescence de ces comp\u00e9tences et cette volont\u00e9 de se pencher sur ces questions, autant organiser ce travail\u00bb, s\u2019est-il dit.<\/p>\n<p class=\"rtejustify\">Ainsi, le ministre a r\u00e9uni les pr\u00e9si\u00addents des universit\u00e9s et leur a propos\u00e9 de constituer des groupes de cher\u00adcheurs qui veulent travailler durant cette p\u00e9riode cruciale. Son d\u00e9parte\u00adment les soutiendra financi\u00e8rement. L\u2019objectif de Saaid Amzazi est de \u00abcr\u00e9er un \u00e9cosyst\u00e8me multidiscipli\u00adnaire, capable de r\u00e9pondre \u00e0 un cer\u00adtain nombre de questions\u00bb.<\/p>\n<p class=\"rtejustify\">La pre\u00admi\u00e8re est d\u2019analyser et de comprendre la p\u00e9n\u00e9tration et la propagation de ce virus, sous ses diff\u00e9rents aspects. La deuxi\u00e8me question porte sur com\u00adment g\u00e9rer cette p\u00e9riode transitoire entre confinement, d\u00e9-confinement et retour \u00e0 la situation normale, ainsi que la relance de l\u2019\u00e9conomie,&#8230; La derni\u00e8re consiste \u00e0 tirer les enseigne\u00adments de ce type d\u2019\u00e9preuve. \u00abCar nous ne sommes pas \u00e0 l\u2019abri d\u2019une autre pand\u00e9mie mondiale dans les ann\u00e9es \u00e0 venir. Il s\u2019agit d\u2019avoir des m\u00e9canismes de veille, de surveillance et de r\u00e9acti\u00advit\u00e9 par rapport \u00e0 ce type de pand\u00e9\u00admie\u00bb, souligne le ministre.<\/p>\n<p class=\"rtejustify\">Saaid Amzazi n\u2019a rien laiss\u00e9 au hasard. Ainsi, il a organis\u00e9 cette op\u00e9\u00adration de bout en bout. Pour le pilo\u00adtage de ce travail multidisciplinaire, il a mis en place 4 p\u00f4les universitaires. Chaque p\u00f4le va d\u00e9signer un pr\u00e9\u00adsident d\u2019universit\u00e9 qui aura la charge de coordonner la mobilisation des chercheurs et la r\u00e9ception du projet. Une commission d\u2019\u00e9valuation a pour mission d\u2019expertiser ce travail avant de donner le feu vert pour le finance\u00adment.<\/p>\n<p class=\"rtejustify\">De m\u00eame un calendrier est fix\u00e9. Ainsi, pour l\u2019aspect scientifique, m\u00e9\u00addical et technologique, le d\u00e9lai pour livrer le produit est d\u2019une ann\u00e9e. Les pr\u00e9sidents d\u2019universit\u00e9 ont jusqu\u2019au 30 avril pour la soumission des pro\u00adjets pour que le r\u00e9sultat de l\u2019\u00e9valuation soit donn\u00e9 le 15 mai. Pour l\u2019aspect des sciences sociales et \u00e9conomiques, ils ont un d\u00e9lai de 6 mois pour le livrable, sachant que les dates de soumission et des r\u00e9sultats de l\u2019\u00e9valuation sont les m\u00eames.<\/p>\n<p class=\"rtejustify\">Par ailleurs, sur le plan social et psychologique, il est n\u00e9cessaire d\u2019aborder d\u2019autres aspects comme notamment le confinement sanitaire, la d\u00e9pression et la perte d\u2019emploi. Le dernier niveau est d\u2019ordre politique. Il faudra se pencher sur les mesures de l\u2019\u00e9tat de si\u00e8ge et la continuit\u00e9 des prestations et des services publics.<\/p>\n<p class=\"rtejustify\">Ce programme de recherche comporte surtout une grande part de la mod\u00e9li\u00adsation math\u00e9matique, de l\u2019intelligence artificielle et des big data,\u2026 L\u2019aspect technologique doit s\u2019attacher \u00e0 mettre en avant la conception et la production d\u2019\u00e9quipements m\u00e9dicaux ou d\u2019autres appareils utiles.<\/p>\n<blockquote readability=\"17\">\n<p class=\"rtecenter\"><strong><span>Synergie<\/span><\/strong><\/p>\n<p class=\"rtejustify\">Le minist\u00e8re ne dissimule pas sa volont\u00e9 d\u2019impliquer les diff\u00e9\u00adrents op\u00e9rateurs marocains dans le domaine de la recherche. Ainsi, pour une meilleure synergie des ressources humaines, financi\u00e8res et logistiques sur des projets de recherches multidimensionnelles, le d\u00e9partement a opt\u00e9 pour une m\u00e9thodologie consistant \u00e0 faire parti\u00adciper toutes les universit\u00e9s et des centres de recherche dans des p\u00f4les r\u00e9gionaux. Le premier concerne les structures dans les r\u00e9gions de Rabat-Sal\u00e9-K\u00e9nitra et celle de Tanger-T\u00e9touan-Al Hoce\u00efma. Si le 2e p\u00f4le porte sur les universit\u00e9s et centres de recherche de Casablanca-Settat, le 3e englobe les structures de 6 r\u00e9gions (Beni-Mellal-Kh\u00e9nifra, Marrakech-Safi, Souss-Massa, Guelmim-Oued Noun, La\u00e2youne Sakia Al-Hamra et Dakhla Oued Eddahab). Le dernier p\u00f4le r\u00e9unit les uni\u00adversit\u00e9s et les centres de recherche dans les r\u00e9gions de F\u00e8s-Mekn\u00e8s, l\u2019Oriental et Dr\u00e2a-Tafilalet.<\/p>\n<\/blockquote>\n<p class=\"rtecenter\"><strong><u>\u00a0\u00a0\u00a0\u00a0\u00a0\u00a0\u00a0\u00a0\u00a0\u00a0\u00a0\u00a0\u00a0\u00a0\u00a0\u00a0\u00a0\u00a0\u00a0\u00a0\u00a0\u00a0\u00a0\u00a0\u00a0\u00a0\u00a0\u00a0\u00a0\u00a0\u00a0\u00a0\u00a0\u00a0\u00a0\u00a0\u00a0\u00a0\u00a0\u00a0\u00a0\u00a0\u00a0\u00a0\u00a0\u00a0\u00a0\u00a0\u00a0\u00a0\u00a0\u00a0\u00a0\u00a0\u00a0\u00a0\u00a0\u00a0\u00a0\u00a0\u00a0\u00a0\u00a0\u00a0\u00a0\u00a0\u00a0\u00a0\u00a0\u00a0\u00a0\u00a0\u00a0\u00a0\u00a0\u00a0\u00a0\u00a0\u00a0\u00a0\u00a0\u00a0\u00a0\u00a0\u00a0\u00a0\u00a0\u00a0\u00a0 <\/u><\/strong><\/p>\n<p class=\"rtecenter\"><strong>Dispersion de la recherche<\/strong><\/p>\n<div class=\"dnd-atom-wrapper type-image context-sdl_editor_representation atom-align-right\" contenteditable=\"false\">\n<div class=\"dnd-drop-wrapper\">\n<div class=\"image\"><img loading=\"lazy\" decoding=\"async\" typeof=\"foaf:Image\" class=\"img-responsive\" src=\"https:\/\/linitiative.ca\/International\/wp-content\/uploads\/sites\/23\/2020\/04\/recherches-039.jpg\" width=\"369\" height=\"335\" alt=\"recherches-039.jpg\" title=\"recherches-039.jpg\"\/><\/div>\n<\/div>\n<\/div>\n<p class=\"rtejustify\">Pour beaucoup de sp\u00e9cialistes, la recherche scientifique dispose de budgets qui repr\u00e9sentent pr\u00e8s de 0,8% du PIB, soit entre 800 millions de DH et 1 milliard de DH. Cela concerne tous les secteurs, y compris le Fonds de recherche scientifique de l\u2019ANRT.<\/p>\n<p class=\"rtejustify\">Toutefois, les efforts dans ce domaine sont confront\u00e9s \u00e0 une dispersion sans commune mesure. En effet, la re\u00adcherche scientifique se pratique dans des laboratoires universitaires. Elle est g\u00e9r\u00e9e par le d\u00e9partement de l\u2019Ensei\u00adgnement sup\u00e9rieur, \u00e0 travers la Direc\u00adtion de la recherche scientifique.<\/p>\n<p class=\"rtejustify\">A cela s\u2019ajoute le Centre national de recherche scientifique et technique (CNRST), qui d\u00e9pend \u00e9galement du minist\u00e8re de l\u2019Enseignement sup\u00e9rieur mais il jouit de l\u2019autonomie en tant qu\u2019\u00e9ta\u00adblissement public. C\u2019est cet organisme qui lance les appels \u00e0 projets pour les grands chantiers de recherches au Maroc. Il assure \u00e9galement la mutua\u00adlisation des ressources humaines et les moyens financiers. Il travaille sur les priorit\u00e9s de la recherche scientifique au niveau national.Sauf que toutes ces structures coexistent avec des instituts de recherche qui d\u00e9pendent d\u2019autres minist\u00e8res. En effet, il y a des labora\u00adtoires qui rel\u00e8vent des d\u00e9partements de l\u2019Agriculture, de la Sant\u00e9,\u2026<\/p>\n<p class=\"rtejustify\">Par ailleurs, cette multitude de centres de recherche estim\u00e9e par la probl\u00e9matique de la gouvernance et de la convergence. M\u00eame si la Commission interminist\u00e9\u00adrielle permanente, pr\u00e9sid\u00e9e par le chef du gouvernement, se concentre sur la convergence des projets de recherche, elle n\u2019y arrive pas. Pour un ancien ministre, l\u2019\u00e9valuation de la situation a montr\u00e9 la n\u00e9cessit\u00e9 de la mise en place du Conseil national de la recherche scientifique.<\/p>\n<p class=\"rtejustify\"><em>M.C.<\/em><\/p>\n<p>Auteur: hlafriqi<br \/>\n<a href=\"https:\/\/www.leconomiste.com\/article\/1060396-comment-le-covid-19-reveille-la-recherche-scientifique\">Cliquez ici pour lire l&rsquo;article depuis sa source.<\/a><\/p>\n","protected":false},"excerpt":{"rendered":"<p>Saaid Amzazi est r\u00e9actif. Apr\u00e8s l\u2019enseignement \u00e0 distance, le ministre de l\u2019Education nationale et porte-parole du gouvernement a in\u00advesti le champ de la recherche scien\u00adtifique. Il a lanc\u00e9 un programme de recherche scientifique multidiscipli\u00adnaire en relation avec la pand\u00e9mie du Covid-19. Le montant pr\u00e9vu est de 10 millions de DH. Pour le ministre, deux choses [&hellip;]<\/p>\n","protected":false},"author":1763,"featured_media":82030,"comment_status":"closed","ping_status":"closed","sticky":false,"template":"","format":"standard","meta":{"fifu_image_url":"","fifu_image_alt":"","footnotes":""},"categories":[78,54],"tags":[],"class_list":["post-82029","post","type-post","status-publish","format-standard","has-post-thumbnail","hentry","category-economie","category-maroc"],"_links":{"self":[{"href":"https:\/\/linitiative.ca\/International\/wp-json\/wp\/v2\/posts\/82029","targetHints":{"allow":["GET"]}}],"collection":[{"href":"https:\/\/linitiative.ca\/International\/wp-json\/wp\/v2\/posts"}],"about":[{"href":"https:\/\/linitiative.ca\/International\/wp-json\/wp\/v2\/types\/post"}],"author":[{"embeddable":true,"href":"https:\/\/linitiative.ca\/International\/wp-json\/wp\/v2\/users\/1763"}],"replies":[{"embeddable":true,"href":"https:\/\/linitiative.ca\/International\/wp-json\/wp\/v2\/comments?post=82029"}],"version-history":[{"count":0,"href":"https:\/\/linitiative.ca\/International\/wp-json\/wp\/v2\/posts\/82029\/revisions"}],"wp:featuredmedia":[{"embeddable":true,"href":"https:\/\/linitiative.ca\/International\/wp-json\/"}],"wp:attachment":[{"href":"https:\/\/linitiative.ca\/International\/wp-json\/wp\/v2\/media?parent=82029"}],"wp:term":[{"taxonomy":"category","embeddable":true,"href":"https:\/\/linitiative.ca\/International\/wp-json\/wp\/v2\/categories?post=82029"},{"taxonomy":"post_tag","embeddable":true,"href":"https:\/\/linitiative.ca\/International\/wp-json\/wp\/v2\/tags?post=82029"}],"curies":[{"name":"wp","href":"https:\/\/api.w.org\/{rel}","templated":true}]}}