{"id":82032,"date":"2020-04-12T11:07:17","date_gmt":"2020-04-12T15:07:17","guid":{"rendered":"https:\/\/linitiative.ca\/International\/violence-contre-les-femmes-une-scene-en-direct\/"},"modified":"2020-04-12T11:07:17","modified_gmt":"2020-04-12T15:07:17","slug":"violence-contre-les-femmes-une-scene-en-direct","status":"publish","type":"post","link":"https:\/\/linitiative.ca\/International\/violence-contre-les-femmes-une-scene-en-direct\/","title":{"rendered":"Violence contre les femmes: Une sc\u00e8ne en direct"},"content":{"rendered":"<div class=\"dnd-atom-wrapper type-image context-sdl_editor_representation atom-align-right\" contenteditable=\"false\">\n<div class=\"dnd-drop-wrapper\">\n<div class=\"image\"><img loading=\"lazy\" decoding=\"async\" typeof=\"foaf:Image\" class=\"img-responsive\" src=\"https:\/\/linitiative.ca\/International\/wp-content\/uploads\/sites\/23\/2020\/04\/violences-contre-les-femmes-039.jpg\" width=\"301\" height=\"425\" alt=\"violences-contre-les-femmes-039.jpg\" title=\"violences-contre-les-femmes-039.jpg\"\/><\/div>\n<\/div>\n<\/div>\n<p class=\"rtejustify\">Fin de journ\u00e9e du mardi 7 avril \u00e0 Casablanca, L\u2019Economiste est t\u00e9\u00admoin d\u2019une sc\u00e8ne. Un couple franco-marocain ha\u00adbitant un immeuble \u00e0 proximit\u00e9 du boulevard Bourgogne se d\u00e9chire sur leur balcon. Leurs deux enfants en bas \u00e2ge assistent \u00e0 la sc\u00e8ne.<\/p>\n<p class=\"rtejustify\">Personne n\u2019intervient ou presque. Pourquoi? \u00abLa violence dans le contexte conjugal est une affaire priv\u00e9e qui concerne le m\u00e9\u00adnage. Elle n\u2019est pas encore devenue une pr\u00e9occupation dominante dans la soci\u00e9t\u00e9\u00bb, selon l\u2019enqu\u00eate 2019 du Haut Commissariat au Plan sur la pr\u00e9valence de la violence \u00e0 l\u2019\u00e9gard des femmes. Que faire lorsqu\u2019une femme est violent\u00e9e? Appeler le 8350<a href=\"http:\/\/leconomiste.com\/article\/1060398-violence-contre-les-femmes-appelez-le-8350\" target=\"_blank\" rel=\"noopener noreferrer\"> <span><strong><em>(Lire article)<\/em><\/strong><\/span><\/a>.<\/p>\n<p class=\"rtejustify\">Ce num\u00e9ro vert est mis \u00e0 dispo\u00adsition des personnes voulant aler\u00adter sur une agression, t\u00e9moins ou victimes. Au bout de la ligne, une accompagnatrice sociale prend en charge notre communication en vue de transmettre \u00e9ventuellement notre alerte \u00e0 la police. Nous avons d\u00e9clin\u00e9 notre profession de journaliste au centre d\u2019\u00e9coute afin d\u2019\u00eatre inform\u00e9 sur la suite de la proc\u00e9dure. En fin de compte, la police n\u2019est pas intervenue chez nos voisins.<\/p>\n<p class=\"rtejustify\">Il n\u2019y a pas d\u2019in\u00adtervention si la situa\u00adtion revient au calme. Seuls les signalements urgents sont transmis \u00e0 la police. Car il y a une \u00abproc\u00e9dure pour se d\u00e9placer\u00bb, nous dit-on apr\u00e8s moultes r\u00e9sistances et h\u00e9sita\u00adtions. C\u2019est aux op\u00e9\u00adratrices, form\u00e9es en psychologie notam\u00adment, \u00e0 qui revient d\u2019\u00e9valuer la gravit\u00e9 de la situation. Large d\u00e9bat: quel est le seuil de gravit\u00e9 exigeant une inter\u00advention?<\/p>\n<p class=\"rtejustify\">\u00abLes services de s\u00e9curit\u00e9 ne se d\u00e9placent pas syst\u00e9matiquement dans les lieux de l\u2019agression. Ils ne le font que si la victime est physi\u00adquement atteinte ou expuls\u00e9e de son domicile par son conjoint\u00bb, t\u00e9moigne l\u2019op\u00e9ratrice d\u2019un centre d\u2019\u00e9coute qui a souhait\u00e9 garder l\u2019ano\u00adnymat. C\u2019est le cas aussi \u00ablorsqu\u2019il n\u2019y a plus de signes d\u2019agression\u00bb comme les cries par exemple.<\/p>\n<p class=\"rtejustify\">\u00abPlus votre appel est alarmiste, plus il y a de probabilit\u00e9 \u00e0 ce que votre alerte soit relay\u00e9e aux forces de l\u2019ordre pour une intervention\u00bb, conseillent des associations de d\u00e9\u00adfense des droits des femmes. Il est recommand\u00e9 aussi d\u2019appeler direc\u00adtement les forces de l\u2019ordre.<\/p>\n<p class=\"rtecenter\"><strong>Les victimes se taisent<\/strong><\/p>\n<p class=\"rtejustify\">Cela ne signifie pas forc\u00e9\u00adment qu\u2019il n\u2019y a pas de prise de conscience chez les services de s\u00e9curit\u00e9. La S\u00fbret\u00e9 nationale (DGSN) a d\u00e9di\u00e9 le dernier num\u00e9ro de sa revue mensuelle \u00e0 la lutte contre la vio\u00adlence \u00e0 l\u2019\u00e9gard des femmes. Les sta\u00adtistiques judiciaires d\u00e9montrent aus\u00adsi que ce type d\u2019infraction compte dans la politique p\u00e9nale: 17.103 af\u00adfaires sur 1,5 million en 2018 (voir illustration page 19). Mais ce chiffre ne rend pas compte totalement de la r\u00e9alit\u00e9.<\/p>\n<p class=\"rtejustify\">\u00abLes femmes victimes des vio\u00adlences continuent \u00e0 s\u2019abstenir de les d\u00e9noncer\u00bb, selon l\u2019enqu\u00eate 2019 du HCP. A peine 10,5% d\u2019entre elles \u00abont d\u00e9pos\u00e9 plainte \u00e0 la police ou autre autorit\u00e9 comp\u00e9tente\u00bb. Quant au recours des victimes \u00ab\u00e0 la soci\u00e9t\u00e9 civile, il ne concerne que 1,3% des femmes\u00bb!<\/p>\n<p class=\"rtejustify\">Sur le terrain, une trentaine d\u2019as\u00adsociations ont lanc\u00e9 le 2 avril 2020 un appel. Elles r\u00e9clament \u00abaux pou\u00advoirs publics d\u2019accro\u00eetre leur veille et leur vigilance en mettant en place des mesures concr\u00e8tes pour prot\u00e9ger les femmes victimes de violences domestiques pendant la p\u00e9riode de confinement\u00bb<em> (voir encadr\u00e9)<\/em>.<\/p>\n<p class=\"rtejustify\">Syst\u00e9matiser l\u2019intervention des autorit\u00e9s a deux effets. D\u2019abord, dissuader au moins l\u2019agresseur de ne pas r\u00e9it\u00e9rer des actes r\u00e9prim\u00e9s p\u00e9nalement <a href=\"http:\/\/leconomiste.com\/article\/1060399-violence-contre-les-femmes-7-6-millions-de-victimes-en-un\" target=\"_blank\" rel=\"noopener noreferrer\"><span><strong><em>(Lire article)<\/em><\/strong><\/span><\/a>. Ensuite, soutenir la victime pour qu\u2019elle ne se sente pas seule face \u00e0 la violence. L\u2019indiff\u00e9rence tue!<\/p>\n<p class=\"rtecenter\"><strong><u>\u00a0\u00a0\u00a0\u00a0\u00a0\u00a0\u00a0\u00a0\u00a0\u00a0\u00a0\u00a0\u00a0\u00a0\u00a0\u00a0\u00a0\u00a0\u00a0\u00a0\u00a0\u00a0\u00a0\u00a0\u00a0\u00a0\u00a0\u00a0\u00a0\u00a0\u00a0\u00a0\u00a0\u00a0\u00a0\u00a0\u00a0\u00a0\u00a0\u00a0\u00a0\u00a0\u00a0\u00a0\u00a0\u00a0\u00a0\u00a0\u00a0\u00a0\u00a0\u00a0\u00a0\u00a0\u00a0\u00a0\u00a0\u00a0\u00a0\u00a0\u00a0\u00a0\u00a0\u00a0\u00a0\u00a0\u00a0\u00a0\u00a0\u00a0\u00a0\u00a0\u00a0\u00a0\u00a0\u00a0\u00a0\u00a0\u00a0\u00a0\u00a0\u00a0\u00a0\u00a0 <\/u><\/strong><\/p>\n<p class=\"rtecenter\"><strong>Ce que r\u00e9clame la soci\u00e9t\u00e9 civile<\/strong><\/p>\n<div class=\"dnd-atom-wrapper type-image context-sdl_editor_representation atom-align-right\" contenteditable=\"false\">\n<div class=\"dnd-drop-wrapper\">\n<div class=\"image\"><img loading=\"lazy\" decoding=\"async\" typeof=\"foaf:Image\" class=\"img-responsive\" src=\"https:\/\/linitiative.ca\/International\/wp-content\/uploads\/sites\/23\/2020\/04\/agresseurs-039.jpg\" width=\"319\" height=\"454\" alt=\"agresseurs-039.jpg\" title=\"agresseurs-039.jpg\"\/><\/div>\n<\/div>\n<\/div>\n<p class=\"rtejustify\">Une trentaine d\u2019associations interpellent les pou\u00advoirs publics. Elles ont formul\u00e9 six recommandations. D\u2019abord, une campagne de sensibilisation grand public en langues arabe et amazighe. Elle devra alerter sur les violences faites aux femmes durant le confine\u00adment.<br \/>Ensuite, les forces de l\u2019ordre charg\u00e9es de faire res\u00adpecter la quarantaine doivent intervenir en cas d\u2019agres\u00adsion. Autre recommandation, recenser et diffuser les coordonn\u00e9es des instances, plateformes et services d\u00e9di\u00e9es aux victimes. La soci\u00e9t\u00e9 civile r\u00e9clame aussi un appui pour main\u00adtenir ses services d\u2019\u00e9coute, d\u2019accompagnement \u00e0 dis\u00adtance et de prise en charge des femmes violent\u00e9es<a href=\"http:\/\/leconomiste.com\/article\/1060398-violence-contre-les-femmes-appelez-le-8350\" target=\"_blank\" rel=\"noopener noreferrer\"><em> <strong><span>(Lire article)<\/span><\/strong><\/em><\/a>.<\/p>\n<p class=\"rtejustify\">Il y a \u00e9galement la mise en place, via l\u2019Entraide nationale, de structures d\u2019accueil de confinement pour \u00e9loigner les conjoints violents de leurs victimes. Derni\u00e8re recommandation, l\u2019activation des r\u00e9\u00adformes juridiques et institutionnelles d\u00e8s la fin de la crise sanitaire.<\/p>\n<p class=\"rtejustify\"><em>Fai\u00e7al FAQUIHI <\/em><\/p>\n<p>Auteur: hlafriqi<br \/>\n<a href=\"https:\/\/www.leconomiste.com\/article\/1060397-violence-contre-les-femmes-une-scene-en-direct\">Cliquez ici pour lire l&rsquo;article depuis sa source.<\/a><\/p>\n","protected":false},"excerpt":{"rendered":"<p>Fin de journ\u00e9e du mardi 7 avril \u00e0 Casablanca, L\u2019Economiste est t\u00e9\u00admoin d\u2019une sc\u00e8ne. Un couple franco-marocain ha\u00adbitant un immeuble \u00e0 proximit\u00e9 du boulevard Bourgogne se d\u00e9chire sur leur balcon. Leurs deux enfants en bas \u00e2ge assistent \u00e0 la sc\u00e8ne. Personne n\u2019intervient ou presque. Pourquoi? \u00abLa violence dans le contexte conjugal est une affaire priv\u00e9e [&hellip;]<\/p>\n","protected":false},"author":1763,"featured_media":82033,"comment_status":"closed","ping_status":"closed","sticky":false,"template":"","format":"standard","meta":{"fifu_image_url":"","fifu_image_alt":"","footnotes":""},"categories":[78,54],"tags":[],"class_list":["post-82032","post","type-post","status-publish","format-standard","has-post-thumbnail","hentry","category-economie","category-maroc"],"_links":{"self":[{"href":"https:\/\/linitiative.ca\/International\/wp-json\/wp\/v2\/posts\/82032","targetHints":{"allow":["GET"]}}],"collection":[{"href":"https:\/\/linitiative.ca\/International\/wp-json\/wp\/v2\/posts"}],"about":[{"href":"https:\/\/linitiative.ca\/International\/wp-json\/wp\/v2\/types\/post"}],"author":[{"embeddable":true,"href":"https:\/\/linitiative.ca\/International\/wp-json\/wp\/v2\/users\/1763"}],"replies":[{"embeddable":true,"href":"https:\/\/linitiative.ca\/International\/wp-json\/wp\/v2\/comments?post=82032"}],"version-history":[{"count":0,"href":"https:\/\/linitiative.ca\/International\/wp-json\/wp\/v2\/posts\/82032\/revisions"}],"wp:featuredmedia":[{"embeddable":true,"href":"https:\/\/linitiative.ca\/International\/wp-json\/"}],"wp:attachment":[{"href":"https:\/\/linitiative.ca\/International\/wp-json\/wp\/v2\/media?parent=82032"}],"wp:term":[{"taxonomy":"category","embeddable":true,"href":"https:\/\/linitiative.ca\/International\/wp-json\/wp\/v2\/categories?post=82032"},{"taxonomy":"post_tag","embeddable":true,"href":"https:\/\/linitiative.ca\/International\/wp-json\/wp\/v2\/tags?post=82032"}],"curies":[{"name":"wp","href":"https:\/\/api.w.org\/{rel}","templated":true}]}}