{"id":82035,"date":"2020-04-12T11:20:24","date_gmt":"2020-04-12T15:20:24","guid":{"rendered":"https:\/\/linitiative.ca\/International\/violence-contre-les-femmes-appelez-le-8350\/"},"modified":"2020-04-12T11:20:24","modified_gmt":"2020-04-12T15:20:24","slug":"violence-contre-les-femmes-appelez-le-8350","status":"publish","type":"post","link":"https:\/\/linitiative.ca\/International\/violence-contre-les-femmes-appelez-le-8350\/","title":{"rendered":"Violence contre les femmes: Appelez le 8350"},"content":{"rendered":"<p class=\"rtejustify\">Un num\u00e9ro vert, le 8350, et une plateforme pour alerter sur les vio\u00adlences \u00e0 l\u2019\u00e9gard des femmes. L\u2019Union nationale des femmes du Maroc (UNFM) a lanc\u00e9 cette initiative fin janvier 2020. L\u2019association, cr\u00e9\u00e9e il y a un demi-si\u00e8cle, a d\u00e9velopp\u00e9 aussi une application \u00abTous avec toi\u00bb pour venir en aide aux femmes victimes de violences physique, psychologique&#8230; (<a href=\"http:\/\/www.unfm.ma\">www.unfm.ma<\/a>).<\/p>\n<p class=\"rtejustify\">Sa plateforme op\u00e8re 24h\/24 et sans interruption pendant toute la semaine. L\u2019UNFM compte aussi un r\u00e9seau national de 12 cellules d\u2019\u00e9coute et d\u2019orientation mis en place en par\u00adtenariat avec la Facult\u00e9 des lettres et des sciences humaines de Rabat. Les coordonn\u00e9es de ses centres d\u2019\u00e9coute et d\u2019orientation sont disponibles sur le site de l\u2019UNFM.<\/p>\n<div class=\"dnd-atom-wrapper type-image context-sdl_editor_representation\" contenteditable=\"false\">\n<div class=\"dnd-drop-wrapper\">\n<div class=\"image\"><img loading=\"lazy\" decoding=\"async\" typeof=\"foaf:Image\" class=\"img-responsive\" src=\"https:\/\/linitiative.ca\/International\/wp-content\/uploads\/sites\/23\/2020\/04\/violence-contre-les-femmes-039.jpg\" width=\"800\" height=\"437\" alt=\"violence-contre-les-femmes-039.jpg\" title=\"violence-contre-les-femmes-039.jpg\"\/><\/div>\n<\/div>\n<\/div>\n<p class=\"rtejustify\">La S\u00fbret\u00e9 nationale (DGSN), la Gendarmerie royale, la pr\u00e9sidence du minist\u00e8re public et le minist\u00e8re de la Solidarit\u00e9, du D\u00e9veloppement social, de l\u2019Egalit\u00e9 et de la Famille sont par\u00adtenaires de ce projet d\u2019int\u00e9r\u00eat g\u00e9n\u00e9ral. La DGSN intervient en cas de si\u00adgnalement dans le milieu urbain. La Gendarmerie royale op\u00e8re plut\u00f4t dans les zones rurales. L\u2019Union nationale des femmes du Maroc \u00aba re\u00e7u des milliers d\u2019appels\u00bb depuis le lancement de la plateforme fin janvier 2020. Leur nombre ne nous a pas \u00e9t\u00e9 communi\u00adqu\u00e9.<\/p>\n<p class=\"rtejustify\">Par ailleurs, une trentaine d\u2019autres associations(1) sont mobilis\u00e9es pour faire entendre la voix des victimes. Pour elles, il y a une corr\u00e9lation entre la hausse de la violence domestique et le confinement obligatoire. La situation est \u00abtr\u00e8s critique\u00bb, alertent-elles dans leur plaidoyer du 2 avril 2020.<\/p>\n<p class=\"rtejustify\">\u00abLes femmes victimes de violences sont doublement impact\u00e9es par le confine\u00adment impos\u00e9 par le risque de propaga\u00adtion de la pand\u00e9mie du coronavirus\u00bb, d\u00e9plore Amina Lotfi, pr\u00e9sidente du bu\u00adreau de Rabat relevant de l\u2019Association d\u00e9mocratique des femmes du Maroc. L\u2019\u00e9tat d\u2019urgence sanitaire a \u00e9t\u00e9 d\u00e9\u00adcr\u00e9t\u00e9 par le gouvernement le 20 mars 2020. Depuis lors, les associations signataires du plaidoyer \u00absont tr\u00e8s pr\u00e9occup\u00e9es par le sort des femmes et des filles victimes de violences\u00bb.<\/p>\n<p class=\"rtejustify\">Durant le confinement qui va du\u00adrer jusqu\u2019au 20 avril, \u00ables victimes de violences domestiques seront enferm\u00e9es avec leurs agresseurs. Ce qui augmente le risque d\u2019agressions comme le montre les r\u00e9centes statis\u00adtiques internationales\u00bb. Le secr\u00e9taire g\u00e9n\u00e9ral de l\u2019ONU, Ant\u00f3nio Guterres, a d\u2019ailleurs sonn\u00e9 l\u2019alarme, le 6 avril \u00e0 New York, sur \u00abune horrible flamb\u00e9e mondiale de violence domestique\u00bb.<\/p>\n<p class=\"rtejustify\">Sur le plan national, l\u2019enqu\u00eate de 2019 sur la pr\u00e9valence de la violence \u00e0 l\u2019encontre des femmes apporte un \u00e9clairage pr\u00e9cieux. Que constate son auteur, le Haut Commissariat au Plan (HCP)? \u00abLe contexte domestique qu\u2019il soit conjugal ou familial (y compris la belle famille) demeure le plus mar\u00adqu\u00e9 par la violence\u00bb. Ce fait socio\u00adlogique est confirm\u00e9 par les statis\u00adtiques judiciaires de 2018: dans 6 cas sur 10, l\u2019auteur d\u2019une agression est un proche de la victime.<\/p>\n<p class=\"rtejustify\">Le HCP rel\u00e8ve ainsi que 6,1 mil\u00adlions de femmes sont dans cette si\u00adtuation avec une pr\u00e9valence de 52%. Il constate une hausse d\u2019un point par rapport \u00e0 son enqu\u00eate de 2009.<\/p>\n<p class=\"rtecenter\"><strong><u>\u00a0\u00a0\u00a0\u00a0\u00a0\u00a0\u00a0\u00a0\u00a0\u00a0\u00a0\u00a0\u00a0\u00a0\u00a0\u00a0\u00a0\u00a0\u00a0\u00a0\u00a0\u00a0\u00a0\u00a0\u00a0\u00a0\u00a0\u00a0\u00a0\u00a0\u00a0\u00a0\u00a0\u00a0\u00a0\u00a0\u00a0\u00a0\u00a0\u00a0\u00a0\u00a0\u00a0\u00a0\u00a0\u00a0\u00a0\u00a0\u00a0\u00a0\u00a0\u00a0\u00a0\u00a0\u00a0\u00a0\u00a0\u00a0\u00a0 \u00a0 \u00a0 \u00a0 \u00a0 \u00a0 \u00a0 \u00a0 \u00a0 \u00a0\u00a0\u00a0 <\/u><\/strong><\/p>\n<p class=\"rtecenter\"><strong>\u00a0Des centres d\u2019\u00e9coute et d\u2019orientation ferm\u00e9s<\/strong><\/p>\n<div class=\"dnd-atom-wrapper type-image context-sdl_editor_representation atom-align-right\" contenteditable=\"false\">\n<div class=\"dnd-drop-wrapper\">\n<div class=\"image\"><img loading=\"lazy\" decoding=\"async\" typeof=\"foaf:Image\" class=\"img-responsive\" src=\"https:\/\/linitiative.ca\/International\/wp-content\/uploads\/sites\/23\/2020\/04\/jamila-moussali-039.jpg\" width=\"312\" height=\"336\" alt=\"jamila-moussali-039.jpg\" title=\"jamila-moussali-039.jpg\"\/><\/div>\n<\/div>\n<\/div>\n<p class=\"rtejustify\">Faudrait-il mener une enqu\u00eate sp\u00e9ciale sur la violence domestique pendant le confine\u00adment? \u00abDurant cette p\u00e9riode, les victimes ne peuvent ni se d\u00e9fendre, ni quitter le domicile pour se r\u00e9\u00adfugier ailleurs. Elles sont livr\u00e9es \u00e0 leurs agresseurs et priv\u00e9es de tout recours et mesures de protec\u00adtion\u00bb, rapportent les associations de d\u00e9fense des droits des femmes. D\u2019autres \u00e9l\u00e9ments alimentent leur inqui\u00e9tude.<\/p>\n<p class=\"rtejustify\">Premi\u00e8rement, \u00ables centres d\u2019\u00e9coute et d\u2019orientation juri\u00addiques, mis en place dans leur qua\u00adsi-majorit\u00e9 par les associations, sont ferm\u00e9s et les dispositifs de tra\u00advail \u00e0 distance ne sont pas \u00e0 m\u00eame d\u2019apporter aide et soutien requis\u00bb, alertent les associations signataires dans leur plaidoyer du 2 avril 2020.<\/p>\n<p class=\"rtejustify\">Deuxi\u00e8mement, l\u2019alerte donn\u00e9e par L\u2019Economiste renseigne sur le degr\u00e9 d\u2019efficacit\u00e9 du dispositif <a href=\"http:\/\/leconomiste.com\/article\/1060397-violence-contre-les-femmes-une-scene-en-direct\" target=\"_blank\" rel=\"noopener noreferrer\"><span><strong><em>(Lire article)<\/em><\/strong><\/span><\/a>. \u00abLes services de s\u00e9curit\u00e9 ne se d\u00e9placent pas syst\u00e9matiquement au lieu de l\u2019agression. Il faut que l\u2019inci\u00addent ait entra\u00een\u00e9 par exemple des bles\u00adsures graves\u00bb, rapporte l\u2019accompagna\u00adtrice d\u2019une association ayant requis l\u2019anonymat.<\/p>\n<p class=\"rtejustify\">Troisi\u00e8mement, que signifie une victime \u00abgravement atteinte\u00bb? Les coups et blessures peuvent parfois entra\u00eener des s\u00e9quelles graves invisibles \u00e0 l\u2019oeil nu comme une h\u00e9\u00admorragie interne. Il y a \u00e9galement les effets psychologiques d\u2019une agression et son impact sur l\u2019environnement imm\u00e9diat de la victime, \u00e0 commen\u00adcer par les enfants. C\u2019est ce que le HCP qualifie de \u00abco\u00fbt social et \u00e9co\u00adnomique\u00bb de la violence.<\/p>\n<p class=\"rtejustify\"><em>Fai\u00e7al FAQUIHI <\/em><\/p>\n<p class=\"rtejustify\"><em>&#8212;&#8212;&#8212;&#8212;&#8212;&#8212;&#8212;&#8212;&#8212;&#8212;&#8212;&#8212;&#8212;&#8212;&#8212;&#8212;&#8212;&#8212;&#8212;&#8212;-<\/em><\/p>\n<p class=\"rtejustify\"><em>(1) Forum des Alternatives Maroc, Mains Libres, Association des femmes de la montagne, Association femmes Sud, Voix de la femme amazighe, Organisation marocaine des droits humains, Association d\u00e9mocratique des femmes du Maroc, Oujda A\u00efn Ghazal 2000\u2026<\/em><\/p>\n<p>Auteur: hlafriqi<br \/>\n<a href=\"https:\/\/www.leconomiste.com\/article\/1060398-violence-contre-les-femmes-appelez-le-8350\">Cliquez ici pour lire l&rsquo;article depuis sa source.<\/a><\/p>\n","protected":false},"excerpt":{"rendered":"<p>Un num\u00e9ro vert, le 8350, et une plateforme pour alerter sur les vio\u00adlences \u00e0 l\u2019\u00e9gard des femmes. L\u2019Union nationale des femmes du Maroc (UNFM) a lanc\u00e9 cette initiative fin janvier 2020. L\u2019association, cr\u00e9\u00e9e il y a un demi-si\u00e8cle, a d\u00e9velopp\u00e9 aussi une application \u00abTous avec toi\u00bb pour venir en aide aux femmes victimes de violences [&hellip;]<\/p>\n","protected":false},"author":1763,"featured_media":82036,"comment_status":"closed","ping_status":"closed","sticky":false,"template":"","format":"standard","meta":{"fifu_image_url":"","fifu_image_alt":"","footnotes":""},"categories":[78,54],"tags":[],"class_list":["post-82035","post","type-post","status-publish","format-standard","has-post-thumbnail","hentry","category-economie","category-maroc"],"_links":{"self":[{"href":"https:\/\/linitiative.ca\/International\/wp-json\/wp\/v2\/posts\/82035","targetHints":{"allow":["GET"]}}],"collection":[{"href":"https:\/\/linitiative.ca\/International\/wp-json\/wp\/v2\/posts"}],"about":[{"href":"https:\/\/linitiative.ca\/International\/wp-json\/wp\/v2\/types\/post"}],"author":[{"embeddable":true,"href":"https:\/\/linitiative.ca\/International\/wp-json\/wp\/v2\/users\/1763"}],"replies":[{"embeddable":true,"href":"https:\/\/linitiative.ca\/International\/wp-json\/wp\/v2\/comments?post=82035"}],"version-history":[{"count":0,"href":"https:\/\/linitiative.ca\/International\/wp-json\/wp\/v2\/posts\/82035\/revisions"}],"wp:featuredmedia":[{"embeddable":true,"href":"https:\/\/linitiative.ca\/International\/wp-json\/"}],"wp:attachment":[{"href":"https:\/\/linitiative.ca\/International\/wp-json\/wp\/v2\/media?parent=82035"}],"wp:term":[{"taxonomy":"category","embeddable":true,"href":"https:\/\/linitiative.ca\/International\/wp-json\/wp\/v2\/categories?post=82035"},{"taxonomy":"post_tag","embeddable":true,"href":"https:\/\/linitiative.ca\/International\/wp-json\/wp\/v2\/tags?post=82035"}],"curies":[{"name":"wp","href":"https:\/\/api.w.org\/{rel}","templated":true}]}}