{"id":82038,"date":"2020-04-12T11:26:35","date_gmt":"2020-04-12T15:26:35","guid":{"rendered":"https:\/\/linitiative.ca\/International\/article-1060399\/"},"modified":"2020-04-12T11:26:35","modified_gmt":"2020-04-12T15:26:35","slug":"article-1060399","status":"publish","type":"post","link":"https:\/\/linitiative.ca\/International\/article-1060399\/","title":{"rendered":"Article 1060399"},"content":{"rendered":"<p class=\"rtejustify\">L\u2019Economiste a sond\u00e9 des acteurs associatifs et analys\u00e9 l\u2019enqu\u00eate 2019 du Haut Commissariat au Plan (HCP). Sur 13,4 millions de femmes, 7,6 millions ont au moins subi un acte de violence durant les douze mois pr\u00e9c\u00e9dant l\u2019enqu\u00eate. Soit une femme sur deux!<\/p>\n<p class=\"rtejustify\">L\u2019enqu\u00eate rel\u00e8ve \u00ables\u00a0 grandes tendances et les perceptions d\u2019une soci\u00e9t\u00e9 plus sensible \u00e0 la violence conjugale et dans les lieux publics\u00bb. C\u00f4t\u00e9 associations, l\u2019Etat \u00abpeine encore\u00bb \u00e0 satisfaire leurs revendications pour lutter contre une \u00abpand\u00e9mie\u00bb sociale.<br \/>\u00a0<br \/><strong>\u25a0 Le l\u00e9gislateur \u00aba mal appliqu\u00e9\u00bb la Constitution<\/strong><\/p>\n<div class=\"dnd-atom-wrapper type-image context-sdl_editor_representation atom-align-right\" contenteditable=\"false\">\n<div class=\"dnd-drop-wrapper\">\n<div class=\"image\"><img loading=\"lazy\" decoding=\"async\" typeof=\"foaf:Image\" class=\"img-responsive\" src=\"https:\/\/linitiative.ca\/International\/wp-content\/uploads\/sites\/23\/2020\/04\/parlement-039.jpg\" width=\"283\" height=\"271\" alt=\"parlement-039.jpg\" title=\"parlement-039.jpg\"\/><\/div>\n<\/div>\n<\/div>\n<p class=\"rtejustify\">La loi relative \u00e0 la lutte contre la violence \u00e0 l\u2019\u00e9gard des femmes est applicable depuis le 13 septembre 2018. Plus d\u2019un an apr\u00e8s, une trentaine d\u2019associations r\u00e9clament sa r\u00e9vision<a href=\"http:\/\/leconomiste.com\/article\/1060398-violence-contre-les-femmes-appelez-le-8350\" target=\"_blank\" rel=\"noopener noreferrer\"><span><em><strong> (Lire article)<\/strong><\/em><\/span><\/a>.<br \/>La Tunisie a une l\u00e9gislation \u00abplus globale et plus compl\u00e8te\u00bb. Ses associations \u00abse sont inspir\u00e9es des propositions de la soci\u00e9t\u00e9 civile marocaine au gouvernement\u00bb. Pour certains acteurs, la Constitution de 2011 \u00abgarantie largement\u00bb les droits des femmes. Le l\u00e9gislateur a en revanche \u00abmal appliqu\u00e9 sa philosophie\u00bb. Le constitutionnel \u00e9voque par exemple \u00able d\u00e9veloppement d\u2019une soci\u00e9t\u00e9 solidaire\u00bb o\u00f9 citoyens et citoyennes \u00abjouissent de la s\u00e9curit\u00e9, de la dignit\u00e9, de la justice sociale&#8230;\u00bb.\u00a0<\/p>\n<p class=\"rtejustify\"><strong>\u25a0 Que faire si la victime est d\u00e9c\u00e9d\u00e9e?<\/strong><br \/>La loi n\u00b0 103-13 est \u00abbancale\u00bb \u00e0 cause de ces mesures de protection \u00abinsuffisantes ou inexistantes\u00bb&#8230; Les femmes c\u00e9libataires sont cit\u00e9es \u00e0 titre d\u2019exemple.<br \/>Aussi, une association doit avoir l\u2019autorisation de la victime pour se porter partie civile \u00e0 un proc\u00e8s. Que faire si la victime est d\u00e9c\u00e9d\u00e9e? Il y a eu l\u2019ant\u00e9c\u00e9dent d\u2019une affaire \u00e0\u00a0 Marrakech. L\u2019autorisation des ayants droit ne compte pas, nous dit-on.<br \/>La loi exige \u00e9galement le statut d\u2019utilit\u00e9 publique pour les ONG voulant saisir la justice. Une condition qui s\u2019applique aussi aux associations de d\u00e9fense des consommateurs! Cette obligation est \u00abun frein\u00bb anticonstitutionnel au regard du droit d\u2019acc\u00e8s \u00e0 la justice&#8230;\u00a0<\/p>\n<p class=\"rtejustify\"><strong>\u25a0 \u00abMieux investir dans le social\u00bb<\/strong><\/p>\n<div class=\"dnd-atom-wrapper type-image context-sdl_editor_representation atom-align-right\" contenteditable=\"false\">\n<div class=\"dnd-drop-wrapper\">\n<div class=\"image\"><img loading=\"lazy\" decoding=\"async\" typeof=\"foaf:Image\" class=\"img-responsive\" src=\"https:\/\/linitiative.ca\/International\/wp-content\/uploads\/sites\/23\/2020\/04\/travailleuses-039.jpg\" width=\"283\" height=\"249\" alt=\"travailleuses-039.jpg\" title=\"travailleuses-039.jpg\"\/><\/div>\n<\/div>\n<\/div>\n<p class=\"rtejustify\">Ne pas prendre \u00abdes mesures radicales\u00bb contre la violence \u00e0 l\u2019\u00e9gard des femmes est \u00abune violence institutionnelle\u00bb. Cela pourrait para\u00eetre excessif aux regards des efforts fournis depuis les ann\u00e9es 2000. Encore plus, encore mieux, r\u00e9clament les associations. Le Maroc \u00aba des engagements internationaux\u00bb comme l\u2019\u00e9limination des discriminations \u00e0 l\u2019\u00e9gard des femmes.<br \/>Des donn\u00e9es, comme ceux du HCP, nourrissent les politiques publiques de pr\u00e9vention et de protection. L\u2019Etat \u00abdoit mieux investir dans le social\u00bb.<\/p>\n<p class=\"rtejustify\"><strong>\u25a0 Les femmes rurales plus expos\u00e9es que les citadines \u00a0<\/strong><br \/>Sur 13,4 millions de femmes, plus de la moiti\u00e9 a au moins subi un acte de violence durant les douze mois pr\u00e9c\u00e9dant l\u2019enqu\u00eate 2019 du HCP (voir encadr\u00e9). Les femmes rurales sont plus expos\u00e9es que les citadines. Il y a d\u2019ailleurs \u00abune baisse de la violence principalement\u00bb dans les villes.<br \/>Par ailleurs, les violences psychologique et physique ont baiss\u00e9 depuis dix ans. Les violences sexuelle et \u00e9conomique ont connu en revanche une hausse significative.<br \/>Le domicile conjugal ou familial \u00abest plus marqu\u00e9\u00bb par la violence (voir page 18). Ainsi, 6,1 millions de femmes y sont confront\u00e9es malgr\u00e9 une petite accalmie par rapport \u00e0 2009. Cette baisse est plus significative \u00abdans l\u2019espace public et les lieux d\u2019enseignement\u00bb.\u00a0\u00a0\u00a0<\/p>\n<p class=\"rtejustify\"><strong>\u25a0 Peu instruites, jeunes et ch\u00f4meuses sont les plus touch\u00e9es\u00a0 \u00a0<\/strong><br \/>Le mariage ne fait pas que des heureuses. Maris, ex-maris, fianc\u00e9s, partenaires violentent leurs compagnes. Elles sont majoritairement mari\u00e9es, \u00e2g\u00e9es de 15 \u00e0 24 ans, d\u2019un niveau d\u2019instruction moyen\u00a0 et en ch\u00f4mage. Dans 7 cas sur 10, la violence conjugale est psychique, et \u00e0 moindre mesure \u00e9conomique, physique et sexuelle.<br \/>Dans 73% des cas, les agresseurs viennent \u00abd\u2019un environnement marqu\u00e9 par la violence conjugale\u00bb, \u00e2g\u00e9s de 15 \u00e0 34 ans et d\u2019un faible niveau scolaire.<br \/>Par ailleurs, la violence psychologique et \u00e9conomique domine le milieu professionnel. La violence psychologique \u00abest plus r\u00e9pandue\u00bb dans les espaces d\u2019enseignement et de formation!<\/p>\n<p class=\"rtejustify\"><strong>\u25a0 Harc\u00e8lement sexuel et cybern\u00e9tique: Plus de 3 millions de cas\u00a0\u00a0\u00a0 \u00a0<\/strong><\/p>\n<div class=\"dnd-atom-wrapper type-image context-sdl_editor_representation atom-align-right\" contenteditable=\"false\">\n<div class=\"dnd-drop-wrapper\">\n<div class=\"image\"><img loading=\"lazy\" decoding=\"async\" typeof=\"foaf:Image\" class=\"img-responsive\" src=\"https:\/\/linitiative.ca\/International\/wp-content\/uploads\/sites\/23\/2020\/04\/harcelement-039.jpg\" width=\"283\" height=\"206\" alt=\"harcelement-039.jpg\" title=\"harcelement-039.jpg\"\/><\/div>\n<\/div>\n<\/div>\n<p class=\"rtejustify\">1,7 million de femmes harcel\u00e9es dans l\u2019espace public. Elles ont moins de 30 ans, c\u00e9libataires, ouvri\u00e8res ou ayant une formation sup\u00e9rieure. La moiti\u00e9 des victimes ont subi un harc\u00e8lement sexuel.<br \/>La violence cybern\u00e9tique s\u2019installe: 1,5 million d\u2019incidents. Courriels, SMS, appels t\u00e9l\u00e9phoniques deviennent des armes psychologiques. Jeunes, citadines, c\u00e9libataires, instruites font les frais de ces attaques technologiques. La cyber-violence \u00e9mane majoritairement d\u2019une personne inconnue! L\u2019entourage familial, professionnel\u00a0 ou \u00e9ducatif peut \u00eatre \u00e9galement nocif.<\/p>\n<blockquote readability=\"15\">\n<p class=\"rtecenter\"><strong><span>La violence a \u00abglobalement baiss\u00e9\u00bb en dix ans<\/span><\/strong><\/p>\n<p class=\"rtejustify\">L\u2019enqu\u00eate du HCP sur la pr\u00e9valence de la violence \u00e0 l\u2019\u00e9gard des femmes a \u00e9t\u00e9 r\u00e9alis\u00e9e entre f\u00e9vrier et juillet 2019. La deuxi\u00e8me en dix ans. Elle a cibl\u00e9 tout le territoire national avec un \u00e9chantillon de\u00a0 12.000 filles et femmes et 3.000 gar\u00e7ons et hommes, \u00e2g\u00e9s de 15 \u00e0 74 ans. Le HCP a voulu avoir \u00abla perception la plus large\u00bb de la violence physique, psychologique, \u00e9conomique et de son co\u00fbt financier et social\u2026 Son enqu\u00eate s\u2019appuie sur \u00ables exigences statistiques de l\u2019Agenda 2030 pour le d\u00e9veloppement durable\u00bb.<br \/>Bonne nouvelle: \u00abEn d\u00e9pit de son caract\u00e8re structurel, la violence \u00e0 l\u2019\u00e9gard des femmes a entam\u00e9 globalement une tendance \u00e0 la baisse entre 2009 et 2019\u00bb. La part des femmes ayant subi au moins un acte de violence a r\u00e9gress\u00e9 de 6 points en dix ans.<br \/>En revanche, \u00abcertaines manifestations de ce ph\u00e9nom\u00e8ne persistent\u00bb. Les violences \u00e9conomique et sexuelle ont connu des hausses de 7 et 5 points en une d\u00e9cennie!<\/p>\n<\/blockquote>\n<p class=\"rtejustify\"><em>Fai\u00e7al FAQUIHI \u00a0<\/em><\/p>\n<p class=\"rtejustify\">\u00a0<\/p>\n<p class=\"rtejustify\">\u00a0<\/p>\n<p>Auteur: hlafriqi<br \/>\n<a href=\"https:\/\/www.leconomiste.com\/article\/1060399-violence-contre-les-femmes-7-6-millions-de-victimes-en-un\">Cliquez ici pour lire l&rsquo;article depuis sa source.<\/a><\/p>\n","protected":false},"excerpt":{"rendered":"<p>L\u2019Economiste a sond\u00e9 des acteurs associatifs et analys\u00e9 l\u2019enqu\u00eate 2019 du Haut Commissariat au Plan (HCP). Sur 13,4 millions de femmes, 7,6 millions ont au moins subi un acte de violence durant les douze mois pr\u00e9c\u00e9dant l\u2019enqu\u00eate. Soit une femme sur deux! L\u2019enqu\u00eate rel\u00e8ve \u00ables\u00a0 grandes tendances et les perceptions d\u2019une soci\u00e9t\u00e9 plus sensible \u00e0 [&hellip;]<\/p>\n","protected":false},"author":1763,"featured_media":82039,"comment_status":"closed","ping_status":"closed","sticky":false,"template":"","format":"standard","meta":{"fifu_image_url":"","fifu_image_alt":"","footnotes":""},"categories":[78,54],"tags":[],"class_list":["post-82038","post","type-post","status-publish","format-standard","has-post-thumbnail","hentry","category-economie","category-maroc"],"_links":{"self":[{"href":"https:\/\/linitiative.ca\/International\/wp-json\/wp\/v2\/posts\/82038","targetHints":{"allow":["GET"]}}],"collection":[{"href":"https:\/\/linitiative.ca\/International\/wp-json\/wp\/v2\/posts"}],"about":[{"href":"https:\/\/linitiative.ca\/International\/wp-json\/wp\/v2\/types\/post"}],"author":[{"embeddable":true,"href":"https:\/\/linitiative.ca\/International\/wp-json\/wp\/v2\/users\/1763"}],"replies":[{"embeddable":true,"href":"https:\/\/linitiative.ca\/International\/wp-json\/wp\/v2\/comments?post=82038"}],"version-history":[{"count":0,"href":"https:\/\/linitiative.ca\/International\/wp-json\/wp\/v2\/posts\/82038\/revisions"}],"wp:featuredmedia":[{"embeddable":true,"href":"https:\/\/linitiative.ca\/International\/wp-json\/"}],"wp:attachment":[{"href":"https:\/\/linitiative.ca\/International\/wp-json\/wp\/v2\/media?parent=82038"}],"wp:term":[{"taxonomy":"category","embeddable":true,"href":"https:\/\/linitiative.ca\/International\/wp-json\/wp\/v2\/categories?post=82038"},{"taxonomy":"post_tag","embeddable":true,"href":"https:\/\/linitiative.ca\/International\/wp-json\/wp\/v2\/tags?post=82038"}],"curies":[{"name":"wp","href":"https:\/\/api.w.org\/{rel}","templated":true}]}}