{"id":82042,"date":"2020-04-11T19:32:00","date_gmt":"2020-04-11T23:32:00","guid":{"rendered":"https:\/\/linitiative.ca\/International\/pour-les-pays-les-plus-pauvres-le-pire-est-a-venir\/"},"modified":"2020-04-11T19:32:00","modified_gmt":"2020-04-11T23:32:00","slug":"pour-les-pays-les-plus-pauvres-le-pire-est-a-venir","status":"publish","type":"post","link":"https:\/\/linitiative.ca\/International\/pour-les-pays-les-plus-pauvres-le-pire-est-a-venir\/","title":{"rendered":"Pour les pays les plus pauvres, le pire est \u00e0 venir"},"content":{"rendered":"<p><strong><em>Trois mois apr\u00e8s le d\u00e9but de l\u2019\u00e9pid\u00e9mie de coronavirus, cet \u00e9v\u00e9nement nous appara\u00eet clairement pour ce qu\u2019il est : une trag\u00e9die humaine qui porte \u00e0 l&rsquo;\u00e9conomie plan\u00e9taire un coup d\u2019une gravit\u00e9 sans pr\u00e9c\u00e9dent depuis la Seconde Guerre mondiale. Dans les \u00e9conomies d\u00e9velopp\u00e9es comme dans les pays en d\u00e9veloppement, la vague de la pand\u00e9mie a rapidement submerg\u00e9 les syst\u00e8mes de sant\u00e9, avec des r\u00e9percussions sociales et \u00e9conomiques qui s\u2019annoncent d\u2019une ampleur in\u00e9gal\u00e9e.<\/em><\/strong><\/p>\n<p>Pour les pays les plus pauvres cependant, le pire est \u00e0 venir. Car ils sont profond\u00e9ment d\u00e9favoris\u00e9s pour affronter la crise : leurs syst\u00e8mes sanitaires sont fragiles et leur acc\u00e8s \u00e0 des fournitures m\u00e9dicales indispensables pr\u00e9caire, tandis que leur \u00e9conomie est moins r\u00e9siliente aux chocs et fortement tributaire des \u00e9changes commerciaux. Les pays les plus pauvres risquent d\u2019\u00eatre bient\u00f4t touch\u00e9s sur tous les fronts, et la catastrophe \u00e9conomique et sociale qui les frappera aura des effets qui se propageront dans l\u2019ensemble du monde, en favorisant la diffusion du virus et en mettant en p\u00e9ril le redressement de l\u2019\u00e9conomie mondiale.<\/p>\n<p><strong>Dans l\u2019int\u00e9r\u00eat de tous<\/strong><\/p>\n<p>La coop\u00e9ration pour aider ces pays \u00e0 \u00e9viter le pire n\u2019est pas seulement un imp\u00e9ratif moral : elle est dans l\u2019int\u00e9r\u00eat de tous. Les choix que nous faisons aujourd\u2019hui auront des effets durables sur la capacit\u00e9 des pays en d\u00e9veloppement \u00e0 faire face \u00e0 la crise sanitaire et \u00e9conomique. Trop de pays prennent actuellement des mesures de nature \u00e0 compromettre l\u2019acc\u00e8s aux produits m\u00e9dicaux et \u00e0 d\u00e9stabiliser les march\u00e9s alimentaires. Pourtant, le pass\u00e9 r\u00e9cent nous a appris que ces politiques, outre le fait qu\u2019elles sont inefficaces, ont en r\u00e9alit\u00e9 pour effet d\u2019aggraver le mal qu\u2019elles pr\u00e9tendent combattre. Il serait au contraire plus judicieux d\u2019adopter une approche coordonn\u00e9e afin d&rsquo;accro\u00eetre la production et de r\u00e9pondre aux besoins des plus vuln\u00e9rables.<\/p>\n<p>Si la grande majorit\u00e9 des cas d\u2019infections au coronavirus signal\u00e9s jusqu\u2019\u00e0 pr\u00e9sent ont concern\u00e9 des pays d\u00e9velopp\u00e9s, le nombre de contaminations dans les pays en d\u00e9veloppement pourrait augmenter consid\u00e9rablement dans les prochains mois. Quoi qu\u2019il en soit, les ravages \u00e9conomiques de la pand\u00e9mie se propagent d\u00e9j\u00e0 : les chocs d\u2019offre et de demande se conjuguent et se r\u00e9percutent d\u2019un pays \u00e0 l\u2019autre \u00e0 travers leurs effets sur les voyages, le commerce, la finance, les march\u00e9s des produits de base et la confiance des investisseurs. Parmi les pays les plus touch\u00e9s par le coronavirus, dix-sept sont des plaques tournantes essentielles dans les r\u00e9seaux du commerce mondial, ce qui contribue \u00e0 amplifier les r\u00e9percussions \u00e9conomiques pour les pays en d\u00e9veloppement.<\/p>\n<p><strong>Tensions exacerb\u00e9es<\/strong><\/p>\n<p>La pand\u00e9mie est d\u00e9j\u00e0 \u00e0 l\u2019origine d\u2019une p\u00e9nurie mondiale de fournitures m\u00e9dicales. Or la hausse des restrictions \u00e0 l\u2019exportation exacerbe les tensions sur l\u2019offre et fait augmenter les prix. Le Groupe de la Banque mondiale a r\u00e9cemment lanc\u00e9 une nouvelle base de donn\u00e9es (a) afin de suivre l\u2019\u00e9volution des effets de ces politiques commerciales. Nos travaux mettent en lumi\u00e8re la grande vuln\u00e9rabilit\u00e9 des pays en d\u00e9veloppement en ce qui concerne l\u2019approvisionnement en fournitures m\u00e9dicales : dans les 20 pays en d\u00e9veloppement les plus touch\u00e9s par la pand\u00e9mie, cinq partenaires commerciaux seulement assurent l\u2019importation de 80 % des produits indispensables \u00e0 la lutte contre le coronavirus. Selon notre analyse (a), les restrictions d\u00e9j\u00e0 impos\u00e9es sur les exportations de masques de protection vont probablement entra\u00eener une hausse des prix de plus de 20 % ; en cas d&rsquo;escalade des restrictions, les prix pourraient m\u00eame flamber de plus de 40 %.<\/p>\n<p>Apr\u00e8s les p\u00e9nuries de fournitures m\u00e9dicales, les denr\u00e9es alimentaires pourraient venir \u00e0 manquer, alors m\u00eame que les niveaux de production devraient atteindre des sommets en 2020. En cause, la d\u00e9sorganisation des cha\u00eenes d\u2019approvisionnement, le manque de main-d\u2019\u0153uvre caus\u00e9 par une morbidit\u00e9 accrue et la chute de l&rsquo;activit\u00e9 dans les petites et moyennes entreprises (PME), dont un grand nombre risquerait de devoir mettre la cl\u00e9 sous la porte. Les exportations chinoises de produits agricoles ont par exemple recul\u00e9 de 12 % au cours des deux premiers mois de 2020.<\/p>\n<p>La vitesse et l\u2019ampleur avec laquelle s\u2019est r\u00e9pandu ce virus meurtrier ces trois derniers mois ne laissent plus planer aucun doute sur le danger majeur qu\u2019il repr\u00e9sente. Faire cavalier seul n\u2019est plus une option. Les pays qui restent int\u00e9gr\u00e9s dans l\u2019\u00e9conomie mondiale seront les mieux plac\u00e9s pour faire face efficacement \u00e0 la crise \u00e0 court terme et se relever plus rapidement \u00e0 moyen terme. Nous sortirons beaucoup plus forts si nous travaillons tous ensemble en nous concentrant r\u00e9solument sur l\u2019avenir.<\/p>\n<p>Auteur: letemps1<br \/>\n<a href=\"http:\/\/www.letemps.com.tn\/article\/112721\/pour-les-pays-les-plus-pauvres-le-pire-est-%C3%A0-venir\">Cliquez ici pour lire l&rsquo;article depuis sa source.<\/a><\/p>\n","protected":false},"excerpt":{"rendered":"<p>Trois mois apr\u00e8s le d\u00e9but de l\u2019\u00e9pid\u00e9mie de coronavirus, cet \u00e9v\u00e9nement nous appara\u00eet clairement pour ce qu\u2019il est : une trag\u00e9die humaine qui porte \u00e0 l&rsquo;\u00e9conomie plan\u00e9taire un coup d\u2019une gravit\u00e9 sans pr\u00e9c\u00e9dent depuis la Seconde Guerre mondiale. Dans les \u00e9conomies d\u00e9velopp\u00e9es comme dans les pays en d\u00e9veloppement, la vague de la pand\u00e9mie a rapidement [&hellip;]<\/p>\n","protected":false},"author":1773,"featured_media":0,"comment_status":"closed","ping_status":"closed","sticky":false,"template":"","format":"standard","meta":{"fifu_image_url":"","fifu_image_alt":"","footnotes":""},"categories":[73,55],"tags":[],"class_list":["post-82042","post","type-post","status-publish","format-standard","hentry","category-actualite","category-tunisie"],"_links":{"self":[{"href":"https:\/\/linitiative.ca\/International\/wp-json\/wp\/v2\/posts\/82042","targetHints":{"allow":["GET"]}}],"collection":[{"href":"https:\/\/linitiative.ca\/International\/wp-json\/wp\/v2\/posts"}],"about":[{"href":"https:\/\/linitiative.ca\/International\/wp-json\/wp\/v2\/types\/post"}],"author":[{"embeddable":true,"href":"https:\/\/linitiative.ca\/International\/wp-json\/wp\/v2\/users\/1773"}],"replies":[{"embeddable":true,"href":"https:\/\/linitiative.ca\/International\/wp-json\/wp\/v2\/comments?post=82042"}],"version-history":[{"count":0,"href":"https:\/\/linitiative.ca\/International\/wp-json\/wp\/v2\/posts\/82042\/revisions"}],"wp:attachment":[{"href":"https:\/\/linitiative.ca\/International\/wp-json\/wp\/v2\/media?parent=82042"}],"wp:term":[{"taxonomy":"category","embeddable":true,"href":"https:\/\/linitiative.ca\/International\/wp-json\/wp\/v2\/categories?post=82042"},{"taxonomy":"post_tag","embeddable":true,"href":"https:\/\/linitiative.ca\/International\/wp-json\/wp\/v2\/tags?post=82042"}],"curies":[{"name":"wp","href":"https:\/\/api.w.org\/{rel}","templated":true}]}}