{"id":82049,"date":"2020-04-12T15:10:26","date_gmt":"2020-04-12T19:10:26","guid":{"rendered":"https:\/\/linitiative.ca\/International\/pros-bennacer-dans-les-plans-de-manchester-city\/"},"modified":"2020-04-12T15:10:26","modified_gmt":"2020-04-12T19:10:26","slug":"pros-bennacer-dans-les-plans-de-manchester-city","status":"publish","type":"post","link":"https:\/\/linitiative.ca\/International\/pros-bennacer-dans-les-plans-de-manchester-city\/","title":{"rendered":"Pros : Bennacer dans les plans de Manchester City"},"content":{"rendered":"<div readability=\"32\">\n<p>Auteur : <span>Moumen A.<\/span> <span class=\"time\">dimanche 12 avril 2020 15:34<\/span><\/p>\n<\/div>\n<div id=\"post_core\" readability=\"44\">\n<p>Comme tous les clubs d\u00e9sireux de renforcer leur \u00e9quipe, Manchester\u00a0 City, a commenc\u00e9 t\u00f4t la prospection concernant \u00a0son march\u00e9 de transfert. Ainsi, si l\u2019on croit le site tr\u00e8s au fait des affaires\u00a0 des Citizens Manchestereveningnews.co.uk,\u00a0 le milieu de terrain alg\u00e9rien du Milan AC\u00a0 Ismael Bennacer\u00a0 int\u00e9resserait au plus haut point le club champion d\u2019Angleterre. R\u00e9pondant au profil du style de jeu\u00a0pr\u00e9conis\u00e9 par Pep Guardiola, l\u2019ancien Guenners se pr\u00e9sente comme une recrue dont les dirigeants de Manchester City veulent faire venir en \u00e9t\u00e9.\u00a0 Ismael\u00a0 n\u2019est pas le seul joueur cibl\u00e9 puisque ce m\u00eame site anglais \u00e9voque le milieu de terrain ghan\u00e9en de l\u2019Athletico Madrid Thomas Prety, et l\u2019attaquant form\u00e9 au FC Barcelone actuellement \u00e0\u00a0 Wolverhampton Adama Traore.<br \/><strong>Guardiola serait d\u00e9j\u00e0 sous le charme\u00a0<\/strong><br \/>\u00a0Pur produit d&rsquo;Arsenal,\u00a0\u00a0 Ismael Bennacer a franchi un grand pas avec le Milan AC.\u00a0 Tr\u00e8s \u00e0 l\u2019aise l\u2019ancien joueur d\u2019Empli a montr\u00e9 une facilit\u00e9 d\u00e9concertante avec le ballon.\u00a0 En plus de sa technique et son efficacit\u00e9 en passes r\u00e9ussies, l\u2019Alg\u00e9rien s\u2019en sort souvent bien balle au pied lorsqu\u2019il est press\u00e9. C\u2019est\u00a0 ce qui fait de lui un milieu de terrain d\u00e9sir\u00e9 par les Citizens. \u00ab Bennacer r\u00e9ussit r\u00e9guli\u00e8rement au moins trois dribbles\u00a0 par match avec un taux de r\u00e9ussite stup\u00e9fiant de 80%. Cela le place parmi les dribbleurs les plus efficaces d&rsquo;Europe.\u00a0\u00ab\u00a0Bennacer\u00a0 n&rsquo;est peut-\u00eatre pas\u00a0 plus grand ou\u00a0\u00a0 plus rapide\u00a0\u00a0 que Rodri ou Ilkay G\u00fcndogan, mais c&rsquo;est un joueur que vous pr\u00e9f\u00e9reriez\u00a0nettement\u00a0\u00a0avoir dans votre \u00e9quipe plut\u00f4t que contre vous \u00bb Peut-on lire notamment dans l\u2019article consacr\u00e9 au recrutement de l\u2019international l\u2019Alg\u00e9rien sur le site Manchestereveningnews.co.uk.<br \/><strong>Moumen A.<\/strong><\/p>\n<p><strong>Publi\u00e9 dans :<\/strong> <span>BENNACER<\/span><\/p>\n<\/div>\n<p>Auteur:<br \/>\n<a href=\"http:\/\/www.lebuteur.com\/article\/detail?titre=bennacer-dans-les-plans-de-manchester-city&#038;id=95603&#038;utm_source=feedburner&#038;utm_medium=feed&#038;utm_campaign=Feed%3A+GalerieFArtciles+%28Les+derniers+articles++-+lebuteur.com%29\">Cliquez ici pour lire l&rsquo;article depuis sa source.<\/a><\/p>\n","protected":false},"excerpt":{"rendered":"<p>Auteur : Moumen A. dimanche 12 avril 2020 15:34 Comme tous les clubs d\u00e9sireux de renforcer leur \u00e9quipe, Manchester\u00a0 City, a commenc\u00e9 t\u00f4t la prospection concernant \u00a0son march\u00e9 de transfert. Ainsi, si l\u2019on croit le site tr\u00e8s au fait des affaires\u00a0 des Citizens Manchestereveningnews.co.uk,\u00a0 le milieu de terrain alg\u00e9rien du Milan AC\u00a0 Ismael Bennacer\u00a0 int\u00e9resserait [&hellip;]<\/p>\n","protected":false},"author":1738,"featured_media":82050,"comment_status":"closed","ping_status":"closed","sticky":false,"template":"","format":"standard","meta":{"fifu_image_url":"","fifu_image_alt":"","footnotes":""},"categories":[53,75],"tags":[],"class_list":["post-82049","post","type-post","status-publish","format-standard","has-post-thumbnail","hentry","category-algerie","category-sport"],"_links":{"self":[{"href":"https:\/\/linitiative.ca\/International\/wp-json\/wp\/v2\/posts\/82049","targetHints":{"allow":["GET"]}}],"collection":[{"href":"https:\/\/linitiative.ca\/International\/wp-json\/wp\/v2\/posts"}],"about":[{"href":"https:\/\/linitiative.ca\/International\/wp-json\/wp\/v2\/types\/post"}],"author":[{"embeddable":true,"href":"https:\/\/linitiative.ca\/International\/wp-json\/wp\/v2\/users\/1738"}],"replies":[{"embeddable":true,"href":"https:\/\/linitiative.ca\/International\/wp-json\/wp\/v2\/comments?post=82049"}],"version-history":[{"count":0,"href":"https:\/\/linitiative.ca\/International\/wp-json\/wp\/v2\/posts\/82049\/revisions"}],"wp:featuredmedia":[{"embeddable":true,"href":"https:\/\/linitiative.ca\/International\/wp-json\/"}],"wp:attachment":[{"href":"https:\/\/linitiative.ca\/International\/wp-json\/wp\/v2\/media?parent=82049"}],"wp:term":[{"taxonomy":"category","embeddable":true,"href":"https:\/\/linitiative.ca\/International\/wp-json\/wp\/v2\/categories?post=82049"},{"taxonomy":"post_tag","embeddable":true,"href":"https:\/\/linitiative.ca\/International\/wp-json\/wp\/v2\/tags?post=82049"}],"curies":[{"name":"wp","href":"https:\/\/api.w.org\/{rel}","templated":true}]}}