{"id":82065,"date":"2020-04-12T12:54:38","date_gmt":"2020-04-12T16:54:38","guid":{"rendered":"https:\/\/linitiative.ca\/International\/103962-sport-coronavirus-la-19e-edition-des-jeux-mediterraneens-du-25-juin-au-5-juillet-2022-a-oran\/"},"modified":"2020-04-12T12:54:38","modified_gmt":"2020-04-12T16:54:38","slug":"103962-sport-coronavirus-la-19e-edition-des-jeux-mediterraneens-du-25-juin-au-5-juillet-2022-a-oran","status":"publish","type":"post","link":"https:\/\/linitiative.ca\/International\/103962-sport-coronavirus-la-19e-edition-des-jeux-mediterraneens-du-25-juin-au-5-juillet-2022-a-oran\/","title":{"rendered":"La 19e \u00e9dition des Jeux M\u00e9diterran\u00e9ens du 25 juin au 5 juillet 2022 \u00e0 Oran"},"content":{"rendered":"<div readability=\"39\">\n<p><strong>ALGER- La 19e \u00e9dition des Jeux M\u00e9diterran\u00e9ens, initialement pr\u00e9vue du 25 juin au 5 juillet 2021 \u00e0 Oran, a \u00e9t\u00e9 d\u00e9cal\u00e9e d&rsquo;une ann\u00e9e, jour pour jour, en raison de la pand\u00e9mie du nouveau Coronavirus, a annonc\u00e9 dimanche le minist\u00e8re de la Jeunesse et des sports (MJS).<\/strong><\/p>\n<\/div>\n<div readability=\"71.5\">\n<p>\u00ab\u00a0On s&rsquo;est mis d&rsquo;accord avec le Conseil international des Jeux M\u00e9diterran\u00e9ens pour que cette \u00e9dition se d\u00e9roule du 25 juin au 5 juillet 2022\u00a0\u00bb a indiqu\u00e9 le MJS dans un communiqu\u00e9, dont une copie a \u00e9t\u00e9 transmise \u00e0 l&rsquo;APS. La c\u00e9r\u00e9monie de cl\u00f4ture des Jeux M\u00e9diterran\u00e9ens 2022 pr\u00e9vue le 5 juillet 2022, co\u00efncidera avec le 60e anniversaire de la f\u00eate de l&rsquo;ind\u00e9pendance et de la jeunesse, souligne la m\u00eame source.<\/p>\n<p>Le gouvernement alg\u00e9rien et le Comit\u00e9 international des Jeux m\u00e9diterran\u00e9ens (CIJM) avaient pris le 31 mars dernier la d\u00e9cision commune de reporter, d&rsquo;une ann\u00e9e, les Jeux m\u00e9diterran\u00e9ens d&rsquo;Oran qui se tiendront d\u00e9sormais en 2022.<\/p>\n<blockquote readability=\"12\">\n<p><strong><em>\u00ab\u00a0Le report des Jeux m\u00e9diterran\u00e9ens d&rsquo;Oran est essentiellement motiv\u00e9 par le souci commun de r\u00e9am\u00e9nager leur p\u00e9riodicit\u00e9 par rapport au calendrier olympique, de rehausser la qualit\u00e9 des Jeux et leur rayonnement, ainsi que la pr\u00e9servation de la sant\u00e9 des athl\u00e8tes, tout en leur assurant une pr\u00e9paration optimale en pr\u00e9vision de cet important rendez-vous\u00a0\u00bb, avait d\u00e9clar\u00e9 le ministre Sid Ali Khaldi.<\/em><\/strong><\/p>\n<\/blockquote>\n<p>De son c\u00f4t\u00e9, le pr\u00e9sident du comit\u00e9 international des Jeux M\u00e9diterran\u00e9ens, l&rsquo;Alg\u00e9rien Amar Addadi avait salu\u00e9 la d\u00e9cision prise par le gouvernement alg\u00e9rien, soulignant que l&rsquo;instance m\u00e9diterran\u00e9enne a demand\u00e9 le report de la 19e \u00e9dition d&rsquo;Oran par rapport \u00e0 la reprogrammation des Jeux olympiques-2020 de Tokyo, qui finalement auront lieu en 2021.<\/p>\n<blockquote readability=\"11\">\n<p><strong><em>\u00ab\u00a0Le CIJM a demand\u00e9 le report de la 19e \u00e9dition des Jeux m\u00e9diterran\u00e9ens \u00e0 2022 pour des raisons qui sont essentiellement li\u00e9es au calendrier olympique\u00a0\u00bb, a-t-il expliqu\u00e9, en pr\u00e9cisant que \u00ab\u00a0le Comit\u00e9 d&rsquo;organisation aura plus de temps pour r\u00e9unir toutes les conditions et offrir ainsi \u00e0 l&rsquo;ensemble des athl\u00e8tes m\u00e9diterran\u00e9ens une \u00e9dition brillante, qui hisse plus haut l&rsquo;image de l&rsquo;Alg\u00e9rie\u00a0\u00bb.<\/em><\/strong><\/p>\n<\/blockquote>\n<p>Le pr\u00e9sident du CIJM avait r\u00e9it\u00e9r\u00e9 l&rsquo;engagement de son instance \u00e0 poursuivre et \u00e0 consolider la coop\u00e9ration \u00e0 l&rsquo;effet d&rsquo;assurer les conditions \u00ab\u00a0optimales\u00a0\u00bb d&rsquo;un succ\u00e8s \u00ab\u00a0retentissant\u00a0\u00bb des JM d&rsquo;Oran.<\/p>\n<p>Pour rappel, les Jeux Olympiques de Tokyo, initialement programm\u00e9s du 24 juillet au 9 ao\u00fbt 2020 avant leur report pour cause de Coronavirus, auront lieu finalement du 23 juillet au 8 ao\u00fbt 2021.<\/p>\n<\/div>\n<p>Auteur:<br \/>\n<a href=\"http:\/\/www.aps.dz\/sport\/103962-sport-coronavirus-la-19e-edition-des-jeux-mediterraneens-du-25-juin-au-5-juillet-2022-a-oran?utm_source=feedburner&#038;utm_medium=feed&#038;utm_campaign=Feed%3A+aps-sport+%28APS+-+SPORT%29\">Cliquez ici pour lire l&rsquo;article depuis sa source.<\/a><\/p>\n","protected":false},"excerpt":{"rendered":"<p>ALGER- La 19e \u00e9dition des Jeux M\u00e9diterran\u00e9ens, initialement pr\u00e9vue du 25 juin au 5 juillet 2021 \u00e0 Oran, a \u00e9t\u00e9 d\u00e9cal\u00e9e d&rsquo;une ann\u00e9e, jour pour jour, en raison de la pand\u00e9mie du nouveau Coronavirus, a annonc\u00e9 dimanche le minist\u00e8re de la Jeunesse et des sports (MJS). \u00ab\u00a0On s&rsquo;est mis d&rsquo;accord avec le Conseil international des [&hellip;]<\/p>\n","protected":false},"author":1790,"featured_media":0,"comment_status":"closed","ping_status":"closed","sticky":false,"template":"","format":"standard","meta":{"fifu_image_url":"","fifu_image_alt":"","footnotes":""},"categories":[53,75],"tags":[],"class_list":["post-82065","post","type-post","status-publish","format-standard","hentry","category-algerie","category-sport"],"_links":{"self":[{"href":"https:\/\/linitiative.ca\/International\/wp-json\/wp\/v2\/posts\/82065","targetHints":{"allow":["GET"]}}],"collection":[{"href":"https:\/\/linitiative.ca\/International\/wp-json\/wp\/v2\/posts"}],"about":[{"href":"https:\/\/linitiative.ca\/International\/wp-json\/wp\/v2\/types\/post"}],"author":[{"embeddable":true,"href":"https:\/\/linitiative.ca\/International\/wp-json\/wp\/v2\/users\/1790"}],"replies":[{"embeddable":true,"href":"https:\/\/linitiative.ca\/International\/wp-json\/wp\/v2\/comments?post=82065"}],"version-history":[{"count":0,"href":"https:\/\/linitiative.ca\/International\/wp-json\/wp\/v2\/posts\/82065\/revisions"}],"wp:attachment":[{"href":"https:\/\/linitiative.ca\/International\/wp-json\/wp\/v2\/media?parent=82065"}],"wp:term":[{"taxonomy":"category","embeddable":true,"href":"https:\/\/linitiative.ca\/International\/wp-json\/wp\/v2\/categories?post=82065"},{"taxonomy":"post_tag","embeddable":true,"href":"https:\/\/linitiative.ca\/International\/wp-json\/wp\/v2\/tags?post=82065"}],"curies":[{"name":"wp","href":"https:\/\/api.w.org\/{rel}","templated":true}]}}