{"id":82066,"date":"2020-04-12T11:33:00","date_gmt":"2020-04-12T15:33:00","guid":{"rendered":"https:\/\/linitiative.ca\/International\/projet-desertec-signature-dun-accord-de-principe-entre-lalgerie-et-lallemagne\/"},"modified":"2020-04-12T11:33:00","modified_gmt":"2020-04-12T15:33:00","slug":"projet-desertec-signature-dun-accord-de-principe-entre-lalgerie-et-lallemagne","status":"publish","type":"post","link":"https:\/\/linitiative.ca\/International\/projet-desertec-signature-dun-accord-de-principe-entre-lalgerie-et-lallemagne\/","title":{"rendered":"PROJET DESERTEC  : Signature d\u2019un Accord  de principe entre l\u2019Alg\u00e9rie  et l\u2019Allemagne"},"content":{"rendered":"<p><br id=\"sep_para_1\" class=\"sep_para access\"\/><\/p>\n<div id=\"para_1\" class=\"para_36441368 resize\">\n<div class=\"texte access firstletter\">Le ministre de l\u2019Energie Mohamed Arkab a d\u00e9clar\u00e9 dimache, que l\u2019Alg\u00e9rie avait sign\u00e9 un accord pr\u00e9liminaire avec l\u2019Allemagne afin de lancer son projet Desertec. Arkab a confirm\u00e9, lors de son passage en tant qu\u2019invit\u00e9 sur les ondes de la radio nationale lors de l\u2019\u00e9mission \u00ab Deif El Sabah \u00bb, que le projet d\u2019\u00e9nergie solaire Desertec a connu de grands progr\u00e8s au cours de la derni\u00e8re p\u00e9riode, et que l\u2019accord initial a \u00e9t\u00e9 sign\u00e9 au d\u00e9but de ce mois. D\u2019autres parts, le m\u00eame responsable a ajout\u00e9 que le pr\u00e9sident et directeur g\u00e9n\u00e9ral du Groupe de Sonalgaz et le partenaire allemand communiquent ces jours-ci \u00e0 travers la technologie de la vid\u00e9o \u00e0 distance en pr\u00e9paration de l\u2019accord technique, ainsi que la d\u00e9termination des capacit\u00e9s naturelles et des qualifications que l\u2019Alg\u00e9rie poss\u00e8de de l\u2019\u00e9nergie solaire. Dans le m\u00eame contexte, Arkab a r\u00e9v\u00e9l\u00e9 que le projet d\u2019\u00e9nergie solaire Desertec n\u2019est qu\u2019un projet qui s\u2019inscrit dans le cadre d\u2019une strat\u00e9gie \u00e9nerg\u00e9tique nationale en cours de pr\u00e9paration en coordination avec plusieurs minist\u00e8res, dirig\u00e9e par le minist\u00e8re de l\u2019Enseignement sup\u00e9rieur et de la Recherche scientifique, et cette strat\u00e9gie sera pr\u00e9sent\u00e9e prochainement, le programme du Gouvernement, issu des engagements du Chef de l\u2019\u00e9tat , incluant un point central, \u00e0 savoir \u00ab la transition \u00e9nerg\u00e9tique \u00bb, comprend un programme dont la mise en \u0153uvre est en cours pour proc\u00e9der \u00e0 la transition de l\u2019\u00e9nergie \u00e9lectrique produite \u00e0 partir du gaz vers l\u2019\u00e9nergie \u00e9lectrique photovolta\u00efque.<\/div>\n<\/div>\n<p>Auteur: Ismain<br \/>\n<a href=\"https:\/\/www.reflexiondz.net\/PROJET-DESERTEC-Signature-d-un-Accord-de-principe-entre-l-Algerie-et-l-Allemagne_a61947.html\">Cliquez ici pour lire l&rsquo;article depuis sa source.<\/a><\/p>\n","protected":false},"excerpt":{"rendered":"<p>Le ministre de l\u2019Energie Mohamed Arkab a d\u00e9clar\u00e9 dimache, que l\u2019Alg\u00e9rie avait sign\u00e9 un accord pr\u00e9liminaire avec l\u2019Allemagne afin de lancer son projet Desertec. Arkab a confirm\u00e9, lors de son passage en tant qu\u2019invit\u00e9 sur les ondes de la radio nationale lors de l\u2019\u00e9mission \u00ab Deif El Sabah \u00bb, que le projet d\u2019\u00e9nergie solaire Desertec [&hellip;]<\/p>\n","protected":false},"author":1740,"featured_media":0,"comment_status":"closed","ping_status":"closed","sticky":false,"template":"","format":"standard","meta":{"fifu_image_url":"","fifu_image_alt":"","footnotes":""},"categories":[53,76],"tags":[],"class_list":["post-82066","post","type-post","status-publish","format-standard","hentry","category-algerie","category-regions"],"_links":{"self":[{"href":"https:\/\/linitiative.ca\/International\/wp-json\/wp\/v2\/posts\/82066","targetHints":{"allow":["GET"]}}],"collection":[{"href":"https:\/\/linitiative.ca\/International\/wp-json\/wp\/v2\/posts"}],"about":[{"href":"https:\/\/linitiative.ca\/International\/wp-json\/wp\/v2\/types\/post"}],"author":[{"embeddable":true,"href":"https:\/\/linitiative.ca\/International\/wp-json\/wp\/v2\/users\/1740"}],"replies":[{"embeddable":true,"href":"https:\/\/linitiative.ca\/International\/wp-json\/wp\/v2\/comments?post=82066"}],"version-history":[{"count":0,"href":"https:\/\/linitiative.ca\/International\/wp-json\/wp\/v2\/posts\/82066\/revisions"}],"wp:attachment":[{"href":"https:\/\/linitiative.ca\/International\/wp-json\/wp\/v2\/media?parent=82066"}],"wp:term":[{"taxonomy":"category","embeddable":true,"href":"https:\/\/linitiative.ca\/International\/wp-json\/wp\/v2\/categories?post=82066"},{"taxonomy":"post_tag","embeddable":true,"href":"https:\/\/linitiative.ca\/International\/wp-json\/wp\/v2\/tags?post=82066"}],"curies":[{"name":"wp","href":"https:\/\/api.w.org\/{rel}","templated":true}]}}