{"id":82068,"date":"2020-04-12T11:47:00","date_gmt":"2020-04-12T15:47:00","guid":{"rendered":"https:\/\/linitiative.ca\/International\/apn-des-deputes-refusent-de-faire-don\/"},"modified":"2020-04-12T11:47:00","modified_gmt":"2020-04-12T15:47:00","slug":"apn-des-deputes-refusent-de-faire-don","status":"publish","type":"post","link":"https:\/\/linitiative.ca\/International\/apn-des-deputes-refusent-de-faire-don\/","title":{"rendered":"APN : Des d\u00e9put\u00e9s refusent de  faire don!"},"content":{"rendered":"<p><br id=\"sep_para_1\" class=\"sep_para access\"\/><\/p>\n<div id=\"para_1\" class=\"para_36441379 resize\">\n<div class=\"texte access firstletter\">\u00a0Des d\u00e9put\u00e9s de l\u2019APN, l\u2019Assembl\u00e9e populaire nationale que dirige Slimane Chenine, ont refus\u00e9 de faire don d\u2019un mois de leur salaire au profit du Fonds national de solidarit\u00e9 et de lutte contre la pand\u00e9mie du coronavirus.\u00a0 En effet, selon le journal \u00ab Libert\u00e9 \u00bb qui a rapport\u00e9 l\u2019information, ils sont une trentaine de d\u00e9put\u00e9s \u00e0 dire non \u00e0 l\u2019appel du gouvernement aux hauts cadres de l\u2019Etat pour faire don d\u2019une mensualit\u00e9 au Fonds de solidarit\u00e9 pour faire face \u00e0 l\u2019\u00e9pid\u00e9mie de coronavirus. Le journal n\u2019a par ailleurs pas pr\u00e9cis\u00e9 l\u2019appartenance politique des d\u00e9put\u00e9s qui ont refus\u00e9 de faire ce geste de solidarit\u00e9 en ces moments difficile que traverse le pays.<\/div>\n<\/div>\n<p>Auteur: R\u00e9flexion<br \/>\n<a href=\"https:\/\/www.reflexiondz.net\/APN-Des-deputes-refusent-de-faire-don_a61951.html\">Cliquez ici pour lire l&rsquo;article depuis sa source.<\/a><\/p>\n","protected":false},"excerpt":{"rendered":"<p>\u00a0Des d\u00e9put\u00e9s de l\u2019APN, l\u2019Assembl\u00e9e populaire nationale que dirige Slimane Chenine, ont refus\u00e9 de faire don d\u2019un mois de leur salaire au profit du Fonds national de solidarit\u00e9 et de lutte contre la pand\u00e9mie du coronavirus.\u00a0 En effet, selon le journal \u00ab Libert\u00e9 \u00bb qui a rapport\u00e9 l\u2019information, ils sont une trentaine de d\u00e9put\u00e9s \u00e0 [&hellip;]<\/p>\n","protected":false},"author":1740,"featured_media":0,"comment_status":"closed","ping_status":"closed","sticky":false,"template":"","format":"standard","meta":{"fifu_image_url":"","fifu_image_alt":"","footnotes":""},"categories":[53,76],"tags":[],"class_list":["post-82068","post","type-post","status-publish","format-standard","hentry","category-algerie","category-regions"],"_links":{"self":[{"href":"https:\/\/linitiative.ca\/International\/wp-json\/wp\/v2\/posts\/82068","targetHints":{"allow":["GET"]}}],"collection":[{"href":"https:\/\/linitiative.ca\/International\/wp-json\/wp\/v2\/posts"}],"about":[{"href":"https:\/\/linitiative.ca\/International\/wp-json\/wp\/v2\/types\/post"}],"author":[{"embeddable":true,"href":"https:\/\/linitiative.ca\/International\/wp-json\/wp\/v2\/users\/1740"}],"replies":[{"embeddable":true,"href":"https:\/\/linitiative.ca\/International\/wp-json\/wp\/v2\/comments?post=82068"}],"version-history":[{"count":0,"href":"https:\/\/linitiative.ca\/International\/wp-json\/wp\/v2\/posts\/82068\/revisions"}],"wp:attachment":[{"href":"https:\/\/linitiative.ca\/International\/wp-json\/wp\/v2\/media?parent=82068"}],"wp:term":[{"taxonomy":"category","embeddable":true,"href":"https:\/\/linitiative.ca\/International\/wp-json\/wp\/v2\/categories?post=82068"},{"taxonomy":"post_tag","embeddable":true,"href":"https:\/\/linitiative.ca\/International\/wp-json\/wp\/v2\/tags?post=82068"}],"curies":[{"name":"wp","href":"https:\/\/api.w.org\/{rel}","templated":true}]}}