{"id":82069,"date":"2020-04-12T11:47:00","date_gmt":"2020-04-12T15:47:00","guid":{"rendered":"https:\/\/linitiative.ca\/International\/le-procureur-de-kolea-dement-la-mort-de-prisonniers\/"},"modified":"2020-04-12T11:47:00","modified_gmt":"2020-04-12T15:47:00","slug":"le-procureur-de-kolea-dement-la-mort-de-prisonniers","status":"publish","type":"post","link":"https:\/\/linitiative.ca\/International\/le-procureur-de-kolea-dement-la-mort-de-prisonniers\/","title":{"rendered":"Le procureur de Kol\u00e9a d\u00e9ment la mort de prisonniers"},"content":{"rendered":"<p><br id=\"sep_para_1\" class=\"sep_para access\"\/><\/p>\n<div id=\"para_1\" class=\"para_36441377 resize\">\n<div class=\"texte access firstletter\">Le procureur pr\u00e8s du tribunal de Kol\u00e9a a d\u00e9menti, samedi via un communiqu\u00e9, les rumeurs de d\u00e9c\u00e8s de prisonniers au coronavirus \u00e0 la prison de Kol\u00e9a. En effet, le procureur a fait \u00e9tat \u00abd\u2019informations relay\u00e9es sur les r\u00e9seaux sociaux, indiquant le d\u00e9c\u00e8s de 12 d\u00e9tenus \u00e0 la prison de Kol\u00e9a, des suites de l\u2019\u00e9pid\u00e9mie du Covid-19, et le refus du minist\u00e8re de la justice dirig\u00e9e par Belkacem Zeghmati\u00a0 de remettre les d\u00e9pouilles aux familles \u00bb. Sur ce, \u00ab nous tenons \u00e0 informer l\u2019opinion publique, que ce qui a \u00e9t\u00e9 publi\u00e9 est totalement infond\u00e9 \u00bb, indique le communiqu\u00e9. En outre, le parquet a ouvert une enqu\u00eate judiciaire afin d\u2019identifier l\u2019auteur de la publication, pour engager des poursuites \u00e0 son encontre \u00bb.<\/div>\n<\/div>\n<p>Auteur: R\u00e9flexion<br \/>\n<a href=\"https:\/\/www.reflexiondz.net\/Le-procureur-de-Kolea-dement-la-mort-de-prisonniers_a61949.html\">Cliquez ici pour lire l&rsquo;article depuis sa source.<\/a><\/p>\n","protected":false},"excerpt":{"rendered":"<p>Le procureur pr\u00e8s du tribunal de Kol\u00e9a a d\u00e9menti, samedi via un communiqu\u00e9, les rumeurs de d\u00e9c\u00e8s de prisonniers au coronavirus \u00e0 la prison de Kol\u00e9a. En effet, le procureur a fait \u00e9tat \u00abd\u2019informations relay\u00e9es sur les r\u00e9seaux sociaux, indiquant le d\u00e9c\u00e8s de 12 d\u00e9tenus \u00e0 la prison de Kol\u00e9a, des suites de l\u2019\u00e9pid\u00e9mie du [&hellip;]<\/p>\n","protected":false},"author":1740,"featured_media":0,"comment_status":"closed","ping_status":"closed","sticky":false,"template":"","format":"standard","meta":{"fifu_image_url":"","fifu_image_alt":"","footnotes":""},"categories":[53,76],"tags":[],"class_list":["post-82069","post","type-post","status-publish","format-standard","hentry","category-algerie","category-regions"],"_links":{"self":[{"href":"https:\/\/linitiative.ca\/International\/wp-json\/wp\/v2\/posts\/82069","targetHints":{"allow":["GET"]}}],"collection":[{"href":"https:\/\/linitiative.ca\/International\/wp-json\/wp\/v2\/posts"}],"about":[{"href":"https:\/\/linitiative.ca\/International\/wp-json\/wp\/v2\/types\/post"}],"author":[{"embeddable":true,"href":"https:\/\/linitiative.ca\/International\/wp-json\/wp\/v2\/users\/1740"}],"replies":[{"embeddable":true,"href":"https:\/\/linitiative.ca\/International\/wp-json\/wp\/v2\/comments?post=82069"}],"version-history":[{"count":0,"href":"https:\/\/linitiative.ca\/International\/wp-json\/wp\/v2\/posts\/82069\/revisions"}],"wp:attachment":[{"href":"https:\/\/linitiative.ca\/International\/wp-json\/wp\/v2\/media?parent=82069"}],"wp:term":[{"taxonomy":"category","embeddable":true,"href":"https:\/\/linitiative.ca\/International\/wp-json\/wp\/v2\/categories?post=82069"},{"taxonomy":"post_tag","embeddable":true,"href":"https:\/\/linitiative.ca\/International\/wp-json\/wp\/v2\/tags?post=82069"}],"curies":[{"name":"wp","href":"https:\/\/api.w.org\/{rel}","templated":true}]}}