{"id":82070,"date":"2020-04-12T11:47:00","date_gmt":"2020-04-12T15:47:00","guid":{"rendered":"https:\/\/linitiative.ca\/International\/le-satellite-alcomsat1-pour-assurer-les-eleves-non-connectes\/"},"modified":"2020-04-12T11:47:00","modified_gmt":"2020-04-12T15:47:00","slug":"le-satellite-alcomsat1-pour-assurer-les-eleves-non-connectes","status":"publish","type":"post","link":"https:\/\/linitiative.ca\/International\/le-satellite-alcomsat1-pour-assurer-les-eleves-non-connectes\/","title":{"rendered":"Le satellite Alcomsat1 pour assurer les \u00e9l\u00e8ves non-connect\u00e9s"},"content":{"rendered":"<p><br id=\"sep_para_1\" class=\"sep_para access\"\/><\/p>\n<div id=\"para_1\" class=\"para_36441378 resize\">\n<div class=\"texte access firstletter\">Pour assurer la continuit\u00e9 des cours \u00e0 tous les \u00e9l\u00e8ves pendant le confinement, y compris ceux n\u2019ayant pas acc\u00e8s \u00e0 internet, l\u2019agence spatiale alg\u00e9rienne, la T\u00e9l\u00e9vision publique et T\u00e9l\u00e9diffusion d\u2019Alg\u00e9rie, pr\u00e9voient une transmission via le satellite Alcomsat1, selon le quotidien Le Soir d\u2019Alg\u00e9rie, citant des sources des institutions concern\u00e9es par le projet d\u2019e-enseignement. A cet effet, l\u2019installation parabolique suffira pour avoir acc\u00e8s au contenu des cours des trois cycles de l\u2019\u00e9ducation nationale.\u00a0 Il suffit, donc que d\u2019avoir une assiette parabolique orient\u00e9e vers le satellite Alcomsat1, \u00e0 24,5 degr\u00e9s Ouest, pour avoir acc\u00e8s aux cours. Ce projet consiste \u00e0 regrouper ces cours, par T\u00e9l\u00e9diffusion d\u2019Alg\u00e9rie, qui les diffusera vers le centre technique de suivi et de contr\u00f4le d\u2019Alcomsat1 relevant de l\u2019agence spatiale nationale, indique la m\u00eame source. Par ailleurs, et en guise de solidarit\u00e9, \u00ab Alg\u00e9rie T\u00e9l\u00e9com Satellite \u00bb mettra \u00e0 la disposition de l\u2019h\u00f4pital Frantz-Fanon de Blida, les capacit\u00e9s VSat d\u2019Alcomsat1 pour leur offrir des connexions haut d\u00e9bit gratuites via une parabole qui sera install\u00e9e localement, indique encore la m\u00eame source.<\/div>\n<\/div>\n<p>Auteur: R\u00e9flexion<br \/>\n<a href=\"https:\/\/www.reflexiondz.net\/Le-satellite-Alcomsat1-pour-assurer-les-eleves-non-connectes_a61950.html\">Cliquez ici pour lire l&rsquo;article depuis sa source.<\/a><\/p>\n","protected":false},"excerpt":{"rendered":"<p>Pour assurer la continuit\u00e9 des cours \u00e0 tous les \u00e9l\u00e8ves pendant le confinement, y compris ceux n\u2019ayant pas acc\u00e8s \u00e0 internet, l\u2019agence spatiale alg\u00e9rienne, la T\u00e9l\u00e9vision publique et T\u00e9l\u00e9diffusion d\u2019Alg\u00e9rie, pr\u00e9voient une transmission via le satellite Alcomsat1, selon le quotidien Le Soir d\u2019Alg\u00e9rie, citant des sources des institutions concern\u00e9es par le projet d\u2019e-enseignement. A cet [&hellip;]<\/p>\n","protected":false},"author":1740,"featured_media":0,"comment_status":"closed","ping_status":"closed","sticky":false,"template":"","format":"standard","meta":{"fifu_image_url":"","fifu_image_alt":"","footnotes":""},"categories":[53,76],"tags":[],"class_list":["post-82070","post","type-post","status-publish","format-standard","hentry","category-algerie","category-regions"],"_links":{"self":[{"href":"https:\/\/linitiative.ca\/International\/wp-json\/wp\/v2\/posts\/82070","targetHints":{"allow":["GET"]}}],"collection":[{"href":"https:\/\/linitiative.ca\/International\/wp-json\/wp\/v2\/posts"}],"about":[{"href":"https:\/\/linitiative.ca\/International\/wp-json\/wp\/v2\/types\/post"}],"author":[{"embeddable":true,"href":"https:\/\/linitiative.ca\/International\/wp-json\/wp\/v2\/users\/1740"}],"replies":[{"embeddable":true,"href":"https:\/\/linitiative.ca\/International\/wp-json\/wp\/v2\/comments?post=82070"}],"version-history":[{"count":0,"href":"https:\/\/linitiative.ca\/International\/wp-json\/wp\/v2\/posts\/82070\/revisions"}],"wp:attachment":[{"href":"https:\/\/linitiative.ca\/International\/wp-json\/wp\/v2\/media?parent=82070"}],"wp:term":[{"taxonomy":"category","embeddable":true,"href":"https:\/\/linitiative.ca\/International\/wp-json\/wp\/v2\/categories?post=82070"},{"taxonomy":"post_tag","embeddable":true,"href":"https:\/\/linitiative.ca\/International\/wp-json\/wp\/v2\/tags?post=82070"}],"curies":[{"name":"wp","href":"https:\/\/api.w.org\/{rel}","templated":true}]}}