{"id":82075,"date":"2020-04-12T12:00:00","date_gmt":"2020-04-12T16:00:00","guid":{"rendered":"https:\/\/linitiative.ca\/International\/samir-allal-lapres-covid-19-que-doit-on-changer-que-doit-on-craindre\/"},"modified":"2020-04-12T12:00:00","modified_gmt":"2020-04-12T16:00:00","slug":"samir-allal-lapres-covid-19-que-doit-on-changer-que-doit-on-craindre","status":"publish","type":"post","link":"https:\/\/linitiative.ca\/International\/samir-allal-lapres-covid-19-que-doit-on-changer-que-doit-on-craindre\/","title":{"rendered":"Samir Allal: l\u2019apr\u00e8s COVID-19, que doit-on changer? que doit-on craindre?"},"content":{"rendered":"<p><em><span class=\"c2\">Un besoin de mobilisation de tous, pour se pr\u00e9parer aux multiples chocs \u00e0 venir\u00a0<\/span><\/em><\/p>\n<p><em><span class=\"c2\">\u00abNous ne pouvons pas pr\u00e9voir le futur, mais nous pouvons le pr\u00e9parer\u00bb. (Ilya Prigogin)<\/span><\/em><\/p>\n<p>La gestion de la crise sanitaire fait \u00e9merger des formes in\u00e9dites de solidarit\u00e9 qui vont remettre en cause l\u2019omnipr\u00e9sence du consum\u00e9risme et de l\u2019individualisme. Elle va cr\u00e9er une pression sociale tr\u00e8s puissante en faveur d\u2019un r\u00e9\u00e9quilibrage durable entre le march\u00e9 et l\u2019int\u00e9r\u00eat g\u00e9n\u00e9ral. L\u2019action climat, au-del\u00e0 de la phase d\u2019urgence sanitaire, peut concourir efficacement aux exigences de dynamique \u00e9conomique et de r\u00e9silience. Son efficacit\u00e9 suppose de bien articuler la r\u00e9ponse nationale et internationale.\u00a0<\/p>\n<p><strong><span class=\"c4\"><span class=\"c3\">La crise sanitaire r\u00e9v\u00e8le des fragilit\u00e9s g\u00e9n\u00e9r\u00e9es par une mondialisation d\u00e9brid\u00e9e<\/span><\/span><\/strong><\/p>\n<p>La pand\u00e9mie du Covid-19 met en \u00e9vidence la vuln\u00e9rabilit\u00e9 de notre mod\u00e8le de soci\u00e9t\u00e9 et peut d\u00e9boucher sur une crise politique. Elle montre \u00e0 quel point, notre mod\u00e8le de d\u00e9veloppement est fragile et vuln\u00e9rables.<\/p>\n<p>La vuln\u00e9rabilit\u00e9 de nos soci\u00e9t\u00e9s interconnect\u00e9es est le premier constat frappant qui s\u2019impose en observant le virus toucher progressivement tous les territoires sur tous les continents. L\u2019interconnexion entre les r\u00e9gions et entre les pays est un \u00e9tat de fait, autant biologique qu\u2019\u00e9conomique.\u00a0<\/p>\n<p>L\u2019expansion rapide, brutale et globale de ce virus nous montre l\u2019existence de risques associ\u00e9s \u00e0 cette interconnexion.\u00a0 Elle nous montre en m\u00eame temps, qu\u2019il est essentiel de r\u00e9-apprivoiser cette interd\u00e9pendance plan\u00e9taire, et de ne pas s\u2019illusionner sur la possibilit\u00e9 de s\u2019isoler.<\/p>\n<p>Face \u00e0 cette crise sanitaire d\u00e9bouchant sur un choc \u00e9conomique globalis\u00e9, les pouvoirs publics font face \u00e0 une triple exigence: mobiliser le syst\u00e8me de sant\u00e9 pour sauver des vies, sauvegarder l\u2019\u00e9conomie pour pr\u00e9server les revenus et les emplois, et n\u00e9gocier une sortie de crise vers une soci\u00e9t\u00e9 plus r\u00e9siliente.<\/p>\n<p>A la charni\u00e8re du court et du long terme, les plans de relance \u00e0 la fin du confinement pourront soit acc\u00e9l\u00e9rer soit freiner la transition \u00e9cologique et bas-carbone, suivant leurs priorit\u00e9s sectorielles et leur mode de financement.<\/p>\n<p><span class=\"c4\"><strong><span class=\"c3\">Un Green Deal pourrait faciliter la remise sur pied de l\u2019\u00e9conomie et lutter contre la pr\u00e9carit\u00e9 sanitaire et \u00e9cologique en acc\u00e9l\u00e9rant la transition.<\/span><\/strong><\/span><\/p>\n<p>\u00c0 court terme, la gestion d\u2019une crise sanitaire d\u00e9sormais mondiale provoque un choc sur l\u2019\u00e9conomie d\u2019une intensit\u00e9 in\u00e9dite en temps de paix. Selon L\u2019\u00e9conomiste Esther Duflo, prix Nobel d\u2019\u00e9conomie 2019, \u201cd\u00e9penser plus d\u2019argent \u00e0 la fois pour lutter contre le virus (\u2026) et pour essayer de mitiger au maximum l\u2019impact \u00e9conomique, cela fait \u00e9conomiser de l\u2019argent \u201d.\u00a0<\/p>\n<p>Faute de quoi, la crise risque de devenir \u201cplus mortelle, et d\u2019un point de vue strictement financier, plus grave\u201d, avec un \u201ceffet boule de neige\u201d, et dans ce cas \u201con passe d\u2019une r\u00e9cession \u00e0 une d\u00e9pression, dont les ravages \u00e9conomiques sont beaucoup plus forts et plus longs\u201d.<\/p>\n<p>L\u2019\u00e9conomiste Esther Duflo encourage les pays du G20 \u00e0 soutenir les pays moins d\u00e9velopp\u00e9s, moins arm\u00e9s face \u00e0 l\u2019\u00e9pid\u00e9mie, et pointe les incertitudes sur la \u201csortie de crise\u201d, notamment sur la vigueur de la reprise de la consommation, facteur qui d\u00e9terminera \u201cl\u2019ampleur finale du d\u00e9sastre \u00e9conomique\u201d.<\/p>\n<p>En effet, cette crise r\u00e9v\u00e8le un monde politiquement fragment\u00e9 avec de nombreuses failles dans la capacit\u00e9 des pays \u00e0 agir de concert. Mais on peut encore s\u2019attendre \u00e0 ce que des coop\u00e9rations qui paraissaient tr\u00e8s improbables en r\u00e9gime de croisi\u00e8re deviennent politiquement possibles \u00e0 la faveur de cette pand\u00e9mie.\u00a0<\/p>\n<p>La pand\u00e9mie a caus\u00e9 de grandes souffrances dans les pays riches, submergeant leurs syst\u00e8mes de sant\u00e9. Elle commence d\u00e9sormais \u00e0 se propager dans les pays en d\u00e9veloppement marqu\u00e9s par un taux \u00e9lev\u00e9 de pauvret\u00e9 et de fortes in\u00e9galit\u00e9s. La propagation risque de s\u2019acc\u00e9l\u00e9rer et les d\u00e9fis seront plus importants.<\/p>\n<p>Si rien n\u2019est fait, 40 millions de vies dans le monde sont \u00e0 risque. La coop\u00e9ration est sup\u00e9rieure \u00e0 la comp\u00e9tition pour g\u00e9rer cette crise sanitaire avec un impact \u00e9conomique tr\u00e8s \u00e9lev\u00e9.<\/p>\n<p>Oxfam appelle \u00e0 un plan mondial de sant\u00e9 publique d\u2019urgence de 160 milliards de dollars pour sauver des millions de vies face \u00e0 la pand\u00e9mie de coronavirus, en priorit\u00e9 dans les pays les plus pauvres et les plus vuln\u00e9rables.<\/p>\n<p>Nous sommes face \u00e0 un d\u00e9r\u00e8glement \u00e9conomique voire climatique profond et propice \u00e0 l&rsquo;aveuglement par la course aux profits imm\u00e9diats. Plus le temps de confinement sera long, plus les dommages \u00e9conomiques seront importants.\u00a0<\/p>\n<p>Dans ce contexte, le co\u00fbt d\u2019un sc\u00e9nario de sortie de crise par rapport \u00e0 un autre ne doit pas \u00eatre \u00e9valu\u00e9 uniquement en termes d\u2019investissements financiers n\u00e9cessaires ou d\u2019impact sur la croissance du produit int\u00e9rieur brut (PIB). La pens\u00e9e \u00e9conomique dominante est paralys\u00e9e par une certaine orthodoxie. L\u2019hypoth\u00e8se d\u2019efficience des march\u00e9s conduit \u00e0 l\u2019inaction.\u00a0<\/p>\n<p><strong><span class=\"c4\"><span class=\"c3\">La crise sanitaire un catalyseur d\u2019innovations structurelles\u00a0<\/span><\/span><\/strong><\/p>\n<p>La crise que nous vivons n\u2019est pas \u00ab une guerre \u00bb, mais une rupture, qui nous met \u00e0 l\u2019\u00e9preuve dans l\u2019intimit\u00e9 de nos vies. Nous sommes face \u00e0 un ph\u00e9nom\u00e8ne qui s\u2019inscrit dans la loi du vivant, laquelle se manifeste \u00e0 la fois au travers de processus de cr\u00e9ation et de destruction. Une faille syst\u00e9mique qui nous oblige de revoir notre syst\u00e8me sanitaire et notre mod\u00e8le de d\u00e9veloppement dans un monde solidaire.\u00a0<\/p>\n<p>Plus le temps passe, et plus on voit l\u2019onde de choc de cette crise sanitaire avec ses multiples r\u00e9percussions, r\u00e9v\u00e9ler la fragilit\u00e9 de notre mod\u00e8le de d\u00e9veloppement. La traiter va nous contraindre \u00e0 des alternatives plus respectueuses du vivant et de la biodiversit\u00e9.\u00a0<\/p>\n<p>Mais une fois sorties de la r\u00e9cession, nos soci\u00e9t\u00e9s seront-elles mieux ou moins bien arm\u00e9es pour faire face au d\u00e9r\u00e8glement climatique et \u00e0 la perte de la biodiversit\u00e9? Une journ\u00e9e de perdue face \u00e0 la pand\u00e9mie \u00e9quivaut \u00e0 deux ans de perdu face au r\u00e9chauffement, et un mois\u2026 \u00e0 60 ans!<\/p>\n<p>Les pressions que nous exer\u00e7ons sur la nature et le vivant \u00e0 travers nos modes de consommations et de productions non soutenables sont en grande partie \u00e0 l\u2019origine de cette crise sanitaire et \u00e9cologique.\u00a0<\/p>\n<p>Dans la situation actuelle, \u00e9merge une prise de conscience de la n\u00e9cessit\u00e9 d\u2019un autre comportement et d\u2019une autre forme de solidarit\u00e9, qui n\u2019est pas n\u00e9cessairement fond\u00e9e sur l\u2019\u00e9go\u00efsme et sur\u00a0 le profit. La soci\u00e9t\u00e9 de demain doit changer la l\u00e9gitimit\u00e9 de son autorit\u00e9, qui ne devra plus \u00eatre la force, la seule raison ou l\u2019argent, mais plut\u00f4t l\u2019empathie et l\u2019altruisme.<\/p>\n<p>L\u2019action climat, au-del\u00e0 de la phase d\u2019urgence sanitaire, peut concourir efficacement aux exigences de cette \u00abnouvelle\u00bb dynamique \u00e9conomique, climatique et de r\u00e9silience pour notre soci\u00e9t\u00e9. Un simple \u00abplan d\u2019urgence\u00bb ne suffira pas \u00e0 r\u00e9parer les d\u00e9g\u00e2ts provoqu\u00e9s par \u00ab\u00a0l&rsquo;ouragan \u00e9conomique et soci\u00e9tal\u00a0\u00bb qui d\u00e9ferle sur les pays et dont les cons\u00e9quences sont encore incertaines.<\/p>\n<p>Il est de notre responsabilit\u00e9\u0301 de penser collectivement, d\u00e8s \u00e0 pr\u00e9sent, au jour d&rsquo;apr\u00e8s, \u00e0 notre avenir commun. Il y aura un avant et un apr\u00e8s coronavirus. Deux \u00e9cueils \u00e0 \u00e9viter: le premier, c&rsquo;est de dire que \u00ab\u00a0tout est foutu\u00a0\u00bb. Le deuxi\u00e8me, dire que \u00ab\u00a0tout ira bien\u00a0\u00bb. On a besoin de la mobilisation de tous, pour se pr\u00e9parer aux multiples chocs \u00e0 venir.<\/p>\n<p><strong><span class=\"c4\"><span class=\"c3\">Conjuguer urgence sanitaire, sauvegarde \u00e9conomique et sortie de crise: une r\u00e9volution copernicienne\u00a0<\/span><\/span><\/strong><\/p>\n<p>Nous sommes face \u00e0 une crise sanitaire, ouvrant sur un choc \u00e9conomique mondial. Ce choc \u00e9chappe encore \u00e0 l\u2019expertise \u00e9conomique, tant les inconnues sont nombreuses. En effet, la croissance, le ch\u00f4mage, et la dette sont assujetties \u00e0 des dynamiques de sant\u00e9 publique in\u00e9dites.<\/p>\n<p>Une \u00e9vidence s\u2019impose sur le s\u00e9quen\u00e7age de l\u2019action collective: au plus fort de l\u2019urgence sanitaire, la priorit\u00e9 est au ralentissement de l\u2019\u00e9pid\u00e9mie, \u00e0 la continuit\u00e9 des services essentiels au fonctionnement de la soci\u00e9t\u00e9 et \u00e0 la mobilisation massive du syst\u00e8me de sant\u00e9. Durant cette p\u00e9riode, la sauvegarde \u00e9conomique des activit\u00e9s immobilis\u00e9es passe par la prise en charge des plus d\u00e9munis et le soutien de l\u2019activit\u00e9 \u00e9conomique.\u00a0<\/p>\n<p>Au-del\u00e0 de cette phase de \u00abr\u00e9animation \u00e9conomique\u00bb, une strat\u00e9gie de sortie de crise devra \u00eatre d\u00e9ploy\u00e9e en mobilisant les leviers de l\u2019action publique, en particulier la capacit\u00e9 d\u2019investissement public et la solidarit\u00e9. Son efficacit\u00e9 suppose de bien articuler la r\u00e9ponse nationale et internationale.<\/p>\n<p>Les choix \u00e9conomiques (et politiques) devront alors, pr\u00eater plus d\u2019attention \u00e0 la transition \u00e9nerg\u00e9tique et \u00e9cologique, aux services publiques de sant\u00e9, aux effets distributifs des rem\u00e8des qu\u2019elle pr\u00e9conise et \u00e0 la justice sociale qui exclut de faire porter le poids de la sortie de la crise aux plus pauvres ou aux moins dipl\u00f4m\u00e9s.<\/p>\n<p>L\u2019expertise et l\u2019analyse \u00e9conomique a l\u2019obligation de se renouveler, d\u2019\u00eatre plus inventive dans l\u2019approfondissement et la mise au point de ces solutions.\u00a0<\/p>\n<p><span class=\"c4\"><span class=\"c3\"><strong>L\u2019urgence de la crise et le temps de r\u00e9fl\u00e9chir: g\u00e9rer la sant\u00e9, le climat \u2026comme un bien commun\u00a0<\/strong><\/span><\/span><\/p>\n<p>La crise li\u00e9e \u00e0 l\u2019\u00e9pid\u00e9mie du CoVid-19 plonge d\u00e9sormais toutes les soci\u00e9t\u00e9s du monde dans un \u00e9tat d\u2019exception et une dr\u00f4le de situation faite \u00e0 la fois d\u2019urgence sanitaire et de temps suspendu, pour une dur\u00e9e ind\u00e9termin\u00e9e.<\/p>\n<p>Chaque personne et chaque organisation prend des dispositions jusqu\u2019\u00e0 nouvel ordre, avec le sentiment partag\u00e9 d\u2019une longue p\u00e9riode d\u2019incertitudes, et de profonds questionnements sur les fondements m\u00eames de nos soci\u00e9t\u00e9s, de nos \u00e9conomies, et de nos mani\u00e8res de vivre ensemble. Notre regard sur l\u2019\u00e9conomie et sur le monde en sortira n\u00e9cessairement profond\u00e9ment modifi\u00e9.<\/p>\n<p>Le confinement nous oblige \u00e0 r\u00e9fl\u00e9chir et il est essentiel que notre r\u00e9flexion collective soit nourrie, avec le souci du bien commun, pour ne pas rajouter aux inqui\u00e9tudes l\u00e9gitimes des conclusions h\u00e2tives ou de nouvelles sources d\u2019angoisse.\u00a0<\/p>\n<p>Des interrogations commencent \u00e0 \u00e9merger et questionnent fondamentalement de nos soci\u00e9t\u00e9s: la crise sanitaire va-t-elle renforcer les in\u00e9galit\u00e9s ou est-elle l\u2019occasion de repenser notre mod\u00e8le de d\u00e9veloppement? Investir dans les services publics et la transition \u00e9cologique contribuerait-il \u00e0 la sortie de la crise? En quoi cette crise nous nous r\u00e9v\u00e8le quelque chose de ce monde globalis\u00e9?\u00a0<\/p>\n<p><strong><span class=\"c4\"><span class=\"c3\">Les crises ont un effet tr\u00e8s fort en bas de la pyramide sociale<\/span><\/span><\/strong><\/p>\n<p>La crise sanitaire va-t-elle renforcer les in\u00e9galit\u00e9s ou est-elle l\u2019occasion de repenser notre mod\u00e8le? La pand\u00e9mie va toucher, au final, davantage les personnes modestes et les pays pauvres. Si le virus touche tout le monde, nous n\u2019y sommes pas tous confront\u00e9s de la m\u00eame mani\u00e8re \u00e0 la pand\u00e9mie.\u00a0<\/p>\n<p>C\u2019est l\u2019ampleur de la solidarit\u00e9 et ce que l&rsquo;on mettra ou non en \u0153uvre qui, \u00e0 moyen terme, d\u00e9terminera l&rsquo;impact sanitaire et socio-\u00e9conomique. A ce stade, il est impossible de savoir vers o\u00f9 on va. En revanche, ce que l\u2019on sait d\u00e9j\u00e0, c&rsquo;est que les crises sanitaires exacerbent les in\u00e9galit\u00e9s sociales pr\u00e9existantes et que le march\u00e9 ne peut pas faire face \u00e0 ce type de crise.<\/p>\n<p>Cette crise souligne les limites du mod\u00e8le n\u00e9o-lib\u00e9ral fortement encourag\u00e9 par les institutions internationales. Il pose des questions fondamentales et centrales et peut potentiellement d\u00e9boucher sur le d\u00e9veloppement d&rsquo;un nouveau mod\u00e8le. On assiste \u00e0 un \u00abtimide\u00bb changement de paradigme dans notre mani\u00e8re collective de penser le financement des services publics.<\/p>\n<p>M\u00eame s\u2019il y une fen\u00eatre d&rsquo;opportunit\u00e9 importante pour davantage de justice sociale et pour repenser les r\u00e8gles du march\u00e9, il y a un risque tout aussi important que tout cela s&rsquo;effondre et que les orthodoxies et les populismes reprennent le dessus. Une coordination internationale importante sera n\u00e9cessaire pour emp\u00eacher l&rsquo;explosion.\u00a0<\/p>\n<p>Il va falloir \u00eatre tr\u00e8s attentifs aux types de r\u00e9ponses qui vont \u00eatre propos\u00e9es et discut\u00e9es dans les mois qui viennent.<\/p>\n<p><span class=\"c4\"><span class=\"c3\"><strong>La derni\u00e8re des choses \u00e0 faire serait de reprendre \u00e0 l\u2019identique tout ce que nous faisions avant et de se limiter \u00e0 un bilan des performances<\/strong><\/span><\/span><\/p>\n<p>Cette crise sanitaire doit \u00eatre consid\u00e9r\u00e9e comme une opportunit\u00e9 pour revoir notre mod\u00e8le de d\u00e9veloppement et de proposer des mesures encore plus audacieuses en faveur du Commun et des services publics.<\/p>\n<p>Nous aurons \u00e0 exp\u00e9rimenter de nouvelles formes d\u2019organisations productives qui non seulement limitent les risques \u00e9pid\u00e9miques, mais facilitent la r\u00e9duction de nos rejets de gaz \u00e0 effet de serre.<\/p>\n<p>La pand\u00e9mie de Covid-19 nous force \u00e0 nous interroger sur notre choix \u00e9conomique, sur notre mode de vie et d\u2019organisation intellectuelle et politique.\u00a0<\/p>\n<p>Des propositions concr\u00e8tes doivent \u00eatre discut\u00e9es pour permettre une sortie de crise qui soit durable, r\u00e9siliente aux risques \u00e0 venir, \u2026 et tourn\u00e9e vers les prochains d\u00e9fis. Il serait pr\u00e9judiciable \u00e0 l\u2019ensemble de la soci\u00e9t\u00e9 que l\u2019apr\u00e8s crise revienne comme avant.<\/p>\n<p>Certes, des mesures d\u2019urgence peuvent imposer de compartimenter temporairement nos territoires pour ralentir la progression du virus, sans oublier que chaque personne est membre d\u2019une soci\u00e9t\u00e9 humaine mondiale vivant au sein dans le m\u00eame \u00e9cosyst\u00e8me plan\u00e9taire.\u00a0<\/p>\n<p>A posteriori, tous les syst\u00e8mes de coordination de l\u2019action collective ou de l\u2019action publique seront questionn\u00e9s sur leur capacit\u00e9 \u00e0 faire face \u00e0 une crise in\u00e9dite, entra\u00eenant in\u00e9vitablement des comparaisons entre les performances respectives de diff\u00e9rents syst\u00e8mes politiques et leur capacit\u00e9 de sortir de cette crise.\u00a0<\/p>\n<p>Plut\u00f4t qu\u2019un concours de beaut\u00e9 o\u00f9 certains pourraient chercher \u00e0 se consoler d\u2019avoir commis moins d\u2019erreurs que d\u2019autres, il sera essentiel de pouvoir \u00e9valuer objectivement les effets positifs et n\u00e9gatifs de diverses d\u00e9cisions, dans une logique d\u2019apprentissage collectif.<\/p>\n<p>La relation des citoyens \u00e0 leur collectivit\u00e9 locale, leur gouvernement national, et aux institutions, sortira n\u00e9cessairement chang\u00e9e de cette p\u00e9riode intense, m\u00eame si les pays doivent faire face \u00e0 de nombreux autres enjeux, depuis la crise \u00e9conomique et environnementale mondiale jusqu\u2019\u00e0 leur propres tiraillements internes.\u00a0<\/p>\n<p><strong><span class=\"c4\"><span class=\"c3\">Investir dans la transition \u00e9cologique et \u00e9nerg\u00e9tique contribuera \u00e0 la sortie de la crise<\/span><\/span><\/strong><\/p>\n<p>Notre conviction est que l\u2019action climatique et la transition \u00e9nerg\u00e9tique n\u2019est pas une entrave \u00e0 la sortie de crise, mais une r\u00e9ponse efficace \u00e0 la demande de r\u00e9silience qui \u00e9mergera, selon toute vraisemblance, dans le pays.<\/p>\n<p>L\u2019exp\u00e9rience au niveau international de la gestion de la crise de 2008 a montr\u00e9 qu\u2019une sortie de crise con\u00e7ue sans ambition climatique induisait des effets insoutenables.<\/p>\n<p>Pour pr\u00e9parer l\u2019apr\u00e8s crise, il faut donc privil\u00e9gier des leviers qui offrent des b\u00e9n\u00e9fices combin\u00e9s dans trois domaines:<\/p>\n<p class=\"c6\"><strong><span class=\"c5\">1.<\/span><\/strong> <span class=\"c5\"><strong>L\u2019environnement:<\/strong><\/span> en adaptant notre \u00e9conomie aux d\u00e9r\u00e8glements climatiques;<\/p>\n<p class=\"c6\"><span class=\"c5\"><strong>2.<\/strong><\/span> <span class=\"c5\"><strong>L\u2019\u00e9conomie:<\/strong><\/span> en contribuant \u00e0 la relance de l\u2019activit\u00e9 \u00e0 court terme et en r\u00e9duisant la sensibilit\u00e9 \u00e0 des crises futures : choc de prix du p\u00e9trole, approvisionnement alimentaire et industriel;<\/p>\n<p class=\"c6\"><span class=\"c5\"><strong>3.<\/strong><\/span> <span class=\"c5\"><strong>La sant\u00e9:<\/strong><\/span> en r\u00e9duisant nos fragilit\u00e9s face \u00e0 des menaces sanitaires, et en r\u00e9duisant la pr\u00e9carit\u00e9.<\/p>\n<p>La crise sanitaire ne peut \u00eatre pr\u00e9texte \u00e0 faire perdre une d\u00e9cennie de plus pour l\u2019action climatique et les objectifs du mill\u00e9naire pour le d\u00e9veloppent durable. Par cons\u00e9quent, les pouvoirs publics doivent \u00e9viter \u00e0 tout prix les mesures de relance \u00e9conomique n\u00e9fastes pour, l\u2019environnement et la sant\u00e9.<\/p>\n<p><strong><span class=\"c3\"><span class=\"c4\">La transition \u00e9cologique au carrefour des crises sanitaire et socio-\u00e9conomique<\/span><\/span><\/strong><\/p>\n<p>Les mesures \u00e0 mettre en \u0153uvre posent \u00e0 nouveau avec fracas la question, jusqu\u2019ici non r\u00e9solue, des leviers r\u00e9els de d\u00e9couplage entre notre activit\u00e9 \u00e9conomique et son impact mat\u00e9riel sur l\u2019environnement, et plus largement entre notre prosp\u00e9rit\u00e9 et la base mat\u00e9rielle de la croissance \u00e9conomique.\u00a0<\/p>\n<p>Ensuite, la d\u00e9monstration la plus importante et la plus pr\u00e9occupante sera celle des in\u00e9galit\u00e9s entre citoyens, ainsi qu\u2019entre pays, face aux cons\u00e9quences sanitaires et \u00e9conomiques brutales de cette crise.\u00a0<\/p>\n<p>Le d\u00e9bat public est en train de s\u2019ouvrir sur les formes de l\u2019action collective et des politiques publiques qui permettraient de pr\u00e9venir de tels impacts in\u00e9galitaires ou de les prendre en charge. Il faut l\u2019amplifier et le favoriser.<\/p>\n<p>Le monde d\u2019apr\u00e8s la crise sera forc\u00e9ment diff\u00e9rent de celui d\u2019avant la crise et certains biens et services devraient \u00eatre plac\u00e9s en dehors des lois du march\u00e9. Il serait alors, extr\u00eamement dommageable que l\u2019urgence sanitaire conduise \u00e0 mettre de c\u00f4t\u00e9 l\u2019ambition de transition \u00e9cologique.\u00a0<\/p>\n<p>La profondeur des cons\u00e9quences sociales, \u00e9conomiques et financi\u00e8res de la crise sont encore difficiles \u00e0 mesurer aujourd\u2019hui, et elles pourraient supposer des modes d\u2019action encore plus drastiques que ceux d\u2019un plan de relance.\u00a0 C\u2019est bien maintenant qu\u2019il faut se battre pour que la reprise \u00e9conomique, une fois la crise sanitaire pass\u00e9e, ne ram\u00e8ne pas le m\u00eame ancien r\u00e9gime climatique.<\/p>\n<p>La bonne strat\u00e9gie, de sortie de crise est de concevoir des instruments de la transition d\u2019un \u00abGreen Deal \u00e9cologique\u00bb au service de la\u00a0 sortie de la crise, de la\u00a0 r\u00e9duction des vuln\u00e9rabilit\u00e9s et des in\u00e9galit\u00e9s.\u00a0<\/p>\n<p><span class=\"c3\"><span class=\"c4\"><strong>La crise sanitaire incite \u00e0 se pr\u00e9parer aux mutations climatiques dans ce monde mondialis\u00e9\u00a0<\/strong><\/span><\/span><\/p>\n<p>En effet, la crise sanitaire est ench\u00e2ss\u00e9e dans une mutation \u00e9cologique durable et irr\u00e9versible. Si nous avons de bonne chance de \u00absortir\u00bb de la premi\u00e8re, nous n\u2019en avons aucune de \u00absortir\u00bb de la seconde. Les deux situations ne sont pas \u00e0 la m\u00eame \u00e9chelle, mais il est tr\u00e8s \u00e9clairant de les articuler l\u2019une sur l\u2019autre.\u00a0<\/p>\n<p>Dans\u00a0 tout les cas, ce serait dommage de ne pas se servir de la crise sanitaire pour d\u00e9couvrir d\u2019autres moyens d\u2019entrer dans la mutation \u00e9cologique autrement qu\u2019\u00e0 l\u2019aveugle.\u00a0<\/p>\n<p>Le d\u00e9ni de la mutation climatique ne peut pas durer ind\u00e9finiment. Il n\u2019y a plus aucune chance de r\u00e9concilier le \u00abd\u00e9veloppement\u00bb avec les diverses enveloppes de la plan\u00e8te dans laquelle il faudra bien finir par ins\u00e9rer l\u2019\u00e9conomie. La croissance carbon\u00e9e est entrain de nuire \u00e0 la d\u00e9mocratie.<\/p>\n<p>La crise sanitaire ne r\u00e9v\u00e8le pas seulement toutes nos fragilit\u00e9s. Elle va aussi nous contraindre \u00e0 exp\u00e9rimenter des modes d\u2019organisation innovants et raccourcir nos cha\u00eenes d\u2019approvisionnement. Elle va nous obliger \u00e0 r\u00e9duire nos multiples formes de mobilit\u00e9s, accroissant inutilement nos empreintes climatiques pour de faibles b\u00e9n\u00e9fices \u00e9conomiques.<\/p>\n<p>L\u2019injustice ne se limite pas \u00e0 la seule redistribution des fruits du progr\u00e8s, mais \u00e0 la fa\u00e7on m\u00eame de faire fructifier la plan\u00e8te. C\u2019est l\u00e0 que nous devons agir. Gr\u00e2ce au progr\u00e8s technique nous vivons d\u00e9sormais dans un syst\u00e8me technicien qui s\u2019auto-accro\u00eet selon sa propre logique. Il n\u2019a pas de limites. Il rend l\u2019avenir aussi opaque qu\u2019impensable.\u00a0<\/p>\n<p>Michel Serre, Edgar Morin, Jacques Ellul (\u2026) annon\u00e7aient d\u00e9j\u00e0 des crises \u00e0 r\u00e9p\u00e9tition dues \u00e0 l\u2019emprise croissante de ce syst\u00e8me, de plus en plus complexe, incertain et interconnect\u00e9. De la crise de vache folle (due aux farines animales) \u00e0 celle du coronavirus (que les transports ont largement contribu\u00e9 \u00e0 propager \u00e0 grande vitesse). L\u2019actualit\u00e9 du Covid-19 leur donne h\u00e9las raison.\u00a0<\/p>\n<p>La soci\u00e9t\u00e9 de croissance engendre une mont\u00e9e des risques, des in\u00e9galit\u00e9s et des injustices. Elle cr\u00e9e un bien-\u00eatre largement illusoire.<\/p>\n<p>Bruno Latour dans son livre \u00abO\u00f9 atterrir?\u00bb publi\u00e9 en 2017, note que notre monde d\u00e9r\u00e9gul\u00e9 est d\u00e9sormais hors-sol. Il pr\u00e9tend s\u2019affranchir des r\u00e8gles de la nature. Il continue \u00e0 opposer l\u2019\u00e9conomie \u00e0 l\u2019\u00e9cologie \u2013 entre lesquelles il faudrait choisir : ses m\u00e9canismes, ses limites, son impr\u00e9visibilit\u00e9.<\/p>\n<p>\u00abLes \u00e9lites dirigeantes s\u2019auto-aveuglent. Elles ne croient pas vraiment \u00e0 la r\u00e9alit\u00e9 du d\u00e9r\u00e8glement climatique. Le capitalisme contemporain est dans la surench\u00e8re symbolique permanente. Nous allons tout connecter, tout ma\u00eetriser, tout robotiser, poursuivre sans limite la croissance de la production, de la consommation, de la dette, du surarmement sans se souciez du r\u00e9chauffement ni des in\u00e9galit\u00e9s\u00bb.<\/p>\n<p><span class=\"c3\"><span class=\"c4\"><strong>Vivre autrement pour mieux vivre\u00a0<\/strong><\/span><\/span><\/p>\n<p>La perp\u00e9tuation de la croissance forcen\u00e9e entra\u00eene une d\u00e9gradation globale et multiplient les risques. Elle est insoutenable tant du point de vue de l\u2019\u00e9quit\u00e9 dans les droits de tirage sur la nature que du point de vue de la capacit\u00e9 de r\u00e9g\u00e9n\u00e9ration de la biosph\u00e8re. Elle est destructrice de la nature, g\u00e9n\u00e9ratrice de risques et d\u2019in\u00e9galit\u00e9s sociales et d\u00e9voreuse du bien- \u00eatre.<\/p>\n<p>La croyance fantasmatique en une croissance illimit\u00e9e et la ma\u00eetrise technique totale d\u2019un devenir artificiellement modifi\u00e9 de l\u2019esp\u00e8ce se heurte \u00e0 la constellation impr\u00e9visible de ses cons\u00e9quences\u00a0 et de ses effets en retour.\u00a0<\/p>\n<p>Lutter contre la pand\u00e9mie c\u2019est travailler \u00e0 une soci\u00e9t\u00e9 fond\u00e9e sur la qualit\u00e9 plut\u00f4t que sur la quantit\u00e9, sur la coop\u00e9ration plut\u00f4t que la comp\u00e9tition; travailler aussi \u00e0 une humanit\u00e9 lib\u00e9r\u00e9e de l\u2019\u00e9conomisme se donnant la justice sociale comme objectif.<\/p>\n<p>La d\u00e9croissance est une n\u00e9cessit\u00e9, ce n\u2019est pas au d\u00e9part un id\u00e9al, ni l\u2019unique objectif d\u2019un autre monde possible, (Ren\u00e9 Passet, 1918). Mais faisons de cette n\u00e9cessit\u00e9 une vertu, et concevons, la d\u00e9croissance comme un objectif dont on peut tirer des avantages pour sortir de cette poly-crise. La d\u00e9croissance n\u2019est pas la croissance n\u00e9gative, expression antinomique et absurde qui voudrait dire \u00e0 la lettre: \u00abavancer en reculant\u00bb.<\/p>\n<p>La d\u00e9croissance n\u2019est envisageable que dans une \u00absoci\u00e9t\u00e9 de d\u00e9croissance\u00bb, dont il convient de pr\u00e9ciser les contours. L\u2019altruisme devrait prendre le pas sur l\u2019\u00e9go\u00efsme, la coop\u00e9ration sur la comp\u00e9tition effr\u00e9n\u00e9e, le plaisir du loisir sur l\u2019obsession du travail, l\u2019importance de la vie sociale sur la consommation illimit\u00e9e, le go\u00fbt du bel ouvrage sur l\u2019efficience productiviste, le raisonnable sur le rationnel, etc.\u00a0<\/p>\n<p>Enfin, pour r\u00e9aliser la n\u00e9cessaire d\u00e9colonisation de notre imaginaire individuel et collectif et r\u00e9ussir notre transition, on peut \u00e0 l\u2019avenir tr\u00e8s largement compter sur la p\u00e9dagogie des catastrophes comme celle que nous subissons en ces moments.\u00a0<\/p>\n<p class=\"c7\"><strong>Pr Samir Allal<\/strong><\/p>\n<p class=\"c7\"><em>Universit\u00e9 de Versailles\/ Paris-Saclay<\/em><\/p>\n<p>Auteur:<br \/>\n<a href=\"https:\/\/www.leaders.com.tn\/article\/29660-samir-allal-l-apres-covid-19-que-doit-on-changer-que-doit-on-craindre\">Cliquez ici pour lire l&rsquo;article depuis sa source.<\/a><\/p>\n","protected":false},"excerpt":{"rendered":"<p>Un besoin de mobilisation de tous, pour se pr\u00e9parer aux multiples chocs \u00e0 venir\u00a0 \u00abNous ne pouvons pas pr\u00e9voir le futur, mais nous pouvons le pr\u00e9parer\u00bb. (Ilya Prigogin) La gestion de la crise sanitaire fait \u00e9merger des formes in\u00e9dites de solidarit\u00e9 qui vont remettre en cause l\u2019omnipr\u00e9sence du consum\u00e9risme et de l\u2019individualisme. Elle va cr\u00e9er [&hellip;]<\/p>\n","protected":false},"author":1772,"featured_media":0,"comment_status":"closed","ping_status":"closed","sticky":false,"template":"","format":"standard","meta":{"fifu_image_url":"","fifu_image_alt":"","footnotes":""},"categories":[73,55],"tags":[],"class_list":["post-82075","post","type-post","status-publish","format-standard","hentry","category-actualite","category-tunisie"],"_links":{"self":[{"href":"https:\/\/linitiative.ca\/International\/wp-json\/wp\/v2\/posts\/82075","targetHints":{"allow":["GET"]}}],"collection":[{"href":"https:\/\/linitiative.ca\/International\/wp-json\/wp\/v2\/posts"}],"about":[{"href":"https:\/\/linitiative.ca\/International\/wp-json\/wp\/v2\/types\/post"}],"author":[{"embeddable":true,"href":"https:\/\/linitiative.ca\/International\/wp-json\/wp\/v2\/users\/1772"}],"replies":[{"embeddable":true,"href":"https:\/\/linitiative.ca\/International\/wp-json\/wp\/v2\/comments?post=82075"}],"version-history":[{"count":0,"href":"https:\/\/linitiative.ca\/International\/wp-json\/wp\/v2\/posts\/82075\/revisions"}],"wp:attachment":[{"href":"https:\/\/linitiative.ca\/International\/wp-json\/wp\/v2\/media?parent=82075"}],"wp:term":[{"taxonomy":"category","embeddable":true,"href":"https:\/\/linitiative.ca\/International\/wp-json\/wp\/v2\/categories?post=82075"},{"taxonomy":"post_tag","embeddable":true,"href":"https:\/\/linitiative.ca\/International\/wp-json\/wp\/v2\/tags?post=82075"}],"curies":[{"name":"wp","href":"https:\/\/api.w.org\/{rel}","templated":true}]}}