{"id":82077,"date":"2020-04-12T08:28:27","date_gmt":"2020-04-12T12:28:27","guid":{"rendered":"https:\/\/linitiative.ca\/International\/coronavirus-la-pandemie-dans-le-monde-en-chiffres\/"},"modified":"2020-04-12T08:28:27","modified_gmt":"2020-04-12T12:28:27","slug":"coronavirus-la-pandemie-dans-le-monde-en-chiffres","status":"publish","type":"post","link":"https:\/\/linitiative.ca\/International\/coronavirus-la-pandemie-dans-le-monde-en-chiffres\/","title":{"rendered":"Coronavirus : la pand\u00e9mie dans le monde en chiffres"},"content":{"rendered":"<p><strong>Le Covid-19 a provoqu\u00e9, \u00e0 ce jour, au moins 108.962 d\u00e9c\u00e8s dans 210 pays et territoires d\u00e9nombr\u00e9s depuis son apparition en d\u00e9cembre, avec 1.784.335 cas confirm\u00e9s, dont 405.043 gu\u00e9ris.<\/strong><\/p>\n<div class=\"c10\"\/>\n<p>Le Maroc a enregistr\u00e9 jusqu\u2019\u00e0 pr\u00e9sent 1.617 cas de contamination au Covid-19, dont 153 personnes gu\u00e9ries et 113 d\u00e9c\u00e8s, alors que 6.856 cas ont \u00e9t\u00e9 exclus suite \u00e0 des tests n\u00e9gatifs effectu\u00e9s au laboratoire.<\/p>\n<p>Aux \u00c9tats-Unis, le bilan des personnes test\u00e9es positives a grimp\u00e9 \u00e0 533.115, ce qui en fait le pays le plus touch\u00e9 par le Covid-19. Le pays compte 20.580 d\u00e9c\u00e8s et 30.502 gu\u00e9risons. Les pays les plus touch\u00e9s apr\u00e8s les \u00c9tats-Unis sont l\u2019Espagne avec 163.027 cas, 16.606 morts et 59.109 gu\u00e9risons, l\u2019Italie avec 152.271, 19.468 d\u00e9c\u00e8s et 32.534 gu\u00e9risons et la France o\u00f9 le nombre de cas confirm\u00e9s a grimp\u00e9 \u00e0 129.654 cas, dont 13.832 morts et 26.391 gu\u00e9risons.<\/p>\n<p>Lire aussi : <a href=\"https:\/\/www.challenge.ma\/ce-que-vous-devez-savoir-sur-le-coronavirus-134568\/\" target=\"_blank\" rel=\"noreferrer noopener\" aria-label=\" (s&#x2019;ouvre dans un nouvel onglet)\">Ce que vous devez savoir sur le coronavirus<\/a><\/p>\n<p>De son c\u00f4t\u00e9, l\u2019Allemagne, qui figure parmi le top 5 des pays les plus touch\u00e9s du nouveau coronavirus, a recens\u00e9 125.452 cas d\u2019infection au Covid-19, dont 2.871 morts et 57.400 gu\u00e9risons. D\u2019autres pays europ\u00e9ens ont \u00e9t\u00e9 \u00e9galement affect\u00e9s par la pand\u00e9mie du coronavirus, comme la Grande-Bretagne (78.991 cas et 9.875 morts), la Belgique (28.018 cas et 3.346 morts), la Suisse (25.107 cas) ou encore les Pays-Bas (24.413).<\/p>\n<p>Par ailleurs, 15.770 cas ont \u00e9t\u00e9 recens\u00e9s en Russie et 10.512 cas en Cor\u00e9e du Sud, qui recense 214 morts et 7.368 gu\u00e9risons, alors que l\u2019Australie compte pr\u00e8s de 6.313 cas de contamination, 59 d\u00e9c\u00e8s et 3.338 cas gu\u00e9ris. L\u2019Arabie saoudite n\u2019est pas en reste avec 4.033 cas enregistr\u00e9s, dont 52 d\u00e9c\u00e8s et 720 gu\u00e9risons, tout comme la Palestine o\u00f9 268 cas ont \u00e9t\u00e9 confirm\u00e9s, dont 2 d\u00e9c\u00e8s et 57 gu\u00e9risons.<\/p>\n<p>En ce qui concerne la r\u00e9partition g\u00e9ographique continentale de la propagation du Covid-19, on note que l\u2019Europe chapeaute le peloton avec 855.907 cas, 73.697 morts et 210.517 personnes gu\u00e9ries, suivie de l\u2019Am\u00e9rique 617.690 cas, 23.788 morts et 44.527 personnes gu\u00e9ries.<\/p>\n<p>Lire ausi : <a href=\"https:\/\/www.challenge.ma\/coronavirus-la-coree-du-sud-parvient-a-tester-dix-personnes-en-meme-temps-136932\/\" target=\"_blank\" rel=\"noreferrer noopener\" aria-label=\" (s&#x2019;ouvre dans un nouvel onglet)\">Coronavirus : La Cor\u00e9e du Sud parvient \u00e0 tester dix personnes en m\u00eame temps<\/a><\/p>\n<p>L\u2019Asie vient en troisi\u00e8me place avec un total de 288.062 cas, 10.656 d\u00e9c\u00e8s et 143.112 personnes gu\u00e9ries, suivie de l\u2019Afrique avec 14.252 cas, 745 d\u00e9c\u00e8s et 2.458 personnes gu\u00e9ries, alors que l\u2019Oc\u00e9anie ferme la marche avec 7.073 cas, dont 63 morts et 3.081 personnes gu\u00e9ries.<\/p>\n<p>Avec MAP<\/p>\n<div class=\"c17\">\n<fieldset class=\"c16\">\n<legend><strong><span class=\"c11\">Challenge<\/span><span class=\"c12\">news<\/span><\/strong><\/legend>\n<div class=\"c15\">Le meilleur de Challenge s\u00e9lectionn\u00e9 par la r\u00e9daction :<\/p>\n<\/div>\n<\/fieldset>\n<\/div>\n<p>Auteur: Karim Handaoui<br \/>\n<a href=\"https:\/\/www.challenge.ma\/coronavirus-la-pandemie-dans-le-monde-en-chiffres-136976\/\">Cliquez ici pour lire l&rsquo;article depuis sa source.<\/a><\/p>\n","protected":false},"excerpt":{"rendered":"<p>Le Covid-19 a provoqu\u00e9, \u00e0 ce jour, au moins 108.962 d\u00e9c\u00e8s dans 210 pays et territoires d\u00e9nombr\u00e9s depuis son apparition en d\u00e9cembre, avec 1.784.335 cas confirm\u00e9s, dont 405.043 gu\u00e9ris. Le Maroc a enregistr\u00e9 jusqu\u2019\u00e0 pr\u00e9sent 1.617 cas de contamination au Covid-19, dont 153 personnes gu\u00e9ries et 113 d\u00e9c\u00e8s, alors que 6.856 cas ont \u00e9t\u00e9 exclus [&hellip;]<\/p>\n","protected":false},"author":1787,"featured_media":0,"comment_status":"closed","ping_status":"closed","sticky":false,"template":"","format":"standard","meta":{"fifu_image_url":"","fifu_image_alt":"","footnotes":""},"categories":[78,54],"tags":[],"class_list":["post-82077","post","type-post","status-publish","format-standard","hentry","category-economie","category-maroc"],"_links":{"self":[{"href":"https:\/\/linitiative.ca\/International\/wp-json\/wp\/v2\/posts\/82077","targetHints":{"allow":["GET"]}}],"collection":[{"href":"https:\/\/linitiative.ca\/International\/wp-json\/wp\/v2\/posts"}],"about":[{"href":"https:\/\/linitiative.ca\/International\/wp-json\/wp\/v2\/types\/post"}],"author":[{"embeddable":true,"href":"https:\/\/linitiative.ca\/International\/wp-json\/wp\/v2\/users\/1787"}],"replies":[{"embeddable":true,"href":"https:\/\/linitiative.ca\/International\/wp-json\/wp\/v2\/comments?post=82077"}],"version-history":[{"count":0,"href":"https:\/\/linitiative.ca\/International\/wp-json\/wp\/v2\/posts\/82077\/revisions"}],"wp:attachment":[{"href":"https:\/\/linitiative.ca\/International\/wp-json\/wp\/v2\/media?parent=82077"}],"wp:term":[{"taxonomy":"category","embeddable":true,"href":"https:\/\/linitiative.ca\/International\/wp-json\/wp\/v2\/categories?post=82077"},{"taxonomy":"post_tag","embeddable":true,"href":"https:\/\/linitiative.ca\/International\/wp-json\/wp\/v2\/tags?post=82077"}],"curies":[{"name":"wp","href":"https:\/\/api.w.org\/{rel}","templated":true}]}}