{"id":82079,"date":"2020-04-12T08:57:29","date_gmt":"2020-04-12T12:57:29","guid":{"rendered":"https:\/\/linitiative.ca\/International\/coronavirus-le-maroc-enregistre-72-nouveaux-cas-ce-dimanche-a-10h00\/"},"modified":"2020-04-12T08:57:29","modified_gmt":"2020-04-12T12:57:29","slug":"coronavirus-le-maroc-enregistre-72-nouveaux-cas-ce-dimanche-a-10h00","status":"publish","type":"post","link":"https:\/\/linitiative.ca\/International\/coronavirus-le-maroc-enregistre-72-nouveaux-cas-ce-dimanche-a-10h00\/","title":{"rendered":"Coronavirus : Le Maroc enregistre 72 nouveaux cas ce dimanche \u00e0 10h00"},"content":{"rendered":"<p><strong>Le bilan continue de grimper. 72 nouveaux cas de Covid19 ont \u00e9t\u00e9 confirm\u00e9s entre samedi 11 avril \u00e0 18H et dimanche 12 avril \u00e0 10H par le minist\u00e8re de la Sant\u00e9, ce qui porte le total \u00e0\u00a0 1917 cas.<\/strong><\/p>\n<div class=\"c10\"\/>\n<p>\u00a0Le minist\u00e8re de la Sant\u00e9 vient d\u2019annoncer 72 nouveaux cas de Coronavirus au Maroc, dimanche 12 avril \u00e0 8h00. Le bilan atteint ainsi 1.617 cas confirm\u00e9s depuis le d\u00e9but de la pand\u00e9mie. Le nombre de patient gu\u00e9ris se chiffre \u00e0 153 (+7), alors que 113 autres (+2) sont d\u00e9c\u00e9d\u00e9s. Par ailleurs, 8413 tests ont \u00e9t\u00e9 effectu\u00e9s jusque-l\u00e0, dont 1617 avaient un r\u00e9sultat positif. Casablanca-Settat totalise 458 cas et reste la r\u00e9gion la plus touch\u00e9e, devant Marrakech-Safi (307), F\u00e8s-Mekn\u00e8s (214), Rabat-Sal\u00e9-K\u00e9nitra (231), Tanger T\u00e9touan Al Hoceima (153), Oriental (104), Daraa-tafilalet\u00a0 (72), Beni Mellal-Kh\u00e9nifra (48), Souss-Massa (23), La\u00e2youne-Sakia El Hamra (4), Dakhla-Oued Ed Dahab (2) et Guelmim Oued Noun (1).<\/p>\n<div class=\"c17\">\n<fieldset class=\"c16\">\n<legend><strong><span class=\"c11\">Challenge<\/span><span class=\"c12\">news<\/span><\/strong><\/legend>\n<div class=\"c15\">Le meilleur de Challenge s\u00e9lectionn\u00e9 par la r\u00e9daction :<\/p>\n<\/div>\n<\/fieldset>\n<\/div>\n<p>Auteur: Adama Sylla<br \/>\n<a href=\"https:\/\/www.challenge.ma\/coronavirus-le-maroc-enregistre-72-nouveaux-cas-ce-dimanche-a-10h00-136966\/\">Cliquez ici pour lire l&rsquo;article depuis sa source.<\/a><\/p>\n","protected":false},"excerpt":{"rendered":"<p>Le bilan continue de grimper. 72 nouveaux cas de Covid19 ont \u00e9t\u00e9 confirm\u00e9s entre samedi 11 avril \u00e0 18H et dimanche 12 avril \u00e0 10H par le minist\u00e8re de la Sant\u00e9, ce qui porte le total \u00e0\u00a0 1917 cas. \u00a0Le minist\u00e8re de la Sant\u00e9 vient d\u2019annoncer 72 nouveaux cas de Coronavirus au Maroc, dimanche 12 [&hellip;]<\/p>\n","protected":false},"author":1787,"featured_media":0,"comment_status":"closed","ping_status":"closed","sticky":false,"template":"","format":"standard","meta":{"fifu_image_url":"","fifu_image_alt":"","footnotes":""},"categories":[78,54],"tags":[],"class_list":["post-82079","post","type-post","status-publish","format-standard","hentry","category-economie","category-maroc"],"_links":{"self":[{"href":"https:\/\/linitiative.ca\/International\/wp-json\/wp\/v2\/posts\/82079","targetHints":{"allow":["GET"]}}],"collection":[{"href":"https:\/\/linitiative.ca\/International\/wp-json\/wp\/v2\/posts"}],"about":[{"href":"https:\/\/linitiative.ca\/International\/wp-json\/wp\/v2\/types\/post"}],"author":[{"embeddable":true,"href":"https:\/\/linitiative.ca\/International\/wp-json\/wp\/v2\/users\/1787"}],"replies":[{"embeddable":true,"href":"https:\/\/linitiative.ca\/International\/wp-json\/wp\/v2\/comments?post=82079"}],"version-history":[{"count":0,"href":"https:\/\/linitiative.ca\/International\/wp-json\/wp\/v2\/posts\/82079\/revisions"}],"wp:attachment":[{"href":"https:\/\/linitiative.ca\/International\/wp-json\/wp\/v2\/media?parent=82079"}],"wp:term":[{"taxonomy":"category","embeddable":true,"href":"https:\/\/linitiative.ca\/International\/wp-json\/wp\/v2\/categories?post=82079"},{"taxonomy":"post_tag","embeddable":true,"href":"https:\/\/linitiative.ca\/International\/wp-json\/wp\/v2\/tags?post=82079"}],"curies":[{"name":"wp","href":"https:\/\/api.w.org\/{rel}","templated":true}]}}