{"id":82080,"date":"2020-04-12T13:17:31","date_gmt":"2020-04-12T17:17:31","guid":{"rendered":"https:\/\/linitiative.ca\/International\/1661-cas-positifs-cumules-dimanche-a-18h-177-guerisons\/"},"modified":"2020-04-12T13:17:31","modified_gmt":"2020-04-12T17:17:31","slug":"1661-cas-positifs-cumules-dimanche-a-18h-177-guerisons","status":"publish","type":"post","link":"https:\/\/linitiative.ca\/International\/1661-cas-positifs-cumules-dimanche-a-18h-177-guerisons\/","title":{"rendered":"1661 cas positifs cumul\u00e9s dimanche \u00e0 18H, 177 gu\u00e9risons"},"content":{"rendered":"<p><strong>Voici le nouveau bilan du minist\u00e8re de la Sant\u00e9.<\/strong><\/p>\n<div class=\"c10\"\/>\n<p>A 18H ce dimanche, le nouveau bilan \u00e9tabli par le minist\u00e8re de la Sant\u00e9 fait \u00e9tat 116 nouveaux cas positifs enregistr\u00e9s ces derni\u00e8res 24 heures. Cela porte le nombre total des cas contamin\u00e9s \u00e0 1661. On d\u00e9nombre 7 nouveaux d\u00e9c\u00e8s, portant le nombre des d\u00e9c\u00e8s \u00e0 118, et 31 nouvelles gu\u00e9risons, soit 177 au total.<\/p>\n<div class=\"c17\">\n<fieldset class=\"c16\">\n<legend><strong><span class=\"c11\">Challenge<\/span><span class=\"c12\">news<\/span><\/strong><\/legend>\n<div class=\"c15\">Le meilleur de Challenge s\u00e9lectionn\u00e9 par la r\u00e9daction :<\/p>\n<\/div>\n<\/fieldset>\n<\/div>\n<p>Auteur: challenge<br \/>\n<a href=\"https:\/\/www.challenge.ma\/1661-cas-positifs-cumules-dimanche-a-18h-177-guerisons-136997\/\">Cliquez ici pour lire l&rsquo;article depuis sa source.<\/a><\/p>\n","protected":false},"excerpt":{"rendered":"<p>Voici le nouveau bilan du minist\u00e8re de la Sant\u00e9. A 18H ce dimanche, le nouveau bilan \u00e9tabli par le minist\u00e8re de la Sant\u00e9 fait \u00e9tat 116 nouveaux cas positifs enregistr\u00e9s ces derni\u00e8res 24 heures. Cela porte le nombre total des cas contamin\u00e9s \u00e0 1661. On d\u00e9nombre 7 nouveaux d\u00e9c\u00e8s, portant le nombre des d\u00e9c\u00e8s \u00e0 [&hellip;]<\/p>\n","protected":false},"author":1787,"featured_media":0,"comment_status":"closed","ping_status":"closed","sticky":false,"template":"","format":"standard","meta":{"fifu_image_url":"","fifu_image_alt":"","footnotes":""},"categories":[78,54],"tags":[],"class_list":["post-82080","post","type-post","status-publish","format-standard","hentry","category-economie","category-maroc"],"_links":{"self":[{"href":"https:\/\/linitiative.ca\/International\/wp-json\/wp\/v2\/posts\/82080","targetHints":{"allow":["GET"]}}],"collection":[{"href":"https:\/\/linitiative.ca\/International\/wp-json\/wp\/v2\/posts"}],"about":[{"href":"https:\/\/linitiative.ca\/International\/wp-json\/wp\/v2\/types\/post"}],"author":[{"embeddable":true,"href":"https:\/\/linitiative.ca\/International\/wp-json\/wp\/v2\/users\/1787"}],"replies":[{"embeddable":true,"href":"https:\/\/linitiative.ca\/International\/wp-json\/wp\/v2\/comments?post=82080"}],"version-history":[{"count":0,"href":"https:\/\/linitiative.ca\/International\/wp-json\/wp\/v2\/posts\/82080\/revisions"}],"wp:attachment":[{"href":"https:\/\/linitiative.ca\/International\/wp-json\/wp\/v2\/media?parent=82080"}],"wp:term":[{"taxonomy":"category","embeddable":true,"href":"https:\/\/linitiative.ca\/International\/wp-json\/wp\/v2\/categories?post=82080"},{"taxonomy":"post_tag","embeddable":true,"href":"https:\/\/linitiative.ca\/International\/wp-json\/wp\/v2\/tags?post=82080"}],"curies":[{"name":"wp","href":"https:\/\/api.w.org\/{rel}","templated":true}]}}