{"id":82086,"date":"2020-04-12T15:44:50","date_gmt":"2020-04-12T19:44:50","guid":{"rendered":"https:\/\/linitiative.ca\/International\/photo-du-jour-quand-le-politique-prevaut-sur-la-sante-des-autres\/"},"modified":"2020-04-12T15:44:50","modified_gmt":"2020-04-12T19:44:50","slug":"photo-du-jour-quand-le-politique-prevaut-sur-la-sante-des-autres","status":"publish","type":"post","link":"https:\/\/linitiative.ca\/International\/photo-du-jour-quand-le-politique-prevaut-sur-la-sante-des-autres\/","title":{"rendered":"Photo du jour: Quand le politique pr\u00e9vaut sur la sant\u00e9 des autres"},"content":{"rendered":"<div class=\"post-cont-in left relative\">\n<p>La photo est celle de la salle de r\u00e9union de l\u2019h\u00f4pital universitaire Habib Bourguiba M\u00e9denine \u00e0 l\u2019occasion de la visite du Ministre de la sant\u00e9 Abellatif Mekki.<\/p>\n<div class=\"code-block code-block-1 c3\"><ins class=\"adsbygoogle c2\" data-ad-layout=\"in-article\" data-ad-format=\"fluid\" data-ad-client=\"ca-pub-2102118777505746\" data-ad-slot=\"7301775417\"\/> <\/div>\n<p>Le Ministre a assist\u00e9, le dimanche\u00a0 12 Avril, \u00e0 l\u2019atelier de travail qui a r\u00e9uni les membres de la commission permanente du suivi de l\u2019\u00e9volution du <a href=\"https:\/\/www.tunisienumerique.com\/tunisie-actualite\/coronavirus\/\" title=\"coronavirus\" target=\"_top\" class=\"auto-link\" rel=\"noopener noreferrer\">coronavirus<\/a> avec la pr\u00e9sence de m\u00e9decins de pr\u00e9vention, des services d\u2019urgence et des cellules de veille des directions r\u00e9gionales de la sant\u00e9 des gouvernorats de M\u00e9denine, K\u00e9bili et Tataouine<\/p>\n<p>Bref, r\u00e9unir autant de monde ensemble dans un tel espace ferm\u00e9 sans aucun respect de la\u00a0 distanciation sociale t\u00e9moigne d\u2019une totale indiscipline o\u00f9 le politique pr\u00e9vaut sur la sant\u00e9 des autres! Et apr\u00e8s on s\u2019\u00e9tonne que le peuple ne respecte pas le confinement sanitaire !<\/p>\n<p><img loading=\"lazy\" decoding=\"async\" class=\"alignnone size-full wp-image-512287\" src=\"https:\/\/linitiative.ca\/International\/wp-content\/uploads\/sites\/23\/2020\/04\/Image1.jpg\" alt=\"\" width=\"977\" height=\"720\" srcset=\"https:\/\/linitiative.ca\/International\/wp-content\/uploads\/sites\/23\/2020\/04\/Image1.jpg 977w, https:\/\/www.tunisienumerique.com\/wp-content\/uploads\/2020\/04\/Image1-768x566.jpg 768w\" sizes=\"auto, (max-width: 977px) 100vw, 977px\"\/><\/p>\n<div class=\"swp_social_panel swp_horizontal_panel swp_flat_fresh swp_default_full_color swp_individual_full_color swp_other_full_color scale-100 scale-\" data-min-width=\"1100\" data-float-color=\"#ffffff\" data-float=\"bottom\" data-float-mobile=\"bottom\" data-transition=\"slide\">\n<div class=\"nc_tweetContainer swp_share_button total_shares total_sharesalt\"><span class=\"swp_count\">50 <span class=\"swp_label\">Partages<\/span><\/span><\/div>\n<\/div>\n<p><strong>Que se passe-t-il en Tunisie?<\/strong><br \/>Nous expliquons sur notre <a href=\"https:\/\/www.youtube.com\/channel\/UCRzypVq0B_yBad5eGrwBx0Q?sub_confirmation=1\" target=\"_blank\" rel=\"noopener noreferrer\">cha\u00eene YouTube<\/a> . <a href=\"https:\/\/www.youtube.com\/channel\/UCRzypVq0B_yBad5eGrwBx0Q?sub_confirmation=1\" target=\"_blank\" rel=\"noopener noreferrer\">Abonnez-vous!<\/a><\/p>\n<div class=\"mvp-org-wrap mvp-org-logo\" itemprop=\"publisher\" itemscope=\"\" itemtype=\"https:\/\/schema.org\/Organization\"><img decoding=\"async\" src=\"https:\/\/linitiative.ca\/International\/wp-content\/uploads\/sites\/23\/2020\/04\/logo_tunisie_numerique-52.png\"\/><\/div>\n<div class=\"post-tags\"><span class=\"post-tags-header\">Sujets Connexes:<\/span><\/div>\n<div id=\"article-ad\"><ins class=\"adsbygoogle c4\" data-ad-client=\"ca-pub-2102118777505746\" data-ad-slot=\"6513972734\" data-ad-format=\"auto\" data-full-width-responsive=\"true\"\/> <\/div>\n<\/div>\n<div id=\"post-sidebar-wrap\"><ins class=\"adsbygoogle c4\" data-ad-client=\"ca-pub-2102118777505746\" data-ad-slot=\"6168283410\" data-ad-format=\"auto\" data-full-width-responsive=\"true\"\/> <\/div>\n<p>Auteur: w k<br \/>\n<a href=\"https:\/\/www.tunisienumerique.com\/photo-du-jour-quand-le-politique-prevaut-sur-la-sante-des-autres\/\">Cliquez ici pour lire l&rsquo;article depuis sa source.<\/a><\/p>\n","protected":false},"excerpt":{"rendered":"<p>La photo est celle de la salle de r\u00e9union de l\u2019h\u00f4pital universitaire Habib Bourguiba M\u00e9denine \u00e0 l\u2019occasion de la visite du Ministre de la sant\u00e9 Abellatif Mekki. Le Ministre a assist\u00e9, le dimanche\u00a0 12 Avril, \u00e0 l\u2019atelier de travail qui a r\u00e9uni les membres de la commission permanente du suivi de l\u2019\u00e9volution du coronavirus avec [&hellip;]<\/p>\n","protected":false},"author":1789,"featured_media":82087,"comment_status":"closed","ping_status":"closed","sticky":false,"template":"","format":"standard","meta":{"fifu_image_url":"","fifu_image_alt":"","footnotes":""},"categories":[73,55],"tags":[],"class_list":["post-82086","post","type-post","status-publish","format-standard","has-post-thumbnail","hentry","category-actualite","category-tunisie"],"_links":{"self":[{"href":"https:\/\/linitiative.ca\/International\/wp-json\/wp\/v2\/posts\/82086","targetHints":{"allow":["GET"]}}],"collection":[{"href":"https:\/\/linitiative.ca\/International\/wp-json\/wp\/v2\/posts"}],"about":[{"href":"https:\/\/linitiative.ca\/International\/wp-json\/wp\/v2\/types\/post"}],"author":[{"embeddable":true,"href":"https:\/\/linitiative.ca\/International\/wp-json\/wp\/v2\/users\/1789"}],"replies":[{"embeddable":true,"href":"https:\/\/linitiative.ca\/International\/wp-json\/wp\/v2\/comments?post=82086"}],"version-history":[{"count":0,"href":"https:\/\/linitiative.ca\/International\/wp-json\/wp\/v2\/posts\/82086\/revisions"}],"wp:featuredmedia":[{"embeddable":true,"href":"https:\/\/linitiative.ca\/International\/wp-json\/"}],"wp:attachment":[{"href":"https:\/\/linitiative.ca\/International\/wp-json\/wp\/v2\/media?parent=82086"}],"wp:term":[{"taxonomy":"category","embeddable":true,"href":"https:\/\/linitiative.ca\/International\/wp-json\/wp\/v2\/categories?post=82086"},{"taxonomy":"post_tag","embeddable":true,"href":"https:\/\/linitiative.ca\/International\/wp-json\/wp\/v2\/tags?post=82086"}],"curies":[{"name":"wp","href":"https:\/\/api.w.org\/{rel}","templated":true}]}}