{"id":82089,"date":"2020-04-12T16:53:21","date_gmt":"2020-04-12T20:53:21","guid":{"rendered":"https:\/\/linitiative.ca\/International\/to-pay-or-not-to-pay-scolarite-du-troisieme-trimestre\/"},"modified":"2020-04-12T16:53:21","modified_gmt":"2020-04-12T20:53:21","slug":"to-pay-or-not-to-pay-scolarite-du-troisieme-trimestre","status":"publish","type":"post","link":"https:\/\/linitiative.ca\/International\/to-pay-or-not-to-pay-scolarite-du-troisieme-trimestre\/","title":{"rendered":"To pay or not to pay: scolarit\u00e9 du troisi\u00e8me trimestre"},"content":{"rendered":"<div class=\"post-cont-in left relative\">\n<p>Le troisi\u00e8me trimestre a \u00e9t\u00e9 entam\u00e9 \u00e0 domicile. Malgr\u00e9 le confinement, certains \u00e9tablissements priv\u00e9s dont notamment ceux d\u00e9pendant de l\u2019AEFE ont exig\u00e9 le paiement des frais de scolarit\u00e9.<\/p>\n<div class=\"code-block code-block-1 c3\"><ins class=\"adsbygoogle c2\" data-ad-layout=\"in-article\" data-ad-format=\"fluid\" data-ad-client=\"ca-pub-2102118777505746\" data-ad-slot=\"7301775417\"\/> <\/div>\n<p>Ces \u00e9tablissements ont \u00e9t\u00e9 oblig\u00e9s de d\u00e9ployer \u201cle plan B\u201d en mettant en place une strat\u00e9gie en toute urgence pour essayer de sauver le reste de l\u2019ann\u00e9e scolaire.<\/p>\n<p>Ces \u00e9tablissements ont d\u00fb s\u2019adapter aux exigences du confinement en offrant de l\u2019accompagnement p\u00e9dagogique personnalis\u00e9 et de la formation \u00e0 distance.<\/p>\n<p>Cette situation n\u2019a pas \u00e9t\u00e9 sans g\u00eane tant pour les enseignants que les parents qui ont du tant bien que mal se r\u00e9signer \u00e0 l\u2019utilisation de ces outils de t\u00e9l\u00e9travail.<\/p>\n<p>Certains \u00e9tablissements, dont notamment ceux du r\u00e9seau AEFE, ont m\u00eame offert des formations \u00e0 leurs corps enseignants pour assurer rapidement des cours \u00e0 distance.<\/p>\n<p>Cet effort suppl\u00e9mentaire n\u2019a cependant pas \u00e9t\u00e9 accompagn\u00e9, comme le pensent certains, par la r\u00e9duction de la masse salariale des \u00e9tablissements qui repr\u00e9sente pr\u00e8s de 75% des charges de ce type d\u2019\u00e9tablissements.<\/p>\n<p>Le personnel toutes cat\u00e9gories confondues (administratif, p\u00e9dagogique, ouvrier,) a continu\u00e9 \u00e0 \u00eatre pay\u00e9 malgr\u00e9 une obligation de confinement.<\/p>\n<p>La pand\u00e9mie du COVID-19 a bouscul\u00e9 les habitudes d\u2019enseignement et d\u2019apprentissage en migrant vers des techniques \u201dnouvelles\u201d et en rappelant les parents \u00e0 leur r\u00f4le principal celui de tuteur.<\/p>\n<p>Cette situation d\u00e9pla\u00eet \u00e0 certains parents certes, mais il ne faut pas oublier que les enseignants et autres corps p\u00e9dagogiques et administratifs sont des parents en confinement \u00e9galement.<\/p>\n<p>Pour soutenir cet effort louable des \u00e9tablissements priv\u00e9s et maintenir une continuit\u00e9 de l\u2019activit\u00e9 p\u00e9dagogique, il semble qu\u2019on peut facilement faire abstraction de la question de l\u2019argent \u00e0 moins qu\u2019on pr\u00e9f\u00e8re le d\u00e9penser dans les cours priv\u00e9s.<\/p>\n<div class=\"swp_social_panel swp_horizontal_panel swp_flat_fresh swp_default_full_color swp_individual_full_color swp_other_full_color scale-100 scale-\" data-min-width=\"1100\" data-float-color=\"#ffffff\" data-float=\"bottom\" data-float-mobile=\"bottom\" data-transition=\"slide\">\n<div class=\"nc_tweetContainer swp_share_button total_shares total_sharesalt\"><span class=\"swp_count\">1 <span class=\"swp_label\">Partages<\/span><\/span><\/div>\n<\/div>\n<p><strong>Que se passe-t-il en Tunisie?<\/strong><br \/>Nous expliquons sur notre <a href=\"https:\/\/www.youtube.com\/channel\/UCRzypVq0B_yBad5eGrwBx0Q?sub_confirmation=1\" target=\"_blank\" rel=\"noopener noreferrer\">cha\u00eene YouTube<\/a> . <a href=\"https:\/\/www.youtube.com\/channel\/UCRzypVq0B_yBad5eGrwBx0Q?sub_confirmation=1\" target=\"_blank\" rel=\"noopener noreferrer\">Abonnez-vous!<\/a><\/p>\n<div class=\"mvp-org-wrap mvp-org-logo\" itemprop=\"publisher\" itemscope=\"\" itemtype=\"https:\/\/schema.org\/Organization\"><img decoding=\"async\" src=\"https:\/\/linitiative.ca\/International\/wp-content\/uploads\/sites\/23\/2020\/04\/logo_tunisie_numerique-53.png\"\/><\/div>\n<div class=\"post-tags\"><span class=\"post-tags-header\">Sujets Connexes:<\/span><\/div>\n<div id=\"article-ad\"><ins class=\"adsbygoogle c4\" data-ad-client=\"ca-pub-2102118777505746\" data-ad-slot=\"6513972734\" data-ad-format=\"auto\" data-full-width-responsive=\"true\"\/> <\/div>\n<\/div>\n<div id=\"post-sidebar-wrap\"><ins class=\"adsbygoogle c4\" data-ad-client=\"ca-pub-2102118777505746\" data-ad-slot=\"6168283410\" data-ad-format=\"auto\" data-full-width-responsive=\"true\"\/> <\/div>\n<p>Auteur: w k<br \/>\n<a href=\"https:\/\/www.tunisienumerique.com\/to-pay-or-not-to-pay-scolarite-du-troisieme-trimestre\/\">Cliquez ici pour lire l&rsquo;article depuis sa source.<\/a><\/p>\n","protected":false},"excerpt":{"rendered":"<p>Le troisi\u00e8me trimestre a \u00e9t\u00e9 entam\u00e9 \u00e0 domicile. Malgr\u00e9 le confinement, certains \u00e9tablissements priv\u00e9s dont notamment ceux d\u00e9pendant de l\u2019AEFE ont exig\u00e9 le paiement des frais de scolarit\u00e9. Ces \u00e9tablissements ont \u00e9t\u00e9 oblig\u00e9s de d\u00e9ployer \u201cle plan B\u201d en mettant en place une strat\u00e9gie en toute urgence pour essayer de sauver le reste de l\u2019ann\u00e9e [&hellip;]<\/p>\n","protected":false},"author":1789,"featured_media":82090,"comment_status":"closed","ping_status":"closed","sticky":false,"template":"","format":"standard","meta":{"fifu_image_url":"","fifu_image_alt":"","footnotes":""},"categories":[73,55],"tags":[],"class_list":["post-82089","post","type-post","status-publish","format-standard","has-post-thumbnail","hentry","category-actualite","category-tunisie"],"_links":{"self":[{"href":"https:\/\/linitiative.ca\/International\/wp-json\/wp\/v2\/posts\/82089","targetHints":{"allow":["GET"]}}],"collection":[{"href":"https:\/\/linitiative.ca\/International\/wp-json\/wp\/v2\/posts"}],"about":[{"href":"https:\/\/linitiative.ca\/International\/wp-json\/wp\/v2\/types\/post"}],"author":[{"embeddable":true,"href":"https:\/\/linitiative.ca\/International\/wp-json\/wp\/v2\/users\/1789"}],"replies":[{"embeddable":true,"href":"https:\/\/linitiative.ca\/International\/wp-json\/wp\/v2\/comments?post=82089"}],"version-history":[{"count":0,"href":"https:\/\/linitiative.ca\/International\/wp-json\/wp\/v2\/posts\/82089\/revisions"}],"wp:featuredmedia":[{"embeddable":true,"href":"https:\/\/linitiative.ca\/International\/wp-json\/"}],"wp:attachment":[{"href":"https:\/\/linitiative.ca\/International\/wp-json\/wp\/v2\/media?parent=82089"}],"wp:term":[{"taxonomy":"category","embeddable":true,"href":"https:\/\/linitiative.ca\/International\/wp-json\/wp\/v2\/categories?post=82089"},{"taxonomy":"post_tag","embeddable":true,"href":"https:\/\/linitiative.ca\/International\/wp-json\/wp\/v2\/tags?post=82089"}],"curies":[{"name":"wp","href":"https:\/\/api.w.org\/{rel}","templated":true}]}}