{"id":82091,"date":"2020-04-12T16:57:48","date_gmt":"2020-04-12T20:57:48","guid":{"rendered":"https:\/\/linitiative.ca\/International\/derniere-minute-coronavirus-turquie-erdogan-refuse-la-demission-du-ministre-de-linterieur\/"},"modified":"2020-04-12T16:57:48","modified_gmt":"2020-04-12T20:57:48","slug":"derniere-minute-coronavirus-turquie-erdogan-refuse-la-demission-du-ministre-de-linterieur","status":"publish","type":"post","link":"https:\/\/linitiative.ca\/International\/derniere-minute-coronavirus-turquie-erdogan-refuse-la-demission-du-ministre-de-linterieur\/","title":{"rendered":"DERNIERE MINUTE \u2013 Coronavirus \u2013 Turquie : Erdogan refuse la d\u00e9mission du ministre de l\u2019Int\u00e9rieur"},"content":{"rendered":"<div class=\"post-cont-in left relative\">\n<p>Le pr\u00e9sident turque Recep Tayyip Erdo\u011fan vient de refuser la d\u00e9mission de son ministre de l\u2019int\u00e9rieur.<\/p>\n<div class=\"code-block code-block-1 c3\"><ins class=\"adsbygoogle c2\" data-ad-layout=\"in-article\" data-ad-format=\"fluid\" data-ad-client=\"ca-pub-2102118777505746\" data-ad-slot=\"7301775417\"\/> <\/div>\n<p>Le ministre turc de l\u2019Int\u00e9rieur avait pr\u00e9sent\u00e9, ce dimanche 12 avril 2020, sa d\u00e9mission.<\/p>\n<p>\u00ab Que ma nation, \u00e0 laquelle jamais je n\u2019ai voulu nuire, et notre pr\u00e9sident, \u00e0 qui je serai fid\u00e8le toute ma vie, me pardonnent. Je quitte la fonction de ministre de l\u2019Int\u00e9rieur que j\u2019ai eu l\u2019honneur de remplir \u00bb, a d\u00e9clar\u00e9 S\u00fcleyman Soylu.<\/p>\n<p>Le puissant ministre \u00e9tait critiqu\u00e9 sur sa gestion du confinement. Vendredi soir, le gouvernement turc s\u2019\u00e9tait r\u00e9solu \u00e0 d\u00e9cr\u00e9ter un couvre-feu de 48 heures dans les principales villes du pays. L\u2019annonce a provoqu\u00e9 un mouvement de panique de la population, qui s\u2019est pr\u00e9cipit\u00e9e dans les commerces pour faire des provisions.<\/p>\n<div class=\"swp_social_panel swp_horizontal_panel swp_flat_fresh swp_default_full_color swp_individual_full_color swp_other_full_color scale-100 scale-\" data-min-width=\"1100\" data-float-color=\"#ffffff\" data-float=\"bottom\" data-float-mobile=\"bottom\" data-transition=\"slide\">\n<div class=\"nc_tweetContainer swp_share_button total_shares total_sharesalt\"><span class=\"swp_count\">1 <span class=\"swp_label\">Partages<\/span><\/span><\/div>\n<\/div>\n<p><strong>Que se passe-t-il en Tunisie?<\/strong><br \/>Nous expliquons sur notre <a href=\"https:\/\/www.youtube.com\/channel\/UCRzypVq0B_yBad5eGrwBx0Q?sub_confirmation=1\" target=\"_blank\" rel=\"noopener noreferrer\">cha\u00eene YouTube<\/a> . <a href=\"https:\/\/www.youtube.com\/channel\/UCRzypVq0B_yBad5eGrwBx0Q?sub_confirmation=1\" target=\"_blank\" rel=\"noopener noreferrer\">Abonnez-vous!<\/a><\/p>\n<div class=\"mvp-org-wrap mvp-org-logo\" itemprop=\"publisher\" itemscope=\"\" itemtype=\"https:\/\/schema.org\/Organization\"><img decoding=\"async\" src=\"https:\/\/linitiative.ca\/International\/wp-content\/uploads\/sites\/23\/2020\/04\/logo_tunisie_numerique-54.png\"\/><\/div>\n<div class=\"mvp-related-posts left relative\">\n<h4 class=\"post-header\"><span class=\"post-header\">Lire aussi<\/span><\/h4>\n<\/div>\n<div id=\"article-ad\"><ins class=\"adsbygoogle c4\" data-ad-client=\"ca-pub-2102118777505746\" data-ad-slot=\"6513972734\" data-ad-format=\"auto\" data-full-width-responsive=\"true\"\/> <\/div>\n<\/div>\n<div id=\"post-sidebar-wrap\"><ins class=\"adsbygoogle c4\" data-ad-client=\"ca-pub-2102118777505746\" data-ad-slot=\"6168283410\" data-ad-format=\"auto\" data-full-width-responsive=\"true\"\/> <\/div>\n<p>Auteur: balkis<br \/>\n<a href=\"https:\/\/www.tunisienumerique.com\/derniere-minute-coronavirus-turquie-erdogan-refuse-la-demission-du-ministre-de-linterieur\/\">Cliquez ici pour lire l&rsquo;article depuis sa source.<\/a><\/p>\n","protected":false},"excerpt":{"rendered":"<p>Le pr\u00e9sident turque Recep Tayyip Erdo\u011fan vient de refuser la d\u00e9mission de son ministre de l\u2019int\u00e9rieur. Le ministre turc de l\u2019Int\u00e9rieur avait pr\u00e9sent\u00e9, ce dimanche 12 avril 2020, sa d\u00e9mission. \u00ab Que ma nation, \u00e0 laquelle jamais je n\u2019ai voulu nuire, et notre pr\u00e9sident, \u00e0 qui je serai fid\u00e8le toute ma vie, me pardonnent. Je [&hellip;]<\/p>\n","protected":false},"author":1789,"featured_media":82092,"comment_status":"closed","ping_status":"closed","sticky":false,"template":"","format":"standard","meta":{"fifu_image_url":"","fifu_image_alt":"","footnotes":""},"categories":[73,55],"tags":[],"class_list":["post-82091","post","type-post","status-publish","format-standard","has-post-thumbnail","hentry","category-actualite","category-tunisie"],"_links":{"self":[{"href":"https:\/\/linitiative.ca\/International\/wp-json\/wp\/v2\/posts\/82091","targetHints":{"allow":["GET"]}}],"collection":[{"href":"https:\/\/linitiative.ca\/International\/wp-json\/wp\/v2\/posts"}],"about":[{"href":"https:\/\/linitiative.ca\/International\/wp-json\/wp\/v2\/types\/post"}],"author":[{"embeddable":true,"href":"https:\/\/linitiative.ca\/International\/wp-json\/wp\/v2\/users\/1789"}],"replies":[{"embeddable":true,"href":"https:\/\/linitiative.ca\/International\/wp-json\/wp\/v2\/comments?post=82091"}],"version-history":[{"count":0,"href":"https:\/\/linitiative.ca\/International\/wp-json\/wp\/v2\/posts\/82091\/revisions"}],"wp:featuredmedia":[{"embeddable":true,"href":"https:\/\/linitiative.ca\/International\/wp-json\/"}],"wp:attachment":[{"href":"https:\/\/linitiative.ca\/International\/wp-json\/wp\/v2\/media?parent=82091"}],"wp:term":[{"taxonomy":"category","embeddable":true,"href":"https:\/\/linitiative.ca\/International\/wp-json\/wp\/v2\/categories?post=82091"},{"taxonomy":"post_tag","embeddable":true,"href":"https:\/\/linitiative.ca\/International\/wp-json\/wp\/v2\/tags?post=82091"}],"curies":[{"name":"wp","href":"https:\/\/api.w.org\/{rel}","templated":true}]}}