{"id":82093,"date":"2020-04-12T13:45:01","date_gmt":"2020-04-12T17:45:01","guid":{"rendered":"https:\/\/linitiative.ca\/International\/paques-2020\/"},"modified":"2020-04-12T13:45:01","modified_gmt":"2020-04-12T17:45:01","slug":"paques-2020","status":"publish","type":"post","link":"https:\/\/linitiative.ca\/International\/paques-2020\/","title":{"rendered":"P\u00c2QUES 2020"},"content":{"rendered":"<div class=\"stream-item stream-item-above-post-content\">\n<p><noscript><\/p>\n<p><a href=\"\/\/www3.smartadserver.com\/ac?jump=1&amp;nwid=2136&amp;siteid=240610&amp;pgname=rg&amp;fmtid=49046&amp;visit=m&amp;tmstp=[timestamp]&amp;out=nonrich\" target=\"_blank\" rel=\"noopener noreferrer\"><img decoding=\"async\" src=\"http:\/\/www3.smartadserver.com\/ac?out=nonrich&amp;nwid=2136&amp;siteid=240610&amp;pgname=rg&amp;fmtid=49046&amp;visit=m&amp;tmstp=[timestamp]\" border=\"0\" alt=\"\"\/><\/a><\/p>\n<p><\/noscript><\/div>\n<p class=\"c3\"><em>Un mois apr\u00e8s la d\u00e9claration des deux premiers cas de Covid-19 au Burkina Faso, le bilan affiche, au 10 avril, 484 cas confirm\u00e9s d\u2019infections dont 155 gu\u00e9risons, 27 d\u00e9c\u00e8s et 302 cas en traitement. Entre-temps, pour freiner la propagation de la maladie, le gouvernement a pris une batterie de mesures allant de la suspension des \u00e9v\u00e9nements d\u2019envergure \u00e0 la mise en quarantaine de toutes les villes ayant enregistr\u00e9 au moins un cas de Covid-19, en passant, entre autres, par l\u2019instauration d\u2019un couvre-feu, la fermeture des \u00e9tablissements scolaires et universitaires, des fronti\u00e8res terrestres, a\u00e9riennes et ferroviaires, des march\u00e9s, restaurants, d\u00e9bits de boissons, salles de cin\u00e9mas, de jeux et de spectacles, la suspension des transports en commun, etc. C\u2019est dans ce contexte d\u2019alerte maximale face \u00e0 la maladie et de confinement sur fond de lieux de culte ferm\u00e9s, que les fid\u00e8les chr\u00e9tiens ont c\u00e9l\u00e9br\u00e9 la f\u00eate de P\u00e2ques, le 12 avril 2020. Pour une exp\u00e9rience in\u00e9dite, c\u2019en est une.<\/em><\/p>\n<p class=\"c3\"><em><strong>A l\u2019\u00e9preuve du Covid-19, P\u00e2ques 2020 a \u00e9t\u00e9 des plus moroses, d\u2019autant que les c\u00e9l\u00e9brations se sont faites sans les fid\u00e8les<\/strong><\/em><\/p>\n<p class=\"c3\"><em>Car, en temps normal, dans la ferveur de leur foi, les fid\u00e8les chr\u00e9tiens auraient pris d\u2019assaut les \u00e9glises et les temples. L\u2019ambiance constat\u00e9e au niveau des d\u00e9bits de boissons, pour une f\u00eate qui se veut aussi celle du partage avec les fr\u00e8res d\u2019autres religions, aurait \u00e9t\u00e9 autre. Mais \u00e0 l\u2019\u00e9preuve du Covid-19, P\u00e2ques 2020 a \u00e9t\u00e9 des plus moroses, d\u2019autant que les c\u00e9l\u00e9brations se sont faites sans les fid\u00e8les, contraints qu\u2019ils \u00e9taient de rester \u00e0 domicile non seulement en raison du couvre-feu, mais aussi des mesures d\u2019interdiction de rassemblements prises par les autorit\u00e9s. Une exp\u00e9rience in\u00e9dite que l\u2019Eglise du Burkina, sauf erreur ou omission, n\u2019a jamais connue. Qu\u2019\u00e0 cela ne tienne. Sans \u00eatre physiquement pr\u00e9sents dans la maison de Dieu, les fid\u00e8les chr\u00e9tiens ont \u00e9t\u00e9 invit\u00e9s \u00e0 vivre de chez eux, les c\u00e9l\u00e9brations pascales par le biais de la radio et de la t\u00e9l\u00e9vision voire des r\u00e9seaux sociaux. Une initiative qui a permis certes de rester en communion dans la pri\u00e8re, mais qui semble avoir eu un petit go\u00fbt d\u2019inachev\u00e9 pour ceux qui ont du mal \u00e0 trouver leurs rep\u00e8res dans une messe sans eucharistie. C\u2019est dire si en cette P\u00e2ques sur fond de Covid-19, c\u2019est la foi m\u00eame des fid\u00e8les qui a \u00e9t\u00e9 quelque part \u00e9prouv\u00e9e. D\u2019autant que contrairement aux ann\u00e9es pr\u00e9c\u00e9dentes, on n\u2019a pas senti cette pr\u00e9paration collective qui va g\u00e9n\u00e9ralement du mercredi des cendres au dimanche pascal en passant par les diff\u00e9rents chemins de croix, le dimanche des rameaux et le triduum pascal. Autant dire que \u00e7a \u00e9t\u00e9 une pr\u00e9paration individuelle pour accueillir la r\u00e9surrection du Christ, qui aura \u00e9branl\u00e9 bien des chr\u00e9tiens dans leur pr\u00e9paration spirituelle en les amenant \u00e0 baisser de r\u00e9gime parce que ne ressentant pas la m\u00eame ferveur habituelle. Au-del\u00e0, c\u2019est une situation qui n\u2019a pas manqu\u00e9 non plus d\u2019impact sur le go\u00fbt de la f\u00eate en raison du report des sacrements que s\u2019appr\u00eataient \u00e0 recevoir certains fid\u00e8les oblig\u00e9s de prendre leur mal en patience, en attendant la fin de l\u2019\u00e9pid\u00e9mie.<\/em><\/p>\n<p class=\"c3\"><em><strong>Pour nous, Africains, habitu\u00e9s \u00e0 passer nos f\u00eates dans la convivialit\u00e9, qu\u2019est-ce que P\u00e2ques si on ne peut pas aller \u00e0 l\u2019\u00e9glise, rendre visite \u00e0 des proches, recevoir des invit\u00e9s et partager un repas dans la gaiet\u00e9\u00a0?<\/strong><\/em><\/p>\n<p class=\"c3\"><em>C\u2019est dire si au-del\u00e0 de la crise sanitaire, cette P\u00e2ques qui s\u2019est pr\u00e9sent\u00e9e comme une v\u00e9ritable \u00e9preuve pour le peuple de Dieu, a \u00e9t\u00e9 aussi un appel \u00e0 l\u2019introspection pour les fid\u00e8les chr\u00e9tiens. D\u2019un certain point de vue, ce n\u2019est pas non plus mal car, dans la vie, il faut parfois savoir marquer une halte. Mais pour nous, Africains, habitu\u00e9s \u00e0 passer nos f\u00eates dans la convivialit\u00e9, qu\u2019est-ce que P\u00e2ques si on ne peut pas aller \u00e0 l\u2019\u00e9glise, rendre visite \u00e0 des proches, recevoir des invit\u00e9s et partager un repas dans la gaiet\u00e9\u00a0? C\u2019est peu dire que l\u2019ambiance dans les \u00e9glises et les temples, a manqu\u00e9 aux fid\u00e8les chr\u00e9tiens tout comme ces derniers ont manqu\u00e9 aux serviteurs de Dieu, c\u2019est-\u00e0-dire les pasteurs et les pr\u00eatres c\u00e9l\u00e9brants. Vivement donc que ce satan\u00e9 virus qui n\u2019est pas loin de remettre en cause notre vivre-ensemble, soit vaincu le plus rapidement possible pour que la vie reprenne son cours normal. Car, rien ne saurait remplacer la chaleur des relations humaines, surtout en Afrique o\u00f9 la c\u00e9l\u00e9bration d\u2019une f\u00eate religieuse est une occasion de r\u00e9jouissances qui vont largement au-del\u00e0 du cercle restreint des fid\u00e8les de cette religion. Cela dit, apr\u00e8s les chr\u00e9tiens, ce sont les fid\u00e8les musulmans dont le je\u00fbne du Ramadan se profile d\u00e9j\u00e0 \u00e0 l\u2019horizon, qui risquent d\u2019\u00eatre soumis \u00e0 la m\u00eame \u00e9preuve, pour cause de Covid-19. On esp\u00e8re que d\u2019ici l\u00e0, \u00e0 d\u00e9faut d\u2019\u00eatre totalement vaincue, la maladie sera fortement en recul dans notre pays et partout ailleurs dans le monde.<\/em><\/p>\n<p class=\"c3\"><em><strong>\u00ab\u00a0Le Pays\u00a0\u00bb<\/strong><\/em><\/p>\n<p class=\"c3\"><em>\u00a0\u00a0<\/em><\/p>\n<p>Auteur: Le Pays<br \/>\n<a href=\"http:\/\/lepays.bf\/paques-2020-2\/\">Cliquez ici pour lire l&rsquo;article depuis sa source.<\/a><\/p>\n","protected":false},"excerpt":{"rendered":"<p>Un mois apr\u00e8s la d\u00e9claration des deux premiers cas de Covid-19 au Burkina Faso, le bilan affiche, au 10 avril, 484 cas confirm\u00e9s d\u2019infections dont 155 gu\u00e9risons, 27 d\u00e9c\u00e8s et 302 cas en traitement. Entre-temps, pour freiner la propagation de la maladie, le gouvernement a pris une batterie de mesures allant de la suspension des [&hellip;]<\/p>\n","protected":false},"author":1813,"featured_media":0,"comment_status":"closed","ping_status":"closed","sticky":false,"template":"","format":"standard","meta":{"fifu_image_url":"","fifu_image_alt":"","footnotes":""},"categories":[73,81],"tags":[],"class_list":["post-82093","post","type-post","status-publish","format-standard","hentry","category-actualite","category-burkina-faso"],"_links":{"self":[{"href":"https:\/\/linitiative.ca\/International\/wp-json\/wp\/v2\/posts\/82093","targetHints":{"allow":["GET"]}}],"collection":[{"href":"https:\/\/linitiative.ca\/International\/wp-json\/wp\/v2\/posts"}],"about":[{"href":"https:\/\/linitiative.ca\/International\/wp-json\/wp\/v2\/types\/post"}],"author":[{"embeddable":true,"href":"https:\/\/linitiative.ca\/International\/wp-json\/wp\/v2\/users\/1813"}],"replies":[{"embeddable":true,"href":"https:\/\/linitiative.ca\/International\/wp-json\/wp\/v2\/comments?post=82093"}],"version-history":[{"count":0,"href":"https:\/\/linitiative.ca\/International\/wp-json\/wp\/v2\/posts\/82093\/revisions"}],"wp:attachment":[{"href":"https:\/\/linitiative.ca\/International\/wp-json\/wp\/v2\/media?parent=82093"}],"wp:term":[{"taxonomy":"category","embeddable":true,"href":"https:\/\/linitiative.ca\/International\/wp-json\/wp\/v2\/categories?post=82093"},{"taxonomy":"post_tag","embeddable":true,"href":"https:\/\/linitiative.ca\/International\/wp-json\/wp\/v2\/tags?post=82093"}],"curies":[{"name":"wp","href":"https:\/\/api.w.org\/{rel}","templated":true}]}}