{"id":82097,"date":"2020-04-12T08:26:21","date_gmt":"2020-04-12T12:26:21","guid":{"rendered":"https:\/\/linitiative.ca\/International\/paques-2020-le-message-de-lupc\/"},"modified":"2020-04-12T08:26:21","modified_gmt":"2020-04-12T12:26:21","slug":"paques-2020-le-message-de-lupc","status":"publish","type":"post","link":"https:\/\/linitiative.ca\/International\/paques-2020-le-message-de-lupc\/","title":{"rendered":"P\u00e2ques 2020 : Le message de l\u2019UPC"},"content":{"rendered":"<div class=\"td-post-featured-image\"><a href=\"https:\/\/i2.wp.com\/www.sidwaya.info\/wp-content\/uploads\/2020\/04\/upc-1.jpg?fit=427%2C260&amp;ssl=1\" data-caption=\"\"><img loading=\"lazy\" decoding=\"async\" width=\"427\" height=\"260\" class=\"entry-thumb td-modal-image\" src=\"https:\/\/i2.wp.com\/www.sidwaya.info\/wp-content\/uploads\/2020\/04\/upc-1.jpg?resize=427,260&amp;ssl=1\" srcset=\"https:\/\/i2.wp.com\/www.sidwaya.info\/wp-content\/uploads\/2020\/04\/upc-1.jpg?w=427&amp;ssl=1 427w, https:\/\/i2.wp.com\/www.sidwaya.info\/wp-content\/uploads\/2020\/04\/upc-1.jpg?resize=300%2C183&amp;ssl=1 300w\" sizes=\"auto, (max-width: 427px) 100vw, 427px\" alt=\"\" title=\"upc\"\/><\/a><\/div>\n<p><strong>Chers fr\u00e8res et s\u0153urs chr\u00e9tiens du Burkina Faso,<\/strong><\/p>\n<p>Ce dimanche 12 avril 2020, nous c\u00e9l\u00e9brons P\u00e2ques, la R\u00e9surrection du Christ.<\/p>\n<p>L\u2019Union pour le Progr\u00e8s et le Changement (UPC) souhaite \u00e0 chacun de vous une bonne f\u00eate pascale, et invoque des b\u00e9n\u00e9dictions sur vous et vos familles.<\/p>\n<p>P\u00e2ques est c\u00e9l\u00e9br\u00e9e cette ann\u00e9e dans un monde en crise humanitaire grave \u00e0 cause de la Covid-19. Un lourd silence r\u00e8gne dans le monde; le doute du lendemain, la peur et la terreur ont envahi nos c\u0153urs.<\/p>\n<p>Mais, avec la R\u00e9surrection, ayons foi que nous rena\u00eetrons de nos douleurs et de nos \u00e9preuves.<\/p>\n<p><strong>Chers fr\u00e8res et s\u0153urs,<\/strong><\/p>\n<p>Au Burkina Faso, nous c\u00e9l\u00e9brons P\u00e2ques dans un double drame: celui du terrorisme qui ne cesse d\u2019arracher des vies, et celui de la maladie \u00e0 Coronavirus.<\/p>\n<p>Notre pri\u00e8re pascale est que le Seigneur, par Sa victoire sur la mort, aide le Burkina Faso \u00e0 vaincre la maladie, la terreur, la peur et le d\u00e9sespoir.<\/p>\n<p>P\u00e2ques est c\u00e9l\u00e9br\u00e9e de l\u2019int\u00e9rieur, comme le recommandent cette ann\u00e9e les responsables d\u2019\u00e9glises. Que chacun de vous trouve en lui-m\u00eame, en son prochain d\u00e9plac\u00e9 interne, d\u00e9muni ou malade, le ressuscit\u00e9 annon\u00e7ant la bonne nouvelle de la Vie et de l\u2019Amour!<\/p>\n<p>Bonne f\u00eate de P\u00e2ques \u00e0 toutes et \u00e0 tous !<\/p>\n<p><strong>\u00a0<\/strong><\/p>\n<p><strong>Ouagadougou, le 11 avril 2020<\/strong><\/p>\n<p><strong>Pour le Bureau politique national de l\u2019UPC,<\/strong><\/p>\n<p><strong>Le Vice-pr\u00e9sident charg\u00e9 des valeurs soci\u00e9tales, des cultes et de la R\u00e9conciliation nationale\u00a0<\/strong><\/p>\n<p><strong>Son Excellence le Po\u00e9 Naaba TANGA<\/strong><\/p>\n<div class=\"td-a-rec td-a-rec-id-content_bottom tdi_30_adb td_block_template_1\"><img loading=\"lazy\" decoding=\"async\" class=\"aligncenter size-full wp-image-9623\" src=\"https:\/\/linitiative.ca\/International\/wp-content\/uploads\/sites\/23\/2020\/04\/Projet-bannieCC80re-Orange-mobile-11.jpg\" alt=\"\" width=\"728\" height=\"81\"\/><\/div>\n<p>Auteur: BS. Sidwaya<br \/>\n<a href=\"https:\/\/www.sidwaya.info\/blog\/2020\/04\/12\/paques-2020-le-message-de-lupc\/\">Cliquez ici pour lire l&rsquo;article depuis sa source.<\/a><\/p>\n","protected":false},"excerpt":{"rendered":"<p>Chers fr\u00e8res et s\u0153urs chr\u00e9tiens du Burkina Faso, Ce dimanche 12 avril 2020, nous c\u00e9l\u00e9brons P\u00e2ques, la R\u00e9surrection du Christ. L\u2019Union pour le Progr\u00e8s et le Changement (UPC) souhaite \u00e0 chacun de vous une bonne f\u00eate pascale, et invoque des b\u00e9n\u00e9dictions sur vous et vos familles. P\u00e2ques est c\u00e9l\u00e9br\u00e9e cette ann\u00e9e dans un monde en [&hellip;]<\/p>\n","protected":false},"author":1816,"featured_media":82098,"comment_status":"closed","ping_status":"closed","sticky":false,"template":"","format":"standard","meta":{"fifu_image_url":"","fifu_image_alt":"","footnotes":""},"categories":[73,81],"tags":[],"class_list":["post-82097","post","type-post","status-publish","format-standard","has-post-thumbnail","hentry","category-actualite","category-burkina-faso"],"_links":{"self":[{"href":"https:\/\/linitiative.ca\/International\/wp-json\/wp\/v2\/posts\/82097","targetHints":{"allow":["GET"]}}],"collection":[{"href":"https:\/\/linitiative.ca\/International\/wp-json\/wp\/v2\/posts"}],"about":[{"href":"https:\/\/linitiative.ca\/International\/wp-json\/wp\/v2\/types\/post"}],"author":[{"embeddable":true,"href":"https:\/\/linitiative.ca\/International\/wp-json\/wp\/v2\/users\/1816"}],"replies":[{"embeddable":true,"href":"https:\/\/linitiative.ca\/International\/wp-json\/wp\/v2\/comments?post=82097"}],"version-history":[{"count":0,"href":"https:\/\/linitiative.ca\/International\/wp-json\/wp\/v2\/posts\/82097\/revisions"}],"wp:featuredmedia":[{"embeddable":true,"href":"https:\/\/linitiative.ca\/International\/wp-json\/"}],"wp:attachment":[{"href":"https:\/\/linitiative.ca\/International\/wp-json\/wp\/v2\/media?parent=82097"}],"wp:term":[{"taxonomy":"category","embeddable":true,"href":"https:\/\/linitiative.ca\/International\/wp-json\/wp\/v2\/categories?post=82097"},{"taxonomy":"post_tag","embeddable":true,"href":"https:\/\/linitiative.ca\/International\/wp-json\/wp\/v2\/tags?post=82097"}],"curies":[{"name":"wp","href":"https:\/\/api.w.org\/{rel}","templated":true}]}}