{"id":82099,"date":"2020-04-12T13:02:36","date_gmt":"2020-04-12T17:02:36","guid":{"rendered":"https:\/\/linitiative.ca\/International\/la-reprise-des-activites-pedagogiques-repoussee-au-28-avril-2020\/"},"modified":"2020-04-12T13:02:36","modified_gmt":"2020-04-12T17:02:36","slug":"la-reprise-des-activites-pedagogiques-repoussee-au-28-avril-2020","status":"publish","type":"post","link":"https:\/\/linitiative.ca\/International\/la-reprise-des-activites-pedagogiques-repoussee-au-28-avril-2020\/","title":{"rendered":"La reprise des activit\u00e9s p\u00e9dagogiques repouss\u00e9e au 28 avril 2020"},"content":{"rendered":"<div class=\"td-post-sharing-top td-post-sharing td-ps-bg td-ps-padding td-ps-bar td-post-sharing-style6\">\n<div class=\"td-post-sharing-visible\">\n<div class=\"td-social-sharing-button td-social-sharing-button-js td-social-handler td-social-share-text\">\n<p>Partager sur<\/p>\n<\/div>\n<p><a class=\"td-social-sharing-button td-social-sharing-button-js td-social-network td-social-facebook\" href=\"https:\/\/www.facebook.com\/sharer.php?u=https%3A%2F%2Fwww.sidwaya.info%2Fblog%2F2020%2F04%2F12%2Fla-reprise-des-activites-pedagogique-repoussee-au-28-avril-2020%2F\"\/><\/p>\n<p>Facebook<\/p>\n<p><a class=\"td-social-sharing-button td-social-sharing-button-js td-social-network td-social-telegram\" href=\"https:\/\/telegram.me\/share\/url?url=https:\/\/www.sidwaya.info\/blog\/2020\/04\/12\/la-reprise-des-activites-pedagogique-repoussee-au-28-avril-2020\/&amp;text=La+reprise+des+activit%C3%A9s+p%C3%A9dagogiques+repouss%C3%A9e+au+28+avril+2020\"\/><\/p>\n<p>Telegram<\/p>\n<p><a class=\"td-social-sharing-button td-social-sharing-button-js td-social-network td-social-pinterest\" href=\"https:\/\/pinterest.com\/pin\/create\/button\/?url=https:\/\/www.sidwaya.info\/blog\/2020\/04\/12\/la-reprise-des-activites-pedagogique-repoussee-au-28-avril-2020\/&amp;media=https:\/\/www.sidwaya.info\/wp-content\/uploads\/2020\/04\/cm.jpg&amp;description=La+reprise+des+activit%C3%A9s+p%C3%A9dagogiques+repouss%C3%A9e+au+28+avril+2020\"\/><\/p>\n<p>Pinterest<\/p>\n<p><a class=\"td-social-sharing-button td-social-sharing-button-js td-social-network td-social-whatsapp\" href=\"whatsapp:\/\/send?text=La+reprise+des+activit%C3%A9s+p%C3%A9dagogiques+repouss%C3%A9e+au+28+avril+2020%20%0A%0A%20https:\/\/www.sidwaya.info\/blog\/2020\/04\/12\/la-reprise-des-activites-pedagogique-repoussee-au-28-avril-2020\/\"\/><\/p>\n<p>WhatsApp<\/p>\n<p><a class=\"td-social-sharing-button td-social-sharing-button-js td-social-network td-social-twitter\" href=\"https:\/\/twitter.com\/intent\/tweet?text=La+reprise+des+activit%C3%A9s+p%C3%A9dagogiques+repouss%C3%A9e+au+28+avril+2020&amp;url=https%3A%2F%2Fwww.sidwaya.info%2Fblog%2F2020%2F04%2F12%2Fla-reprise-des-activites-pedagogique-repoussee-au-28-avril-2020%2F&amp;via=ESidwaya\"\/><\/p>\n<p>Twitter<\/p>\n<p><a class=\"td-social-sharing-button td-social-sharing-button-js td-social-network td-social-viber\" href=\"viber:\/\/forward?text=La+reprise+des+activit%C3%A9s+p%C3%A9dagogiques+repouss%C3%A9e+au+28+avril+2020%20https:\/\/www.sidwaya.info\/blog\/2020\/04\/12\/la-reprise-des-activites-pedagogique-repoussee-au-28-avril-2020\/\"\/><\/p>\n<p>Viber<\/p>\n<p><a class=\"td-social-sharing-button td-social-sharing-button-js td-social-network td-social-linkedin\" href=\"https:\/\/www.linkedin.com\/shareArticle?mini=true&amp;url=https:\/\/www.sidwaya.info\/blog\/2020\/04\/12\/la-reprise-des-activites-pedagogique-repoussee-au-28-avril-2020\/&amp;title=La+reprise+des+activit%C3%A9s+p%C3%A9dagogiques+repouss%C3%A9e+au+28+avril+2020\"\/><\/p>\n<p>Linkedin<\/p>\n<p><a class=\"td-social-sharing-button td-social-sharing-button-js td-social-network td-social-print\" href=\"#\"\/><\/p>\n<p>Print<\/p>\n<p><a class=\"td-social-sharing-button td-social-sharing-button-js td-social-network td-social-mail\" href=\"mailto:?subject=La%20reprise%20des%20activit%C3%A9s%20p%C3%A9dagogiques%20repouss%C3%A9e%20au%2028%20avril%202020&amp;body=https:\/\/www.sidwaya.info\/blog\/2020\/04\/12\/la-reprise-des-activites-pedagogique-repoussee-au-28-avril-2020\/\"\/><\/p>\n<p>Email<\/p>\n<p><a class=\"td-social-sharing-button td-social-sharing-button-js td-social-network td-social-tumblr\" href=\"https:\/\/www.tumblr.com\/share\/link?url=https:\/\/www.sidwaya.info\/blog\/2020\/04\/12\/la-reprise-des-activites-pedagogique-repoussee-au-28-avril-2020\/&amp;name=La%20reprise%20des%20activit%C3%A9s%20p%C3%A9dagogiques%20repouss%C3%A9e%20au%2028%20avril%202020\"\/><\/p>\n<p>Tumblr<\/p>\n<\/div>\n<\/div>\n<div class=\"td-post-content tagdiv-type\" readability=\"26.3529411765\">\n<div class=\"td-post-featured-image\"><a href=\"https:\/\/i0.wp.com\/www.sidwaya.info\/wp-content\/uploads\/2020\/04\/cm.jpg?fit=700%2C467&amp;ssl=1\" data-caption=\"\"><img loading=\"lazy\" decoding=\"async\" width=\"696\" height=\"464\" class=\"entry-thumb td-modal-image\" src=\"https:\/\/i0.wp.com\/www.sidwaya.info\/wp-content\/uploads\/2020\/04\/cm.jpg?resize=696,464&amp;ssl=1\" srcset=\"https:\/\/i0.wp.com\/www.sidwaya.info\/wp-content\/uploads\/2020\/04\/cm.jpg?w=700&amp;ssl=1 700w, https:\/\/i0.wp.com\/www.sidwaya.info\/wp-content\/uploads\/2020\/04\/cm.jpg?resize=300%2C200&amp;ssl=1 300w, https:\/\/i0.wp.com\/www.sidwaya.info\/wp-content\/uploads\/2020\/04\/cm.jpg?resize=696,464&amp;ssl=1 696w, https:\/\/i0.wp.com\/www.sidwaya.info\/wp-content\/uploads\/2020\/04\/cm.jpg?resize=630%2C420&amp;ssl=1 630w, https:\/\/i0.wp.com\/www.sidwaya.info\/wp-content\/uploads\/2020\/04\/cm.jpg?resize=600%2C400&amp;ssl=1 600w\" sizes=\"auto, (max-width: 696px) 100vw, 696px\" alt=\"\" title=\"cm\"\/><\/a><\/div>\n<p>Ci-dessous le communiqu\u00e9 du gouvernement<\/p>\n<p><a href=\"https:\/\/www.sidwaya.info\/wp-content\/uploads\/2020\/04\/Scan_0074.pdf\">Scan_0074<\/a><\/p>\n<div class=\"td-a-rec td-a-rec-id-content_bottom tdi_30_e98 td_block_template_1\"><img loading=\"lazy\" decoding=\"async\" class=\"aligncenter size-full wp-image-9623\" src=\"https:\/\/linitiative.ca\/International\/wp-content\/uploads\/sites\/23\/2020\/04\/Projet-bannieCC80re-Orange-mobile-12.jpg\" alt=\"\" width=\"728\" height=\"81\"\/><\/div>\n<\/div>\n<footer>\n<div class=\"td-post-sharing-bottom td-post-sharing td-ps-bg td-ps-padding td-ps-rounded td-post-sharing-style4\">\n<div class=\"td-post-sharing-visible\">\n<div class=\"td-social-sharing-button td-social-sharing-button-js td-social-handler td-social-share-text\">\n<p>Partager sur<\/p>\n<\/div>\n<p><a class=\"td-social-sharing-button td-social-sharing-button-js td-social-network td-social-facebook\" href=\"https:\/\/www.facebook.com\/sharer.php?u=https%3A%2F%2Fwww.sidwaya.info%2Fblog%2F2020%2F04%2F12%2Fla-reprise-des-activites-pedagogique-repoussee-au-28-avril-2020%2F\"\/><\/p>\n<p>Facebook<\/p>\n<p><a class=\"td-social-sharing-button td-social-sharing-button-js td-social-network td-social-telegram\" href=\"https:\/\/telegram.me\/share\/url?url=https:\/\/www.sidwaya.info\/blog\/2020\/04\/12\/la-reprise-des-activites-pedagogique-repoussee-au-28-avril-2020\/&amp;text=La+reprise+des+activit%C3%A9s+p%C3%A9dagogiques+repouss%C3%A9e+au+28+avril+2020\"\/><\/p>\n<p>Telegram<\/p>\n<p><a class=\"td-social-sharing-button td-social-sharing-button-js td-social-network td-social-pinterest\" href=\"https:\/\/pinterest.com\/pin\/create\/button\/?url=https:\/\/www.sidwaya.info\/blog\/2020\/04\/12\/la-reprise-des-activites-pedagogique-repoussee-au-28-avril-2020\/&amp;media=https:\/\/www.sidwaya.info\/wp-content\/uploads\/2020\/04\/cm.jpg&amp;description=La+reprise+des+activit%C3%A9s+p%C3%A9dagogiques+repouss%C3%A9e+au+28+avril+2020\"\/><\/p>\n<p>Pinterest<\/p>\n<p><a class=\"td-social-sharing-button td-social-sharing-button-js td-social-network td-social-whatsapp\" href=\"whatsapp:\/\/send?text=La+reprise+des+activit%C3%A9s+p%C3%A9dagogiques+repouss%C3%A9e+au+28+avril+2020%20%0A%0A%20https:\/\/www.sidwaya.info\/blog\/2020\/04\/12\/la-reprise-des-activites-pedagogique-repoussee-au-28-avril-2020\/\"\/><\/p>\n<p>WhatsApp<\/p>\n<p><a class=\"td-social-sharing-button td-social-sharing-button-js td-social-network td-social-twitter\" href=\"https:\/\/twitter.com\/intent\/tweet?text=La+reprise+des+activit%C3%A9s+p%C3%A9dagogiques+repouss%C3%A9e+au+28+avril+2020&amp;url=https%3A%2F%2Fwww.sidwaya.info%2Fblog%2F2020%2F04%2F12%2Fla-reprise-des-activites-pedagogique-repoussee-au-28-avril-2020%2F&amp;via=ESidwaya\"\/><\/p>\n<p>Twitter<\/p>\n<p><a class=\"td-social-sharing-button td-social-sharing-button-js td-social-network td-social-viber\" href=\"viber:\/\/forward?text=La+reprise+des+activit%C3%A9s+p%C3%A9dagogiques+repouss%C3%A9e+au+28+avril+2020%20https:\/\/www.sidwaya.info\/blog\/2020\/04\/12\/la-reprise-des-activites-pedagogique-repoussee-au-28-avril-2020\/\"\/><\/p>\n<p>Viber<\/p>\n<p><a class=\"td-social-sharing-button td-social-sharing-button-js td-social-network td-social-linkedin\" href=\"https:\/\/www.linkedin.com\/shareArticle?mini=true&amp;url=https:\/\/www.sidwaya.info\/blog\/2020\/04\/12\/la-reprise-des-activites-pedagogique-repoussee-au-28-avril-2020\/&amp;title=La+reprise+des+activit%C3%A9s+p%C3%A9dagogiques+repouss%C3%A9e+au+28+avril+2020\"\/><\/p>\n<p>Linkedin<\/p>\n<p><a class=\"td-social-sharing-button td-social-sharing-button-js td-social-network td-social-print\" href=\"#\"\/><\/p>\n<p>Print<\/p>\n<p><a class=\"td-social-sharing-button td-social-sharing-button-js td-social-network td-social-mail\" href=\"mailto:?subject=La%20reprise%20des%20activit%C3%A9s%20p%C3%A9dagogiques%20repouss%C3%A9e%20au%2028%20avril%202020&amp;body=https:\/\/www.sidwaya.info\/blog\/2020\/04\/12\/la-reprise-des-activites-pedagogique-repoussee-au-28-avril-2020\/\"\/><\/p>\n<p>Email<\/p>\n<p><a class=\"td-social-sharing-button td-social-sharing-button-js td-social-network td-social-tumblr\" href=\"https:\/\/www.tumblr.com\/share\/link?url=https:\/\/www.sidwaya.info\/blog\/2020\/04\/12\/la-reprise-des-activites-pedagogique-repoussee-au-28-avril-2020\/&amp;name=La%20reprise%20des%20activit%C3%A9s%20p%C3%A9dagogiques%20repouss%C3%A9e%20au%2028%20avril%202020\"\/><\/p>\n<p>Tumblr<\/p>\n<\/div>\n<\/div>\n<\/footer>\n<p>Auteur: BS. Sidwaya<br \/>\n<a href=\"https:\/\/www.sidwaya.info\/blog\/2020\/04\/12\/la-reprise-des-activites-pedagogique-repoussee-au-28-avril-2020\/\">Cliquez ici pour lire l&rsquo;article depuis sa source.<\/a><\/p>\n","protected":false},"excerpt":{"rendered":"<p>Partager sur Facebook Telegram Pinterest WhatsApp Twitter Viber Linkedin Print Email Tumblr Ci-dessous le communiqu\u00e9 du gouvernement Scan_0074 Partager sur Facebook Telegram Pinterest WhatsApp Twitter Viber Linkedin Print Email Tumblr Auteur: BS. Sidwaya Cliquez ici pour lire l&rsquo;article depuis sa source.<\/p>\n","protected":false},"author":1816,"featured_media":82100,"comment_status":"closed","ping_status":"closed","sticky":false,"template":"","format":"standard","meta":{"fifu_image_url":"","fifu_image_alt":"","footnotes":""},"categories":[73,81],"tags":[],"class_list":["post-82099","post","type-post","status-publish","format-standard","has-post-thumbnail","hentry","category-actualite","category-burkina-faso"],"_links":{"self":[{"href":"https:\/\/linitiative.ca\/International\/wp-json\/wp\/v2\/posts\/82099","targetHints":{"allow":["GET"]}}],"collection":[{"href":"https:\/\/linitiative.ca\/International\/wp-json\/wp\/v2\/posts"}],"about":[{"href":"https:\/\/linitiative.ca\/International\/wp-json\/wp\/v2\/types\/post"}],"author":[{"embeddable":true,"href":"https:\/\/linitiative.ca\/International\/wp-json\/wp\/v2\/users\/1816"}],"replies":[{"embeddable":true,"href":"https:\/\/linitiative.ca\/International\/wp-json\/wp\/v2\/comments?post=82099"}],"version-history":[{"count":0,"href":"https:\/\/linitiative.ca\/International\/wp-json\/wp\/v2\/posts\/82099\/revisions"}],"wp:featuredmedia":[{"embeddable":true,"href":"https:\/\/linitiative.ca\/International\/wp-json\/"}],"wp:attachment":[{"href":"https:\/\/linitiative.ca\/International\/wp-json\/wp\/v2\/media?parent=82099"}],"wp:term":[{"taxonomy":"category","embeddable":true,"href":"https:\/\/linitiative.ca\/International\/wp-json\/wp\/v2\/categories?post=82099"},{"taxonomy":"post_tag","embeddable":true,"href":"https:\/\/linitiative.ca\/International\/wp-json\/wp\/v2\/tags?post=82099"}],"curies":[{"name":"wp","href":"https:\/\/api.w.org\/{rel}","templated":true}]}}