{"id":82101,"date":"2020-04-12T14:27:19","date_gmt":"2020-04-12T18:27:19","guid":{"rendered":"https:\/\/linitiative.ca\/International\/covid-19-au-burkina-faso13-nouveaux-cas-confirmes-6-guerisons-00-deces-a-la-date-du-11-avril\/"},"modified":"2020-04-12T14:27:19","modified_gmt":"2020-04-12T18:27:19","slug":"covid-19-au-burkina-faso13-nouveaux-cas-confirmes-6-guerisons-00-deces-a-la-date-du-11-avril","status":"publish","type":"post","link":"https:\/\/linitiative.ca\/International\/covid-19-au-burkina-faso13-nouveaux-cas-confirmes-6-guerisons-00-deces-a-la-date-du-11-avril\/","title":{"rendered":"Covid-19 au Burkina Faso:13 nouveaux cas confirm\u00e9s;\u00a06 gu\u00e9risons; 00 d\u00e9c\u00e8s \u00e0 la date du 11 avril"},"content":{"rendered":"<div class=\"td-post-featured-image\"><a href=\"https:\/\/i1.wp.com\/www.sidwaya.info\/wp-content\/uploads\/2020\/04\/coro.jpg?fit=400%2C224&amp;ssl=1\" data-caption=\"\"><img loading=\"lazy\" decoding=\"async\" width=\"400\" height=\"224\" class=\"entry-thumb td-modal-image\" src=\"https:\/\/i1.wp.com\/www.sidwaya.info\/wp-content\/uploads\/2020\/04\/coro.jpg?resize=400,224&amp;ssl=1\" srcset=\"https:\/\/i1.wp.com\/www.sidwaya.info\/wp-content\/uploads\/2020\/04\/coro.jpg?w=400&amp;ssl=1 400w, https:\/\/i1.wp.com\/www.sidwaya.info\/wp-content\/uploads\/2020\/04\/coro.jpg?resize=300%2C168&amp;ssl=1 300w\" sizes=\"auto, (max-width: 400px) 100vw, 400px\" alt=\"\" title=\"coro\"\/><\/a><\/div>\n<p>A la date du 11 avril 2020, la situation de la maladie \u00e0 Coronavirus au Burkina Faso se pr\u00e9sente comme suit :<\/p>\n<p>-79 \u00e9chantillons analys\u00e9s dont 63 cas suspects et 16 contr\u00f4les ;<\/p>\n<p>-13 nouveaux cas confirm\u00e9s dont 12 \u00e0 Ouagadougou et 01 \u00e0 Bobo-Dioulasso ;<\/p>\n<p>-06 gu\u00e9risons, portant \u00e0 161, le total des gu\u00e9risons ;<\/p>\n<p>-00 d\u00e9c\u00e8s, total des d\u00e9c\u00e8s 27 ;<\/p>\n<p>-309 cas sous traitement.<\/p>\n<p>Au total, 497 cas ont \u00e9t\u00e9 confirm\u00e9s dont 195 femmes et 302 hommes, depuis le 09 mars 2020.<\/p>\n<p>Source communiqu\u00e9 du SIG<\/p>\n<div><img loading=\"lazy\" decoding=\"async\" class=\"alignleft size-full wp-image-20774\" src=\"https:\/\/i2.wp.com\/www.sidwaya.info\/wp-content\/uploads\/2020\/04\/11-avril.jpg?resize=696,898&amp;ssl=1\" alt=\"\" width=\"696\" height=\"898\" srcset=\"https:\/\/i2.wp.com\/www.sidwaya.info\/wp-content\/uploads\/2020\/04\/11-avril.jpg?w=720&amp;ssl=1 720w, https:\/\/i2.wp.com\/www.sidwaya.info\/wp-content\/uploads\/2020\/04\/11-avril.jpg?resize=233%2C300&amp;ssl=1 233w, https:\/\/i2.wp.com\/www.sidwaya.info\/wp-content\/uploads\/2020\/04\/11-avril.jpg?resize=696,898&amp;ssl=1 696w, https:\/\/i2.wp.com\/www.sidwaya.info\/wp-content\/uploads\/2020\/04\/11-avril.jpg?resize=326%2C420&amp;ssl=1 326w, https:\/\/i2.wp.com\/www.sidwaya.info\/wp-content\/uploads\/2020\/04\/11-avril.jpg?resize=600%2C774&amp;ssl=1 600w\" sizes=\"auto, (max-width: 696px) 100vw, 696px\" data-recalc-dims=\"1\"\/><\/div>\n<div class=\"td-a-rec td-a-rec-id-content_bottom tdi_30_f50 td_block_template_1\"><img loading=\"lazy\" decoding=\"async\" class=\"aligncenter size-full wp-image-9623\" src=\"https:\/\/linitiative.ca\/International\/wp-content\/uploads\/sites\/23\/2020\/04\/Projet-bannieCC80re-Orange-mobile-13.jpg\" alt=\"\" width=\"728\" height=\"81\"\/><\/div>\n<p>Auteur: BS. Sidwaya<br \/>\n<a href=\"https:\/\/www.sidwaya.info\/blog\/2020\/04\/12\/covid-19-au-burkina-faso13-nouveaux-cas-confirmes-6-guerisons-00-deces-a-la-date-du-11-avril\/\">Cliquez ici pour lire l&rsquo;article depuis sa source.<\/a><\/p>\n","protected":false},"excerpt":{"rendered":"<p>A la date du 11 avril 2020, la situation de la maladie \u00e0 Coronavirus au Burkina Faso se pr\u00e9sente comme suit : -79 \u00e9chantillons analys\u00e9s dont 63 cas suspects et 16 contr\u00f4les ; -13 nouveaux cas confirm\u00e9s dont 12 \u00e0 Ouagadougou et 01 \u00e0 Bobo-Dioulasso ; -06 gu\u00e9risons, portant \u00e0 161, le total des gu\u00e9risons [&hellip;]<\/p>\n","protected":false},"author":1816,"featured_media":82102,"comment_status":"closed","ping_status":"closed","sticky":false,"template":"","format":"standard","meta":{"fifu_image_url":"","fifu_image_alt":"","footnotes":""},"categories":[73,81],"tags":[],"class_list":["post-82101","post","type-post","status-publish","format-standard","has-post-thumbnail","hentry","category-actualite","category-burkina-faso"],"_links":{"self":[{"href":"https:\/\/linitiative.ca\/International\/wp-json\/wp\/v2\/posts\/82101","targetHints":{"allow":["GET"]}}],"collection":[{"href":"https:\/\/linitiative.ca\/International\/wp-json\/wp\/v2\/posts"}],"about":[{"href":"https:\/\/linitiative.ca\/International\/wp-json\/wp\/v2\/types\/post"}],"author":[{"embeddable":true,"href":"https:\/\/linitiative.ca\/International\/wp-json\/wp\/v2\/users\/1816"}],"replies":[{"embeddable":true,"href":"https:\/\/linitiative.ca\/International\/wp-json\/wp\/v2\/comments?post=82101"}],"version-history":[{"count":0,"href":"https:\/\/linitiative.ca\/International\/wp-json\/wp\/v2\/posts\/82101\/revisions"}],"wp:featuredmedia":[{"embeddable":true,"href":"https:\/\/linitiative.ca\/International\/wp-json\/"}],"wp:attachment":[{"href":"https:\/\/linitiative.ca\/International\/wp-json\/wp\/v2\/media?parent=82101"}],"wp:term":[{"taxonomy":"category","embeddable":true,"href":"https:\/\/linitiative.ca\/International\/wp-json\/wp\/v2\/categories?post=82101"},{"taxonomy":"post_tag","embeddable":true,"href":"https:\/\/linitiative.ca\/International\/wp-json\/wp\/v2\/tags?post=82101"}],"curies":[{"name":"wp","href":"https:\/\/api.w.org\/{rel}","templated":true}]}}