{"id":82103,"date":"2020-04-12T11:18:05","date_gmt":"2020-04-12T15:18:05","guid":{"rendered":"https:\/\/linitiative.ca\/International\/covid-19-en-cote-divoire-les-chretiens-celebrent-la-paques-via-les-ondes-et-les-cultes-a-domicile\/"},"modified":"2020-04-12T11:18:05","modified_gmt":"2020-04-12T15:18:05","slug":"covid-19-en-cote-divoire-les-chretiens-celebrent-la-paques-via-les-ondes-et-les-cultes-a-domicile","status":"publish","type":"post","link":"https:\/\/linitiative.ca\/International\/covid-19-en-cote-divoire-les-chretiens-celebrent-la-paques-via-les-ondes-et-les-cultes-a-domicile\/","title":{"rendered":"Covid-19: en C\u00f4te d\u2019Ivoire, les chr\u00e9tiens c\u00e9l\u00e8brent la P\u00e2ques via les ondes et les cultes \u00e0 domicile"},"content":{"rendered":"<div readability=\"32\">\n<p>Publi\u00e9 le 12.04.2020 \u00e0 16h18 par APA News<\/p>\n<\/div>\n<div readability=\"100\">\n<p>La P\u00e2ques, une f\u00eate joyeuse pour les chr\u00e9tiens, c\u00e9l\u00e9br\u00e9e en m\u00e9moire de la mort et de la r\u00e9surrection de J\u00e9sus, a \u00e9t\u00e9 c\u00e9l\u00e9br\u00e9e dimanche en C\u00f4te d\u2019Ivoire par les chr\u00e9tiens via les ondes radios et t\u00e9l\u00e9s ou des cultes \u00e0 domicile, en raison des restrictions li\u00e9es au Covid-19.Suzanne, une chr\u00e9tienne catholique, qui a c\u00e9l\u00e9br\u00e9 en confinement le chemin de croix la veille, a r\u00e9uni ce dimanche sa petite famille pour suivre \u00e0 la t\u00e9l\u00e9vision nationale la messe, question d\u2019\u00e9difier sa foi et rester connect\u00e9e \u00e0 la parole de Dieu.<\/p>\n<p>\u00a0\u00ab Les hommes et les femmes, qu\u2019ils soient riches ou pauvres se rendent compte de leur finitude et de la vanit\u00e9 de bien de choses, parce que tous sont log\u00e9s \u00e0 la m\u00eame enseigne devant la mort implacable \u00bb, a d\u00e9clar\u00e9 dans son hom\u00e9lie le Cardinal Jean-Pierre Kutwa.<\/p>\n<p>\u00ab Finalement, cette pand\u00e9mie implique \u00e0 mon avis pour nous aujourd\u2019hui, un retour \u00a0au sens premier dans la r\u00e9alisation de notre vocation d\u2019hommes et de femmes cr\u00e9\u00e9s \u00e0 l\u2019image de Dieu et appel\u00e9s \u00e0 sa ressemblance \u00bb, a-t-il soutenu.<\/p>\n<p>La mort de J\u00e9sus est pr\u00e9c\u00e9d\u00e9e de la \u00ab c\u00e8ne \u00bb, c\u2019est \u00e0 dire le dernier repas de Christ avec ses ap\u00f4tres avant son arrestation et sa crucifixion \u00e0 Golgotha. En famille, des chr\u00e9tiens ont c\u00e9l\u00e9br\u00e9 discr\u00e8tement la P\u00e2ques, symbole fort d\u2019un passage de la mort \u00e0 la vie ou des t\u00e9n\u00e8bres \u00e0 la lumi\u00e8re.<\/p>\n<p>Pour la plupart des \u00e9glises \u00e9vang\u00e9liques, telles les Assembl\u00e9es de Dieu, les leaders spirituels ont appel\u00e9 leurs fid\u00e8les \u00e0 des temps de pri\u00e8re \u00e0 domicile. Ce dimanche de P\u00e2ques, les m\u00e9nages ont \u00e9t\u00e9 le foyer d\u2019un culte pascal.<\/p>\n<p>A contrario, plusieurs initient des temps d\u2019\u00e9dification \u00e0 travers les r\u00e9seaux sociaux. Sur Facebook, l\u2019\u00e9glise Vase d\u2019honneur du pasteur Mohammed Sanogo, un \u00e9minent homme de Dieu dans le pays, a organis\u00e9 un s\u00e9minaire pascal pour c\u00e9l\u00e9brer l\u2019\u0153uvre de Christ \u00e0 la croix.<\/p>\n<p>Cela a eu pour \u00e9pilogue un \u00ab culte sp\u00e9cial de p\u00e2ques\u00bb dimanche, o\u00f9 le pasteur Mohammed Sanogo a proclam\u00e9 la victoire de J\u00e9sus, le Sauveur, sur les t\u00e9n\u00e8bres afin que s\u2019\u00e9loigne de la terre le Covid-19 \u00e0 cause des \u00e9lus, rachet\u00e9s par le sang de l\u2019Agneau de Dieu.<\/p>\n<p>La f\u00eate de P\u00e2ques, dans le centre ivoirien d\u00e9nomm\u00e9 \u00ab Paquinou \u00bb, n\u2019a pas eu lieu cette ann\u00e9e dans la ferveur habituelle. Des cadres et \u00e9lus de la r\u00e9gion ont exhort\u00e9 les populations \u00e0 \u00e9viter les rassemblements pour casser la cha\u00eene de propagation du virus.<\/p>\n<p>Malgr\u00e9 les distances, la chaleur familiale et communautaire sont entretenues par certains qui ne manquent pas de poster leurs \u00e9motions de P\u00e2ques sur les r\u00e9seaux sociaux. Des chr\u00e9tiens ont diffus\u00e9 \u00e0 profusion sur Facebook des messages de r\u00e9confort face \u00e0 cette pand\u00e9mie qui restreint les libert\u00e9s.\u00a0<\/p>\n<\/div>\n<p>Auteur: APA News<br \/>\n<a href=\"https:\/\/www.journalducameroun.com\/covid-19-en-cote-divoire-les-chretiens-celebrent-la-paques-via-les-ondes-et-les-cultes-a-domicile\/\">Cliquez ici pour lire l&rsquo;article depuis sa source.<\/a><\/p>\n","protected":false},"excerpt":{"rendered":"<p>Publi\u00e9 le 12.04.2020 \u00e0 16h18 par APA News La P\u00e2ques, une f\u00eate joyeuse pour les chr\u00e9tiens, c\u00e9l\u00e9br\u00e9e en m\u00e9moire de la mort et de la r\u00e9surrection de J\u00e9sus, a \u00e9t\u00e9 c\u00e9l\u00e9br\u00e9e dimanche en C\u00f4te d\u2019Ivoire par les chr\u00e9tiens via les ondes radios et t\u00e9l\u00e9s ou des cultes \u00e0 domicile, en raison des restrictions li\u00e9es au [&hellip;]<\/p>\n","protected":false},"author":1965,"featured_media":0,"comment_status":"closed","ping_status":"closed","sticky":false,"template":"","format":"standard","meta":{"fifu_image_url":"","fifu_image_alt":"","footnotes":""},"categories":[73,82],"tags":[],"class_list":["post-82103","post","type-post","status-publish","format-standard","hentry","category-actualite","category-cameroun"],"_links":{"self":[{"href":"https:\/\/linitiative.ca\/International\/wp-json\/wp\/v2\/posts\/82103","targetHints":{"allow":["GET"]}}],"collection":[{"href":"https:\/\/linitiative.ca\/International\/wp-json\/wp\/v2\/posts"}],"about":[{"href":"https:\/\/linitiative.ca\/International\/wp-json\/wp\/v2\/types\/post"}],"author":[{"embeddable":true,"href":"https:\/\/linitiative.ca\/International\/wp-json\/wp\/v2\/users\/1965"}],"replies":[{"embeddable":true,"href":"https:\/\/linitiative.ca\/International\/wp-json\/wp\/v2\/comments?post=82103"}],"version-history":[{"count":0,"href":"https:\/\/linitiative.ca\/International\/wp-json\/wp\/v2\/posts\/82103\/revisions"}],"wp:attachment":[{"href":"https:\/\/linitiative.ca\/International\/wp-json\/wp\/v2\/media?parent=82103"}],"wp:term":[{"taxonomy":"category","embeddable":true,"href":"https:\/\/linitiative.ca\/International\/wp-json\/wp\/v2\/categories?post=82103"},{"taxonomy":"post_tag","embeddable":true,"href":"https:\/\/linitiative.ca\/International\/wp-json\/wp\/v2\/tags?post=82103"}],"curies":[{"name":"wp","href":"https:\/\/api.w.org\/{rel}","templated":true}]}}