{"id":82104,"date":"2020-04-12T12:18:13","date_gmt":"2020-04-12T16:18:13","guid":{"rendered":"https:\/\/linitiative.ca\/International\/togo-le-coronavirus-eclipse-la-fete-de-paques\/"},"modified":"2020-04-12T12:18:13","modified_gmt":"2020-04-12T16:18:13","slug":"togo-le-coronavirus-eclipse-la-fete-de-paques","status":"publish","type":"post","link":"https:\/\/linitiative.ca\/International\/togo-le-coronavirus-eclipse-la-fete-de-paques\/","title":{"rendered":"Togo : le coronavirus \u00e9clipse la f\u00eate de P\u00e2ques"},"content":{"rendered":"<p>La pand\u00e9mie du coronavirus qui secoue le monde a \u00e9clips\u00e9 la f\u00eate de P\u00e2ques obligeant les diff\u00e9rentes congr\u00e9gations de la communaut\u00e9 chr\u00e9tienne \u00e0 c\u00e9l\u00e9brer la r\u00e9surrection de Jesus-Christ dans la plus grande sobri\u00e9t\u00e9.<\/p>\n<p>Dimanche 12 avril 2020. Jour de P\u00e2ques. Jour de c\u00e9l\u00e9bration de la r\u00e9surrection de J\u00e9sus-Christ. Jour sacr\u00e9 pour tous les chr\u00e9tiens du monde, particuli\u00e8rement ceux du Togo. Mais la f\u00eate n\u2019\u00e9tait pas au rendez-vous. Pas de messes dans les diff\u00e9rentes congr\u00e9gations de la communaut\u00e9 chr\u00e9tienne. Ni chez les \u00e9vang\u00e9liques presbyt\u00e9riens, ni les Assembl\u00e9es de Dieu ou autres \u00e9glises dites r\u00e9veill\u00e9es. Les rares cultes qui ont eu lieu, notamment chez les catholiques, ont \u00e9t\u00e9 juste symboliques, restreints et retransmis sur les ondes et les r\u00e9seaux sociaux. M\u00eame d\u00e9cor pour le Vendredi Saint o\u00f9 le traditionnel Chemin de Croix n\u2019a pas \u00e9t\u00e9 observ\u00e9, en tout cas dans sa forme traditionnelle. Pour cause, coronavirus est dans la cit\u00e9.\u00a0Une messe sans fid\u00e8les \u00e0 la Cath\u00e9drale de Lom\u00e9<\/p>\n<p>Dimanche 12 avril 2020. Cath\u00e9drale Sacr\u00e9-C\u0153ur de Lom\u00e9. Il est 9 heures. L\u2019archev\u00eaque m\u00e9tropolitain de Lom\u00e9, Mgr Nicod\u00e8me Barrigah-Benissan c\u00e9l\u00e8bre la messe pascale. Sa toute premi\u00e8re depuis son ordination comme premier dirigeant de l\u2019Eglise catholique. Mais sans fid\u00e8les, ni le faste idoine devant entourer l\u2019\u00e9v\u00e9nement. Comme assistance, il n\u2019y avait qu\u2019une poign\u00e9e d\u2019\u00e9v\u00eaques, de s\u0153urs et autres collaborateurs tri\u00e9s sur le volet. Vous ne r\u00eavez pas, c\u2019est la messe pascale. Dans la paroisse constituant le c\u0153ur m\u00eame de l\u2019Eglise catholique au Togo.<\/p>\n<p>Eh oui, la messe pascale s\u2019est d\u00e9roul\u00e9e sans fid\u00e8les. Ces derniers avaient d\u00fb la suivre en direct sur la radio Maria, la chaine de l\u2019Eglise, mais aussi sur Facebook et You Tube. Scotch\u00e9s \u00e0 ces moyens de communication, ils ont tout suivi. \u00ab\u00a0Ma femme et moi, nous avons suivi la messe de bout en bout depuis notre chambre, comme si nous y \u00e9tions\u00a0\u00bb, a confi\u00e9 Isidore, un fervent catholique, et de nous confier que \u00ab\u00a0dans aucune paroisse, il n\u2019y a eu de messe comme celle-ci\u00a0\u00bb. Il nous revient que symboliquement, des pr\u00eatres ont observ\u00e9 dans des paroisses des cultes \u00e0 diff\u00e9rentes heures de la journ\u00e9e, mais dans l\u2019isolement total, \u00e0 l\u2019intention des fid\u00e8les.<\/p>\n<p>Ce d\u00e9cor in\u00e9dit ressemble fort \u00e0 celui d\u2019un plateau de Hollywood, c\u2019est-\u00e0-dire \u00e0 de la \u00a0 mise en sc\u00e8ne. Mais ce sont les circonstances qui l\u2019exigent. Le Covid-19 est dans la cit\u00e9, et il faut \u00e9viter les attroupements. Mais ce d\u00e9cor bien inhabituel n\u2019a pas emp\u00each\u00e9 l\u2019archev\u00eaque m\u00e9tropolitain de Lom\u00e9 d\u2019observer les diff\u00e9rentes s\u00e9quences de la messe jusqu\u2019au bout. Mgr Nicod\u00e8me Barrigah-B\u00e9nissan a m\u00eame encore eu le sens de l\u2019humour et utilis\u00e9 l\u2019anecdote d\u2019une jeune dame venue qui s\u2019est vu gifler par son p\u00e8re \u00e0 qui elle est pourtant venue se plaindre d\u2019une baffe de son mari, pour illustrer la situation du peuple togolais ballot\u00e9 entre plusieurs maux, surtout la division de la classe politique. Le pr\u00e9lat a, par-dessus tout, implor\u00e9 la gr\u00e2ce du Seigneur de \u00ab voir tr\u00e8s vite la fin de cette pand\u00e9mie \u00bb, mais aussi celle d\u2019\u00ab une unit\u00e9 vraie entre ses fils et filles \u00bb.<\/p>\n<p>Un Vendredi Saint sans Chemin de Croix<\/p>\n<p>Un Vendredi Saint sans Chemin de Croix. Sans hordes de fid\u00e8les catholiques dans les rues, tout de rouge v\u00eatus. Mais clou\u00e9s \u00e0 la maison. C\u2019\u00e9tait le d\u00e9cor au Togo le vendredi 10 avril.<\/p>\n<p>Ce jour devrait voir les fid\u00e8les le marquer du sceau du Chemin de Croix. Il s\u2019agit d\u2019un acte d\u00e9votionnel priv\u00e9 ou communautaire. Mais dans la tradition au Togo, ce c\u00e9r\u00e9monial voit les fid\u00e8les observer symboliquement le parcours de J\u00e9sus-Christ quelques heures avant sa mort et sa crucifixion, sous le chaud soleil, tout de rouge v\u00eatus, symbole de son sang vers\u00e9. Mais une fois n\u2019est pas de coutume, ce rituel n\u2019a pas \u00e9t\u00e9 respect\u00e9 dans sa forme originelle, \u00e0 cause de la pand\u00e9mie de l\u2019heure dans le monde et des besoins de confinement.<\/p>\n<p>En lieu et place de la c\u00e9l\u00e9bration habituelle, le Vendredi Saint a \u00e9t\u00e9 observ\u00e9 \u00e0 Lom\u00e9, ainsi qu\u2019\u00e0 l\u2019int\u00e9rieur du pays, dans le symbolisme. Pas de marche de fid\u00e8les dans les rues en cohortes, pas de J\u00e9sus-Christ improvis\u00e9 recevant des coups de chicotte, pas de pri\u00e8res \u00e0 diff\u00e9rentes stations du parcours\u2026Rien du d\u00e9cor et de l\u2019ambiance habituels. L\u2019\u00e9v\u00e9nement a \u00e9t\u00e9 observ\u00e9 au sein des dioc\u00e8ses et des paroisses, sans fid\u00e8les. Seuls les pr\u00eatres et quelques collaborateurs tri\u00e9s sur le volet y ont eu acc\u00e8s. Rien n\u2019\u00e9tait fondamentalement oubli\u00e9 des rituels. La Passion du Christ, l\u2019ensemble des \u00e9v\u00e9nements ayant pr\u00e9c\u00e9d\u00e9 la mort de J\u00e9sus de Nazareth, a \u00e9t\u00e9 aussi observ\u00e9e. Tout ce qui manquait, c\u2019\u00e9taient les fid\u00e8les.<\/p>\n<p>En effet, ils en \u00e9taient tenus bien \u00e9loign\u00e9s, au nom de la lutte contre le Covid-19. Leurs seuls recours ce Vendredi Saint, c\u2019\u00e9taient la radio et les r\u00e9seaux sociaux. Certaines c\u00e9l\u00e9brations \u00e9taient retransmises sur la radio Maria. Dans plein de quartiers, beaucoup de fid\u00e8les \u00e9taient scotch\u00e9s \u00e0 leurs transistors pour suivre ces c\u00e9l\u00e9brations. \u00a0Ailleurs, c\u2019est sur les r\u00e9seaux sociaux qu\u2019elles \u00e9taient retransmises.<\/p>\n<p>Des fid\u00e8les comprennent tout de m\u00eame<\/p>\n<p>C\u2019est in\u00e9dit, mais pr\u00eatres et fid\u00e8les n\u2019avaient pas le choix. A cause de la pand\u00e9mie du coronavirus, les rassemblements de plus de quinze (15) personnes sont interdits. Toutes les \u00e9glises sont ferm\u00e9es sur le territoire, et donc les cultes interdits. C\u2019est d\u2019ailleurs la routine depuis plusieurs semaines au Togo. Les catholiques togolais ne doivent pas \u00eatre seuls \u00e0 vivre ces restrictions ce Vendredi Saint. Il y a leurs fr\u00e8res et s\u0153urs des autres pays d\u2019Afrique et de par le monde aussi. M\u00eame au Vatican, les c\u00e9l\u00e9brations ont \u00e9t\u00e9 observ\u00e9es sans fid\u00e8les.<\/p>\n<p>\u00ab\u00a0C\u2019est la premi\u00e8re fois que je vis \u00e7a depuis que je suis n\u00e9. Un Vendredi Saint sans Chemin de Croix est impensable\u00a0\u00bb, a d\u00e9clar\u00e9 l\u2019interlocuteur sus-\u00e9voqu\u00e9. Il comprend tout de m\u00eame la l\u00e9gitimit\u00e9 des restrictions\u00a0: \u00ab\u00a0Devant cette situation de crise sanitaire li\u00e9e au Covid-19, nous sommes tenus de respecter les mesures barri\u00e8res pour \u00e9viter ou limiter la propagation de la maladie virale\u00a0\u00bb.<\/p>\n<p>Pierre-Claver, un autre fid\u00e8le, rench\u00e9rit et va m\u00eame plus loin : \u00ab P\u00e2ques sans Chemin \u00a0de Croix, \u00e7a pourra emb\u00eater les partisans de l\u2019observance des rituels, parce qu\u2019il faut respecter les pr\u00e9ceptes. Mais pour un homme de foi, \u00e7a ne pose aucun probl\u00e8me. Le Chemin de Croix n\u2019est qu\u2019une reconstitution par l\u2019Eglise de ce qui s\u2019est pass\u00e9 avec J\u00e9sus il y a plus de 2000 ans, pour rappeler ses pas aux fid\u00e8les. Ce n\u2019est qu\u2019une pratique rituelle que l\u2019Eglise catholique a institu\u00e9e. \u00c7a rel\u00e8ve de la croyance et l\u00e0, il faut distinguer croyance et foi. Du point de vue de la foi, en tant que chr\u00e9tien, ce qui importe, ce sont le recueillement, la m\u00e9ditation profonde sur le parcours de J\u00e9sus sur terre et les enseignements \u00e0 en tirer pour notre marche d\u2019humain de la cit\u00e9 terrestre vers la cit\u00e9 c\u00e9leste\u00bb.<\/p>\n<p>Juste l\u2019expression ext\u00e9rieure abandonn\u00e9e<\/p>\n<p>Un Vendredi \u00a0Saint sans Chemin de Croix ? Le P\u00e8re Florentin Ofori du dioc\u00e8se d\u2019Atakpam\u00e9, administrateur de la \u00a0communaut\u00e9 chr\u00e9tienne, paroisse St Michel de Langabou r\u00e9pond : \u00ab Je ne sais pas si \u00e7a a une fois exist\u00e9 dans l\u2019histoire de l\u2019Eglise (\u2026) Mais ce Vendredi Saint, il y a eu des Chemins de Croix partout. C\u2019est le peuple seul qui n\u2019\u00e9tait pas l\u00e0. Il y a eu des Chemins de Croix parce que des pr\u00eatres ont c\u00e9l\u00e9br\u00e9 un peu partout la Passion du Christ \u00bb. \u00ab Le Chemin de Croix en r\u00e9alit\u00e9, c\u2019est un exercice spirituel que les chr\u00e9tiens se donnent pour dire qu\u2019ils veulent cheminer avec le Christ (\u2026) Les chr\u00e9tiens peuvent vivre leur spiritualit\u00e9 sans le Chemin de Croix en se retirant et en priant. Le Vendredi Saint, c\u2019est revivre la spiritualit\u00e9, cette Passion du Christ. Le Chemin de Croix veut dire simplement que les chr\u00e9tiens veulent participer \u00e0 la souffrance qu\u2019a endur\u00e9e le Christ\u00bb, a-t-il ajout\u00e9.<\/p>\n<p>M\u00eame son de cloche chez le Directeur national de l\u2019enseignement catholique, le P\u00e8re Pierre Marie Chanel Affognon. \u00ab\u00a0Ce Vendredi Saint n\u2019est pas un Vendredi Saint sans Chemin de Croix, c\u2019est mal comprendre la r\u00e9alit\u00e9. Dans toutes les cath\u00e9drales, on a c\u00e9l\u00e9br\u00e9 le Chemin de Croix et la Passion de notre Seigneur J\u00e9sus-Christ et les fid\u00e8les, depuis leurs familles et leurs lieux o\u00f9 ils sont comme en retraite spirituelle que le monde appelle le confinement ou l\u2019autoconfinement, peuvent participer spirituellement \u00e0 tout cela gr\u00e2ce aux m\u00e9dias ou aux textes qu\u2019ils ont d\u00e9j\u00e0 en famille ou simplement par recueillement ou communion spirituelle (\u2026) C\u2019est son expression tr\u00e8s ext\u00e9rieure qui prenait nos rues et nous mettait tous ensemble qui n\u2019est pas l\u00e0. Les c\u00e9l\u00e9brations sont l\u00e0\u00a0; c\u2019est la fa\u00e7on de les vivre qui a chang\u00e9\u00a0\u00bb, a-t-il d\u00e9clar\u00e9.<\/p>\n<p>Les restrictions du gouvernement qui impactent le rituel de cette ann\u00e9e, le pr\u00eatre dit les \u00a0comprendre \u00a0parfaitement. \u00ab Ici il s\u2019agit de prot\u00e9ger la vie (\u2026) Cela n\u2019est pas en contradiction avec notre fa\u00e7on de vivre notre foi. Dieu n\u2019est pas que dans les \u00e9glises. Dieu est d\u2019abord dans nos c\u0153urs, dans nos familles et Dieu est une r\u00e9alit\u00e9 spirituelle (\u2026) Au lieu de parler d\u2019interdiction, parce que c\u2019est le gouvernement qui a pris cette d\u00e9cision, nous au niveau de l\u2019Eglise, on parle plut\u00f4t de dispositions au service de la vie et de la communaut\u00e9 \u00bb, a-t-il relev\u00e9.<\/p>\n<p>Le symbolisme, c\u2019est sous ce sceau qu\u2019aura \u00e9t\u00e9 plac\u00e9e cette ann\u00e9e la f\u00eate c\u00e9l\u00e9brant la r\u00e9surrection de J\u00e9sus-Christ. Les catholiques \u00e9taient mieux lotis, ayant suivi les festivit\u00e9s (sic) \u00e0 la radio et sur les r\u00e9seaux sociaux. D\u2019autres fid\u00e8les de la communaut\u00e9 chr\u00e9tienne, eux, n\u2019ont pas eu cette chance, les c\u00e9l\u00e9brations \u00e9tant carr\u00e9ment annul\u00e9es. Coronavirus et besoin de confinement obligent.<\/p>\n<p>Auteur: APA News<br \/>\n<a href=\"https:\/\/www.journalducameroun.com\/togo-le-coronavirus-eclipse-la-fete-de-paques\/\">Cliquez ici pour lire l&rsquo;article depuis sa source.<\/a><\/p>\n","protected":false},"excerpt":{"rendered":"<p>La pand\u00e9mie du coronavirus qui secoue le monde a \u00e9clips\u00e9 la f\u00eate de P\u00e2ques obligeant les diff\u00e9rentes congr\u00e9gations de la communaut\u00e9 chr\u00e9tienne \u00e0 c\u00e9l\u00e9brer la r\u00e9surrection de Jesus-Christ dans la plus grande sobri\u00e9t\u00e9. Dimanche 12 avril 2020. Jour de P\u00e2ques. Jour de c\u00e9l\u00e9bration de la r\u00e9surrection de J\u00e9sus-Christ. Jour sacr\u00e9 pour tous les chr\u00e9tiens du [&hellip;]<\/p>\n","protected":false},"author":1965,"featured_media":0,"comment_status":"closed","ping_status":"closed","sticky":false,"template":"","format":"standard","meta":{"fifu_image_url":"","fifu_image_alt":"","footnotes":""},"categories":[73,82],"tags":[],"class_list":["post-82104","post","type-post","status-publish","format-standard","hentry","category-actualite","category-cameroun"],"_links":{"self":[{"href":"https:\/\/linitiative.ca\/International\/wp-json\/wp\/v2\/posts\/82104","targetHints":{"allow":["GET"]}}],"collection":[{"href":"https:\/\/linitiative.ca\/International\/wp-json\/wp\/v2\/posts"}],"about":[{"href":"https:\/\/linitiative.ca\/International\/wp-json\/wp\/v2\/types\/post"}],"author":[{"embeddable":true,"href":"https:\/\/linitiative.ca\/International\/wp-json\/wp\/v2\/users\/1965"}],"replies":[{"embeddable":true,"href":"https:\/\/linitiative.ca\/International\/wp-json\/wp\/v2\/comments?post=82104"}],"version-history":[{"count":0,"href":"https:\/\/linitiative.ca\/International\/wp-json\/wp\/v2\/posts\/82104\/revisions"}],"wp:attachment":[{"href":"https:\/\/linitiative.ca\/International\/wp-json\/wp\/v2\/media?parent=82104"}],"wp:term":[{"taxonomy":"category","embeddable":true,"href":"https:\/\/linitiative.ca\/International\/wp-json\/wp\/v2\/categories?post=82104"},{"taxonomy":"post_tag","embeddable":true,"href":"https:\/\/linitiative.ca\/International\/wp-json\/wp\/v2\/tags?post=82104"}],"curies":[{"name":"wp","href":"https:\/\/api.w.org\/{rel}","templated":true}]}}