{"id":82106,"date":"2020-04-12T14:18:02","date_gmt":"2020-04-12T18:18:02","guid":{"rendered":"https:\/\/linitiative.ca\/International\/les-cambriolages-samplifient-en-cote-divoire-en-plein-couvre-feu\/"},"modified":"2020-04-12T14:18:02","modified_gmt":"2020-04-12T18:18:02","slug":"les-cambriolages-samplifient-en-cote-divoire-en-plein-couvre-feu","status":"publish","type":"post","link":"https:\/\/linitiative.ca\/International\/les-cambriolages-samplifient-en-cote-divoire-en-plein-couvre-feu\/","title":{"rendered":"Les cambriolages s\u2019amplifient en C\u00f4te d\u2019Ivoire en plein couvre-feu"},"content":{"rendered":"<div readability=\"32\">\n<p>Publi\u00e9 le 12.04.2020 \u00e0 19h18 par APA News<\/p>\n<\/div>\n<div readability=\"62\">\n<p>Le grand banditisme s\u2019amplifie ces derniers temps en C\u00f4te d\u2019Ivoire avec des cambriolages perp\u00e9tr\u00e9s nuitamment malgr\u00e9 le couvre-feu instaur\u00e9 de 21h \u00e0 05h du matin depuis le 24 mars dernier par les autorit\u00e9s ivoiriennes en vue de lutter contre la propagation de la maladie \u00e0 Covid-19 dans le pays, a constat\u00e9 APA sur place dans la capitale \u00e9conomique ivoirienne.Plusieurs cas de braquages ou de cambriolages op\u00e9r\u00e9s dans la nuit ont \u00e9t\u00e9 signal\u00e9s par des individus ou par des institutions tant \u00e0 Abidjan qu\u2019\u00e0 l\u2019int\u00e9rieur du pays.<\/p>\n<p>Dans la nuit de vendredi \u00e0 samedi aux environs de 03h du matin (heure locale et GMT), des individus arm\u00e9s de kalachnikovs et de pistolets ont cambriol\u00e9 le si\u00e8ge du Fonds de soutien et de d\u00e9veloppement de la presse (FSDP) \u00e0 la Riviera Attoban dans l\u2019Est d\u2019Abidjan emportant le coffre-fort de cette institution avec plusieurs ordinateurs.<\/p>\n<p>A Abobo, une commune populaire au Nord d\u2019Abidjan, des boutiques de particuliers ont \u00e9galement \u00e9t\u00e9 d\u00e9valis\u00e9es en plein couvre-feu par des d\u00e9linquants. Des sc\u00e8nes similaires sont signal\u00e9es \u00e0 Yopougon, dans l\u2019Ouest de la capitale \u00e9conomique ivoirienne.<\/p>\n<p>A l\u2019int\u00e9rieur du pays, plusieurs cas de cambriolages nocturnes sont \u00e9galement signal\u00e9s, notamment \u00e0 Odienn\u00e9 dans l\u2019extr\u00eame Nord ivoirien dans les quartiers Libreville, Yankafissa et r\u00e9sidentiel.<\/p>\n<p>Depuis le 24 mars dernier, le pr\u00e9sident ivoirien Alassane Ouattara a d\u00e9cr\u00e9t\u00e9 l\u2019\u00e9tat d\u2019urgence et un couvre-feu sur toute l\u2019\u00e9tendue du territoire national de 21h \u00e0 05h du matin en vue de casser la cha\u00eene de transmission du Coronavirus dans le pays o\u00f9 \u00e0 ce jour 533 cas ont \u00e9t\u00e9 confirm\u00e9s avec quatre d\u00e9c\u00e8s et 58 gu\u00e9ris.<\/p>\n<\/div>\n<p>Auteur: APA News<br \/>\n<a href=\"https:\/\/www.journalducameroun.com\/les-cambriolages-samplifient-en-cote-divoire-en-plein-couvre-feu\/\">Cliquez ici pour lire l&rsquo;article depuis sa source.<\/a><\/p>\n","protected":false},"excerpt":{"rendered":"<p>Publi\u00e9 le 12.04.2020 \u00e0 19h18 par APA News Le grand banditisme s\u2019amplifie ces derniers temps en C\u00f4te d\u2019Ivoire avec des cambriolages perp\u00e9tr\u00e9s nuitamment malgr\u00e9 le couvre-feu instaur\u00e9 de 21h \u00e0 05h du matin depuis le 24 mars dernier par les autorit\u00e9s ivoiriennes en vue de lutter contre la propagation de la maladie \u00e0 Covid-19 dans [&hellip;]<\/p>\n","protected":false},"author":1965,"featured_media":0,"comment_status":"closed","ping_status":"closed","sticky":false,"template":"","format":"standard","meta":{"fifu_image_url":"","fifu_image_alt":"","footnotes":""},"categories":[73,82],"tags":[],"class_list":["post-82106","post","type-post","status-publish","format-standard","hentry","category-actualite","category-cameroun"],"_links":{"self":[{"href":"https:\/\/linitiative.ca\/International\/wp-json\/wp\/v2\/posts\/82106","targetHints":{"allow":["GET"]}}],"collection":[{"href":"https:\/\/linitiative.ca\/International\/wp-json\/wp\/v2\/posts"}],"about":[{"href":"https:\/\/linitiative.ca\/International\/wp-json\/wp\/v2\/types\/post"}],"author":[{"embeddable":true,"href":"https:\/\/linitiative.ca\/International\/wp-json\/wp\/v2\/users\/1965"}],"replies":[{"embeddable":true,"href":"https:\/\/linitiative.ca\/International\/wp-json\/wp\/v2\/comments?post=82106"}],"version-history":[{"count":0,"href":"https:\/\/linitiative.ca\/International\/wp-json\/wp\/v2\/posts\/82106\/revisions"}],"wp:attachment":[{"href":"https:\/\/linitiative.ca\/International\/wp-json\/wp\/v2\/media?parent=82106"}],"wp:term":[{"taxonomy":"category","embeddable":true,"href":"https:\/\/linitiative.ca\/International\/wp-json\/wp\/v2\/categories?post=82106"},{"taxonomy":"post_tag","embeddable":true,"href":"https:\/\/linitiative.ca\/International\/wp-json\/wp\/v2\/tags?post=82106"}],"curies":[{"name":"wp","href":"https:\/\/api.w.org\/{rel}","templated":true}]}}