{"id":82283,"date":"2020-04-13T11:04:14","date_gmt":"2020-04-13T15:04:14","guid":{"rendered":"https:\/\/linitiative.ca\/International\/levolution-des-equilibres-macro-economiques-en-2020-fortement-impactee-par-le-covid-19-et-la-secheresse%ef%bb%bf\/"},"modified":"2020-04-13T11:04:14","modified_gmt":"2020-04-13T15:04:14","slug":"levolution-des-equilibres-macro-economiques-en-2020-fortement-impactee-par-le-covid-19-et-la-secheresse%ef%bb%bf","status":"publish","type":"post","link":"https:\/\/linitiative.ca\/International\/levolution-des-equilibres-macro-economiques-en-2020-fortement-impactee-par-le-covid-19-et-la-secheresse%ef%bb%bf\/","title":{"rendered":"L\u2019\u00e9volution des \u00e9quilibres macro-\u00e9conomiques en 2020 fortement impact\u00e9e par le Covid-19 et la s\u00e9cheresse\ufeff"},"content":{"rendered":"<div>\n<p style=\"color:#1106e5\" class=\"has-text-color\"><strong>L&rsquo;&eacute;volution des principaux &eacute;quilibres macro-&eacute;conomiques en 2020 s&rsquo;affiche fortement impact&eacute;e par la crise du Covid-19 et la confirmation d&rsquo;une deuxi&egrave;me ann&eacute;e de s&eacute;cheresse, selon la note annuelle macro-&eacute;conomique et taux de CDG Capital.<\/strong><\/p>\n<p>&laquo;L&rsquo;&eacute;volution des<br \/>\nprincipaux &eacute;quilibres macro-&eacute;conomiques en 2020 s&rsquo;affiche fortement impact&eacute;e<br \/>\npar deux &eacute;v&egrave;nements majeurs en l&rsquo;occurrence de la crise du Covid-19 et ses<br \/>\nimplications n&eacute;fastes sur l&rsquo;ensemble des composantes de l&rsquo;&eacute;conomie nationale et<br \/>\nla confirmation d&rsquo;une deuxi&egrave;me ann&eacute;e de s&eacute;cheresse avec des conditions<br \/>\nclimatiques tr&egrave;s d&eacute;favorables, g&eacute;n&eacute;rant ainsi, une d&eacute;gradation de la r&eacute;colte<br \/>\nc&eacute;r&eacute;ali&egrave;re et un recul du taux de remplissage des barrages&raquo;, pr&eacute;cise CDG<br \/>\nCapital dans sa note intitul&eacute;e &laquo;Economie nationale et march&eacute; de taux face aux<br \/>\nenjeux du Covid-19 et de la s&eacute;cheresse&raquo;.<\/p>\n<p>Dans ce contexte<br \/>\nexceptionnellement difficile, la gravit&eacute; de l&rsquo;impact sur l&rsquo;&eacute;conomie nationale<br \/>\nd&eacute;pend dans une large mesure de la dur&eacute;e de cette crise sanitaire et de la<br \/>\nprofondeur de ses s&eacute;quelles, aussi bien sur le syst&egrave;me productif que la<br \/>\nstabilit&eacute; du syst&egrave;me mon&eacute;taire et financier national, rel&egrave;ve la m&ecirc;me source.<\/p>\n<p>Selon cette<br \/>\n&eacute;tude men&eacute;e par CDG capital, la particularit&eacute; de cette nouvelle crise, dont<br \/>\nl&rsquo;ampleur et la gravit&eacute; sont difficiles &agrave; estimer, rend l&rsquo;exercice de<br \/>\npr&eacute;visions et de projections extr&ecirc;mement d&eacute;licat, de par l&rsquo;exclusion des<br \/>\napproches comparatives, en absence de crises similaires, au cours des derni&egrave;res<br \/>\nd&eacute;cennies, que de la difficult&eacute; de pr&eacute;voir l&rsquo;intensit&eacute; des chocs sur les<br \/>\ndiff&eacute;rents &eacute;quilibres macro-&eacute;conomiques.<\/p>\n<p>Le note fait<br \/>\n&eacute;galement ressortir que le comportement de la croissance &eacute;conomique et de<br \/>\nl&rsquo;inflation d&eacute;pend, dans une large mesure, de la performance de la saison<br \/>\nagricole, qui s&rsquo;affiche fortement corr&eacute;l&eacute;e &agrave; la production c&eacute;r&eacute;ali&egrave;re, et ce en<br \/>\nd&eacute;pit des efforts de diversification entrepris dans le cadre du Plan Maroc Vert<br \/>\n(PMV).<\/p>\n<p>Et d&rsquo;ajouter que<br \/>\nle d&eacute;roulement des conditions climatiques de la saison agricole 2019\/2020<br \/>\nlaisse pr&eacute;sager une campagne agricole en d&eacute;t&eacute;rioration comparativement &agrave; la<br \/>\npr&eacute;c&eacute;dente, dont les r&eacute;sultats ont &eacute;t&eacute; largement en dessous de la moyenne<br \/>\nd&eacute;cennale (80 millions de quintaux), avec une production c&eacute;r&eacute;ali&egrave;re estim&eacute;e &agrave; c<br \/>\nde quintaux en 2019, soit -49,3% en glissement annuel comparativement &agrave; celle<br \/>\nde 2017\/2018 estim&eacute;e &agrave; 102,6 millions de quintaux.<\/p>\n<p>En effet, les<br \/>\ndonn&eacute;es disponibles &agrave; fin f&eacute;vrier 2020 ressortent plusieurs signaux sur les<br \/>\nfaibles r&eacute;sultats de la campagne en cours avec un couvert v&eacute;g&eacute;tal en situation<br \/>\nfaible, un cumul pluviom&eacute;trique en recul de 38% comparativement &agrave; l&rsquo;ann&eacute;e<br \/>\npr&eacute;c&eacute;dente et un taux de remplissage des barrages en r&eacute;gression &agrave; 47,3% &agrave; fin<br \/>\njanvier 2020 contre 60% une ann&eacute;e auparavant.<\/p>\n<p>Et d&rsquo;enrichir<br \/>\n&eacute;galement que pour l&rsquo;ann&eacute;e 2020, en d&eacute;pit de l&rsquo;att&eacute;nuation pr&eacute;vue du d&eacute;ficit<br \/>\ncommercial, en liaison avec le recul des importations, en volume et en valeur,<br \/>\nles r&eacute;serves de change devraient subir l&rsquo;impact n&eacute;gatif de la baisse des trois<br \/>\npiliers compensateurs du d&eacute;ficit, qui sont le solde du tourisme, les transferts<br \/>\ndes MRE et les Investissements directs &agrave; l&rsquo;&eacute;tranger (IDE).<\/p>\n<p>La conjoncture<br \/>\nd&eacute;favorable chez les partenaires, fortement affect&eacute;e par la propagation de la<br \/>\npand&eacute;mie du Covid-19 et les d&eacute;g&acirc;ts associ&eacute;s, particuli&egrave;rement d&rsquo;ordre sanitaire<br \/>\net &eacute;conomique, devrait impacter d&rsquo;une mani&egrave;re accentu&eacute;e le flux global &eacute;manant<br \/>\ndes trois sources de couverture du d&eacute;ficit commercial en accroissement continu.<\/p>\n<p>L&rsquo;article <a rel=\"nofollow\" href=\"http:\/\/albayane.press.ma\/levolution-des-equilibres-macro-economiques-en-2020-fortement-impactee-par-le-covid-19-et-la-secheresse%EF%BB%BF.html\">L&rsquo;&eacute;volution des &eacute;quilibres macro-&eacute;conomiques en 2020 fortement impact&eacute;e par le Covid-19 et la s&eacute;cheresse&#65279;<\/a> est apparu en premier sur <a rel=\"nofollow\" href=\"http:\/\/albayane.press.ma\/\">ALBAYANE<\/a>.<\/p>\n<\/div>\n<p>Auteur: M&rsquo;hammed rahal<br \/>\n<a href=\"http:\/\/albayane.press.ma\/levolution-des-equilibres-macro-economiques-en-2020-fortement-impactee-par-le-covid-19-et-la-secheresse%EF%BB%BF.html\">Cliquez ici pour lire l&rsquo;article depuis sa source.<\/a><\/p>\n","protected":false},"excerpt":{"rendered":"<p>L&rsquo;&eacute;volution des principaux &eacute;quilibres macro-&eacute;conomiques en 2020 s&rsquo;affiche fortement impact&eacute;e par la crise du Covid-19 et la confirmation d&rsquo;une deuxi&egrave;me ann&eacute;e de s&eacute;cheresse, selon la note annuelle macro-&eacute;conomique et taux de CDG Capital. &laquo;L&rsquo;&eacute;volution des principaux &eacute;quilibres macro-&eacute;conomiques en 2020 s&rsquo;affiche fortement impact&eacute;e par deux &eacute;v&egrave;nements majeurs en l&rsquo;occurrence de la crise du Covid-19 et [&hellip;]<\/p>\n","protected":false},"author":1760,"featured_media":0,"comment_status":"closed","ping_status":"closed","sticky":false,"template":"","format":"standard","meta":{"fifu_image_url":"","fifu_image_alt":"","footnotes":""},"categories":[73,54],"tags":[],"class_list":["post-82283","post","type-post","status-publish","format-standard","hentry","category-actualite","category-maroc"],"_links":{"self":[{"href":"https:\/\/linitiative.ca\/International\/wp-json\/wp\/v2\/posts\/82283","targetHints":{"allow":["GET"]}}],"collection":[{"href":"https:\/\/linitiative.ca\/International\/wp-json\/wp\/v2\/posts"}],"about":[{"href":"https:\/\/linitiative.ca\/International\/wp-json\/wp\/v2\/types\/post"}],"author":[{"embeddable":true,"href":"https:\/\/linitiative.ca\/International\/wp-json\/wp\/v2\/users\/1760"}],"replies":[{"embeddable":true,"href":"https:\/\/linitiative.ca\/International\/wp-json\/wp\/v2\/comments?post=82283"}],"version-history":[{"count":0,"href":"https:\/\/linitiative.ca\/International\/wp-json\/wp\/v2\/posts\/82283\/revisions"}],"wp:attachment":[{"href":"https:\/\/linitiative.ca\/International\/wp-json\/wp\/v2\/media?parent=82283"}],"wp:term":[{"taxonomy":"category","embeddable":true,"href":"https:\/\/linitiative.ca\/International\/wp-json\/wp\/v2\/categories?post=82283"},{"taxonomy":"post_tag","embeddable":true,"href":"https:\/\/linitiative.ca\/International\/wp-json\/wp\/v2\/tags?post=82283"}],"curies":[{"name":"wp","href":"https:\/\/api.w.org\/{rel}","templated":true}]}}