{"id":82297,"date":"2020-04-12T19:31:10","date_gmt":"2020-04-12T23:31:10","guid":{"rendered":"https:\/\/linitiative.ca\/International\/secteur-informel-une-initiative-en-faveur-des-non-ramedistes\/"},"modified":"2020-04-12T19:31:10","modified_gmt":"2020-04-12T23:31:10","slug":"secteur-informel-une-initiative-en-faveur-des-non-ramedistes","status":"publish","type":"post","link":"https:\/\/linitiative.ca\/International\/secteur-informel-une-initiative-en-faveur-des-non-ramedistes\/","title":{"rendered":"Secteur informel: Une initiative en faveur des non-Ramedistes"},"content":{"rendered":"<div class=\"single-featured\"><img alt=\"\" data-src=\"http:\/\/www.mapmarrakech.ma\/map\/uploads\/2020\/04\/safi-initiative-Ramed.jpg\"\/><\/div>\n<div class=\"single-post-excerpt post-excerpt-bc\" readability=\"36\">\n<p>Safi \u2013 Des acteurs de la soci\u00e9t\u00e9 civile \u00e0 Safi ont entrepris une initiative en faveur des personnes actives dans le secteur informel et non inscrites au Ramed et ce, en se portant volontaires pour les assister dans leur inscription sur le site \u00e9lectronique qui a \u00e9t\u00e9 r\u00e9serv\u00e9 \u00e0 cette op\u00e9ration en vue de b\u00e9n\u00e9ficier des aides financi\u00e8res de soutien.<\/p>\n<\/div>\n<div class=\"entry-content clearfix single-post-content\" readability=\"69\">\n<p>Ainsi, un g\u00e9rant de l\u2019un des cybercaf\u00e9s dans la cit\u00e9 de l\u2019oc\u00e9an a ouvert son local gratuitement pour assister ces personnes, qui trouvent des difficult\u00e9s \u00e0 suivre la proc\u00e9dure en vigueur, et les aider \u00e0 remplir la d\u00e9claration mise \u00e0 leur \u00e0 disposition sur le portail \u00e9lectronique cr\u00e9\u00e9 \u00e0 cet effet.<\/p>\n<p>Dans une d\u00e9claration \u00e0 la MAP, Mohamed, le g\u00e9rant du cybercaf\u00e9, a indiqu\u00e9 que cette initiative cible essentiellement les personnes qui ne disposent pas des \u00e9quipements n\u00e9cessaires pour le suivi de l\u2019op\u00e9ration d\u2019inscription ou celles qui ne ma\u00eetrisent pas l\u2019utilisation des outils num\u00e9riques.<\/p>\n<p>Il a pr\u00e9cis\u00e9 que cette op\u00e9ration se d\u00e9roule dans le respect total des conditions de la s\u00e9curit\u00e9 sanitaire et des mesures de pr\u00e9vention et de lutte contre le Covid-19, expliquant que l\u2019int\u00e9ress\u00e9 remet sa carte d\u2019identit\u00e9 nationale (CIN) munie de son num\u00e9ro de t\u00e9l\u00e9phone, avant de revenir les r\u00e9cup\u00e9rer ult\u00e9rieurement apr\u00e8s la r\u00e9ussite de la proc\u00e9dure d\u2019inscription sur le portail \u00ab\u00a0www.tadamoncovid.ma\u00a0\u00bb.<\/p>\n<p>L\u2019op\u00e9ration consiste en l\u2019introduction des donn\u00e9es n\u00e9cessaires sur ledit portail et le rappel de l\u2019int\u00e9ress\u00e9 par la suite pour l\u2019informer de la fin de l\u2019op\u00e9ration d\u2019enregistrement avec succ\u00e8s, a-t-il dit.<\/p>\n<p>A rappeler que le comit\u00e9 de veille \u00e9conomique avait annonc\u00e9 que les chefs de m\u00e9nages op\u00e9rant dans le secteur informel et non-inscrits au Ramed pourront faire leurs d\u00e9clarations \u00e0 compter du vendredi 10 avril \u00e0 08H00 jusqu\u2019au 16 courant \u00e0 minuit, pour b\u00e9n\u00e9ficier des aides financi\u00e8res pr\u00e9vues pour rem\u00e9dier \u00e0 l\u2019impact des mesures prises dans le cadre de l\u2019\u00e9tat d\u2019urgence d\u00e9cr\u00e9t\u00e9.<\/p>\n<p>Les montants sont pr\u00e9vus en fonction de la taille du m\u00e9nage : 800 DH pour les m\u00e9nages de deux personnes ou moins, 1000 DH pour les m\u00e9nages compos\u00e9s de trois \u00e0 quatre personnes et 1200 DH pour les m\u00e9nages form\u00e9s de plus de quatre personnes.<\/p>\n<\/div>\n<p>Auteur: Meriem IGASS<br \/>\n<a href=\"http:\/\/www.mapmarrakech.ma\/fr\/secteur-informel-une-initiative-en-faveur-des-non-ramedistes\/\">Cliquez ici pour lire l&rsquo;article depuis sa source.<\/a><\/p>\n","protected":false},"excerpt":{"rendered":"<p>Safi \u2013 Des acteurs de la soci\u00e9t\u00e9 civile \u00e0 Safi ont entrepris une initiative en faveur des personnes actives dans le secteur informel et non inscrites au Ramed et ce, en se portant volontaires pour les assister dans leur inscription sur le site \u00e9lectronique qui a \u00e9t\u00e9 r\u00e9serv\u00e9 \u00e0 cette op\u00e9ration en vue de b\u00e9n\u00e9ficier [&hellip;]<\/p>\n","protected":false},"author":1788,"featured_media":0,"comment_status":"closed","ping_status":"closed","sticky":false,"template":"","format":"standard","meta":{"fifu_image_url":"","fifu_image_alt":"","footnotes":""},"categories":[54,76],"tags":[],"class_list":["post-82297","post","type-post","status-publish","format-standard","hentry","category-maroc","category-regions"],"_links":{"self":[{"href":"https:\/\/linitiative.ca\/International\/wp-json\/wp\/v2\/posts\/82297","targetHints":{"allow":["GET"]}}],"collection":[{"href":"https:\/\/linitiative.ca\/International\/wp-json\/wp\/v2\/posts"}],"about":[{"href":"https:\/\/linitiative.ca\/International\/wp-json\/wp\/v2\/types\/post"}],"author":[{"embeddable":true,"href":"https:\/\/linitiative.ca\/International\/wp-json\/wp\/v2\/users\/1788"}],"replies":[{"embeddable":true,"href":"https:\/\/linitiative.ca\/International\/wp-json\/wp\/v2\/comments?post=82297"}],"version-history":[{"count":0,"href":"https:\/\/linitiative.ca\/International\/wp-json\/wp\/v2\/posts\/82297\/revisions"}],"wp:attachment":[{"href":"https:\/\/linitiative.ca\/International\/wp-json\/wp\/v2\/media?parent=82297"}],"wp:term":[{"taxonomy":"category","embeddable":true,"href":"https:\/\/linitiative.ca\/International\/wp-json\/wp\/v2\/categories?post=82297"},{"taxonomy":"post_tag","embeddable":true,"href":"https:\/\/linitiative.ca\/International\/wp-json\/wp\/v2\/tags?post=82297"}],"curies":[{"name":"wp","href":"https:\/\/api.w.org\/{rel}","templated":true}]}}