{"id":82298,"date":"2020-04-12T20:24:22","date_gmt":"2020-04-13T00:24:22","guid":{"rendered":"https:\/\/linitiative.ca\/International\/don-de-sang-mobilisation-des-elements-des-forces-auxiliaires\/"},"modified":"2020-04-12T20:24:22","modified_gmt":"2020-04-13T00:24:22","slug":"don-de-sang-mobilisation-des-elements-des-forces-auxiliaires","status":"publish","type":"post","link":"https:\/\/linitiative.ca\/International\/don-de-sang-mobilisation-des-elements-des-forces-auxiliaires\/","title":{"rendered":"Don de sang: Mobilisation des \u00e9l\u00e9ments des Forces Auxiliaires"},"content":{"rendered":"<div readability=\"38\">\n<p>El Kel\u00e2a des Sraghna \u2013 Les \u00e9l\u00e9ments des Forces Auxiliaires \u00e0 El Kel\u00e2a des Sraghna se sont mobilis\u00e9s, dimanche, pour prendre part \u00e0 une campagne de don sang, dans un geste noble qui t\u00e9moigne de leur forte adh\u00e9sion \u00e0 l\u2019\u00e9lan national de solidarit\u00e9 visant \u00e0 renflouer les stocks de cette mati\u00e8re vitale en cette conjoncture exceptionnelle induite par la propagation du nouveau coronavirus (Covid-19).<\/p>\n<\/div>\n<div readability=\"79\">\n<p>Supervis\u00e9e par la D\u00e9l\u00e9gation provinciale de la sant\u00e9 et encadr\u00e9e par un staff m\u00e9dical et infirmier de l\u2019h\u00f4pital provincial \u00ab\u00a0Salama\u00a0\u00bb, cette campagne a connu la participation du commandant provincial des Forces Auxiliaires, ainsi que de l\u2019ensemble des officiers et \u00e9l\u00e9ments de ce corps, tous grades confondus.<\/p>\n<p>Cette action humanitaire, qui rel\u00e8ve du devoir national et refl\u00e8te l\u2019esprit de b\u00e9n\u00e9volat et les nobles valeurs d\u2019entraide et de solidarit\u00e9, s\u2019est d\u00e9roul\u00e9e dans le respect strict des conditions organisationnelles et sanitaires, ainsi que des mesures prises pour enrayer la propagation du nouveau coronavirus.<\/p>\n<p>A cette occasion, le d\u00e9l\u00e9gu\u00e9 provincial de la sant\u00e9 \u00e0 El Kel\u00e2a des Sraghna, Moulay Abdelmalek El Mansouri, a expliqu\u00e9 que cette campagne vise \u00e0 renforcer les stocks de sang au niveau national et \u00e0 palier le d\u00e9ficit accus\u00e9 en plaquettes sanguines, dont la dur\u00e9e de vie ne d\u00e9passe pas 5 jours.<\/p>\n<p>Dans une d\u00e9claration \u00e0 la MAP, M. El Mansouri a indiqu\u00e9 que cette op\u00e9ration s\u2019est d\u00e9roul\u00e9e dans de bonnes conditions, gr\u00e2ce aux mesures prises par les \u00e9quipes m\u00e9dicales pour pr\u00e9server la sant\u00e9 des donneurs parmi les membres des Forces Auxiliaires, qui ont toujours r\u00e9pondu pr\u00e9sents, en prenant part \u00e0 ces campagnes de don de sang.<\/p>\n<p>Il a, dans la foul\u00e9e, salu\u00e9 les efforts d\u00e9ploy\u00e9s par les services de la S\u00fbret\u00e9 nationale et les \u00e9l\u00e9ments des Forces auxiliaires, qui ont organis\u00e9, en cette conjoncture exceptionnelle, des campagnes de don de sang et ce, en r\u00e9ponse \u00e0 l\u2019appel de la patrie et en cons\u00e9cration des principes du devoir national.<\/p>\n<p>Des campagnes similaires seront organis\u00e9es au cours de la semaine prochaine, a conclu le d\u00e9l\u00e9gu\u00e9 provincial de la sant\u00e9.<\/p>\n<\/div>\n<p>Auteur: Meriem IGASS<br \/>\n<a href=\"http:\/\/www.mapmarrakech.ma\/fr\/don-de-sang-mobilisation-des-elements-des-forces-auxiliaires\/\">Cliquez ici pour lire l&rsquo;article depuis sa source.<\/a><\/p>\n","protected":false},"excerpt":{"rendered":"<p>El Kel\u00e2a des Sraghna \u2013 Les \u00e9l\u00e9ments des Forces Auxiliaires \u00e0 El Kel\u00e2a des Sraghna se sont mobilis\u00e9s, dimanche, pour prendre part \u00e0 une campagne de don sang, dans un geste noble qui t\u00e9moigne de leur forte adh\u00e9sion \u00e0 l\u2019\u00e9lan national de solidarit\u00e9 visant \u00e0 renflouer les stocks de cette mati\u00e8re vitale en cette conjoncture [&hellip;]<\/p>\n","protected":false},"author":1788,"featured_media":0,"comment_status":"closed","ping_status":"closed","sticky":false,"template":"","format":"standard","meta":{"fifu_image_url":"","fifu_image_alt":"","footnotes":""},"categories":[54,76],"tags":[],"class_list":["post-82298","post","type-post","status-publish","format-standard","hentry","category-maroc","category-regions"],"_links":{"self":[{"href":"https:\/\/linitiative.ca\/International\/wp-json\/wp\/v2\/posts\/82298","targetHints":{"allow":["GET"]}}],"collection":[{"href":"https:\/\/linitiative.ca\/International\/wp-json\/wp\/v2\/posts"}],"about":[{"href":"https:\/\/linitiative.ca\/International\/wp-json\/wp\/v2\/types\/post"}],"author":[{"embeddable":true,"href":"https:\/\/linitiative.ca\/International\/wp-json\/wp\/v2\/users\/1788"}],"replies":[{"embeddable":true,"href":"https:\/\/linitiative.ca\/International\/wp-json\/wp\/v2\/comments?post=82298"}],"version-history":[{"count":0,"href":"https:\/\/linitiative.ca\/International\/wp-json\/wp\/v2\/posts\/82298\/revisions"}],"wp:attachment":[{"href":"https:\/\/linitiative.ca\/International\/wp-json\/wp\/v2\/media?parent=82298"}],"wp:term":[{"taxonomy":"category","embeddable":true,"href":"https:\/\/linitiative.ca\/International\/wp-json\/wp\/v2\/categories?post=82298"},{"taxonomy":"post_tag","embeddable":true,"href":"https:\/\/linitiative.ca\/International\/wp-json\/wp\/v2\/tags?post=82298"}],"curies":[{"name":"wp","href":"https:\/\/api.w.org\/{rel}","templated":true}]}}