{"id":82299,"date":"2020-04-13T06:05:24","date_gmt":"2020-04-13T10:05:24","guid":{"rendered":"https:\/\/linitiative.ca\/International\/distribution-de-denrees-alimentaires-au-profit-de-familles-necessiteuses\/"},"modified":"2020-04-13T06:05:24","modified_gmt":"2020-04-13T10:05:24","slug":"distribution-de-denrees-alimentaires-au-profit-de-familles-necessiteuses","status":"publish","type":"post","link":"https:\/\/linitiative.ca\/International\/distribution-de-denrees-alimentaires-au-profit-de-familles-necessiteuses\/","title":{"rendered":"Distribution de denr\u00e9es alimentaires au profit de familles n\u00e9cessiteuses"},"content":{"rendered":"<div class=\"single-featured\"><img alt=\"\" data-src=\"http:\/\/www.mapmarrakech.ma\/map\/uploads\/2020\/04\/aides-youssoufia-copier.jpg\"\/><\/div>\n<div class=\"single-post-excerpt post-excerpt-bc\" readability=\"38\">\n<p>Commune Lakhoualqa (Province de Youssoufia) \u2013 Des paniers alimentaires ont \u00e9t\u00e9 distribu\u00e9s, le weekend dernier, en faveur des familles n\u00e9cessiteuses au niveau de la commune rurale Lakhoualqa relevant de la province de Youssoufia, et ce dans le cadre des efforts d\u00e9ploy\u00e9s pour freiner la propagation du nouveau coronavirus (Covid-19).<\/p>\n<\/div>\n<div class=\"entry-content clearfix single-post-content\" readability=\"61\">\n<p>Cette op\u00e9ration humanitaire initi\u00e9e sous la supervision des autorit\u00e9s locales, a cibl\u00e9 des familles en situation de vuln\u00e9rabilit\u00e9, qui ont b\u00e9n\u00e9fici\u00e9 de paniers de produits alimentaires de premi\u00e8re n\u00e9cessit\u00e9.<\/p>\n<p>A cette occasion, le pr\u00e9sident de la commune Lakhoualqa, Ahmed El Ajili, a soulign\u00e9 que cette initiative est destin\u00e9e aux m\u00e9nages \u00e0 faible revenu dans les douars de la commune, conform\u00e9ment aux mesures adopt\u00e9es suite \u00e0 l\u2019instauration de l\u2019\u00e9tat d\u2019urgence sanitaire pour endiguer la propagation du Covid-19.<\/p>\n<p>Cette campagne devra se poursuivre dans les jours \u00e0 venir en vue d\u2019aider le plus grand nombre possible de familles, a-t-il relev\u00e9 dans une d\u00e9claration \u00e0 la presse, notant que les autorit\u00e9s locales ont mobilis\u00e9 tous les moyens n\u00e9cessaires pour assurer le bon d\u00e9roulement de cette action.<\/p>\n<p>Cette aide alimentaire a \u00e9t\u00e9 fournie gr\u00e2ce \u00e0 la contribution des associations de la soci\u00e9t\u00e9 civile et des bienfaiteurs, a-t-il indiqu\u00e9, ajoutant que la commune Lakhoualqa restera mobilis\u00e9e pour lutter contre cette pand\u00e9mie.<\/p>\n<p>Cette action sociale et solidaire s\u2019inscrit dans le cadre des efforts entrepris pour all\u00e9ger les souffrances des populations relevant des zones pauvres et \u00e9loign\u00e9es de la province et les soutenir dans ces circonstances exceptionnelles.<\/p>\n<\/div>\n<p>Auteur: Meriem IGASS<br \/>\n<a href=\"http:\/\/www.mapmarrakech.ma\/fr\/distribution-de-denrees-alimentaires-au-profit-de-familles-necessiteuses\/\">Cliquez ici pour lire l&rsquo;article depuis sa source.<\/a><\/p>\n","protected":false},"excerpt":{"rendered":"<p>Commune Lakhoualqa (Province de Youssoufia) \u2013 Des paniers alimentaires ont \u00e9t\u00e9 distribu\u00e9s, le weekend dernier, en faveur des familles n\u00e9cessiteuses au niveau de la commune rurale Lakhoualqa relevant de la province de Youssoufia, et ce dans le cadre des efforts d\u00e9ploy\u00e9s pour freiner la propagation du nouveau coronavirus (Covid-19). Cette op\u00e9ration humanitaire initi\u00e9e sous la [&hellip;]<\/p>\n","protected":false},"author":1788,"featured_media":0,"comment_status":"closed","ping_status":"closed","sticky":false,"template":"","format":"standard","meta":{"fifu_image_url":"","fifu_image_alt":"","footnotes":""},"categories":[54,76],"tags":[],"class_list":["post-82299","post","type-post","status-publish","format-standard","hentry","category-maroc","category-regions"],"_links":{"self":[{"href":"https:\/\/linitiative.ca\/International\/wp-json\/wp\/v2\/posts\/82299","targetHints":{"allow":["GET"]}}],"collection":[{"href":"https:\/\/linitiative.ca\/International\/wp-json\/wp\/v2\/posts"}],"about":[{"href":"https:\/\/linitiative.ca\/International\/wp-json\/wp\/v2\/types\/post"}],"author":[{"embeddable":true,"href":"https:\/\/linitiative.ca\/International\/wp-json\/wp\/v2\/users\/1788"}],"replies":[{"embeddable":true,"href":"https:\/\/linitiative.ca\/International\/wp-json\/wp\/v2\/comments?post=82299"}],"version-history":[{"count":0,"href":"https:\/\/linitiative.ca\/International\/wp-json\/wp\/v2\/posts\/82299\/revisions"}],"wp:attachment":[{"href":"https:\/\/linitiative.ca\/International\/wp-json\/wp\/v2\/media?parent=82299"}],"wp:term":[{"taxonomy":"category","embeddable":true,"href":"https:\/\/linitiative.ca\/International\/wp-json\/wp\/v2\/categories?post=82299"},{"taxonomy":"post_tag","embeddable":true,"href":"https:\/\/linitiative.ca\/International\/wp-json\/wp\/v2\/tags?post=82299"}],"curies":[{"name":"wp","href":"https:\/\/api.w.org\/{rel}","templated":true}]}}