{"id":82302,"date":"2020-04-12T14:03:48","date_gmt":"2020-04-12T18:03:48","guid":{"rendered":"https:\/\/linitiative.ca\/International\/sidi-bel-abbes-lance-une-operations-de-fabrication-dequipements-de-protection\/"},"modified":"2020-04-12T14:03:48","modified_gmt":"2020-04-12T18:03:48","slug":"sidi-bel-abbes-lance-une-operations-de-fabrication-dequipements-de-protection","status":"publish","type":"post","link":"https:\/\/linitiative.ca\/International\/sidi-bel-abbes-lance-une-operations-de-fabrication-dequipements-de-protection\/","title":{"rendered":"Sidi Bel-Abb\u00e8s: lance une op\u00e9rations de fabrication d&rsquo;\u00e9quipements de protection"},"content":{"rendered":"<div readability=\"36\">\n<p><em><strong>SIDI BEL-ABBES- Le secteur de la formation et de l&rsquo;enseignement professionnels de Sidi Bel-Abb\u00e8s a lanc\u00e9 plusieurs op\u00e9rations de fabrication d&rsquo;\u00e9quipements de pr\u00e9vention destin\u00e9s au personnel m\u00e9dical et param\u00e9dical et aux administrations publiques accueillant le public dans le cadre des efforts de lutte contre la propagation de la nouvelle \u00e9pid\u00e9mie du coronavirus, a-t-on appris dimanche du directeur de secteur Kouider Mostefaoui.<\/strong><\/em><\/p>\n<\/div>\n<div readability=\"65.8376254911\">\n<p>En marge de l\u2019op\u00e9ration d&rsquo;installation d&rsquo;un premier tunnel de st\u00e9rilisation au niveau du service des urgences au centre hospitalier universitaire (CHU) Abdelkader Hassani, pr\u00e9sid\u00e9e par le wali Mustapha<\/p>\n<p>Limani, M. Mostefaoui a pr\u00e9cis\u00e9 que ces op\u00e9rations sont men\u00e9es avec l&rsquo;aide de stagiaires du secteur sous la supervision de formateurs de diff\u00e9rents centres de formation, en collaboration avec des op\u00e9rateurs \u00e9conomiques des secteurs public et priv\u00e9 charg\u00e9s de financer la mati\u00e8re premi\u00e8re.<\/p>\n<p>Ces op\u00e9rations consistent en la confection de masques de protection qui peuvent \u00eatre st\u00e9rilis\u00e9s et utilis\u00e9s plusieurs fois, a indiqu\u00e9 le m\u00eame responsable, soulignant que plus de 4.000 masques m\u00e9dicaux r\u00e9pondant aux normes sanitaires requises ont \u00e9t\u00e9 confectionn\u00e9s et destin\u00e9s aux staffs m\u00e9dicaux et param\u00e9dicaux de divers \u00e9tablissements hospitaliers, aux unit\u00e9s de protection civile et \u00e0 d&rsquo;autres organismes.<\/p>\n<hr\/>\n<h3>Lire aussi: Covid-19: <a href=\"https:\/\/41.110.185.2\/proxy\/38dcabc4\/http\/www.aps.dz\/regions\/103819-covid-19-ouverture-d-un-atelier-de-fabrication-des-masques-de-protection-a-la-maison-de-jeunes-abdelhamid-anani\" target=\"_blank\" rel=\"noopener noreferrer\">ouverture d\u2019un atelier de fabrication des masques de protection \u00e0 la maison de jeunes Abdelhamid Anani<\/a><\/h3>\n<hr\/>\n<p>Le secteur de la formation et de l&rsquo;enseignement professionnels de Sidi Bel Abbes a \u00e9galement lanc\u00e9 une autre op\u00e9ration pour fabriquer et installer des tunnels et des chambres de st\u00e9rilisation \u00e0 l&rsquo;entr\u00e9e des h\u00f4pitaux, \u00e0 l\u2019instar de deux mod\u00e8les fabriqu\u00e9s pour le service des urgences et celui de la chirurgie du CHU Abdelkader Hassani, selon la m\u00eame source.<\/p>\n<p>Cette op\u00e9ration sera g\u00e9n\u00e9ralis\u00e9e aux structures accueillant le public dont le Centre r\u00e9gional anti cancer (CAC) et la direction locale de la protection civile, a-t-on annonc\u00e9, signalant le lancement de la confection\u00a0de mod\u00e8les de combinaisons m\u00e9dicales pr\u00e9ventives st\u00e9rilis\u00e9es aux normes de sant\u00e9 requises. Un nombre important de ces tenues sera fabriqu\u00e9 prochainement apr\u00e8s financement de l&rsquo;acquisition de mati\u00e8res premi\u00e8res par les services de l&rsquo;administration locale de la wilaya.<\/p>\n<p>Il est pr\u00e9vu aussi la r\u00e9alisation d\u2019un rideau de pr\u00e9vention pour permettre aux m\u00e9decins et aux param\u00e9dicaux de communiquer \u00e0 distance avec les patients. Il est attendu la semaine prochaine, l\u2019acquisition de la mati\u00e8re premi\u00e8re pour sa fabrication au niveau de l&rsquo;Institut national sp\u00e9cialis\u00e9 de formation professionnelle du chef-lieu de wilaya.<\/p>\n<\/div>\n<p>Auteur:<br \/>\n<a href=\"http:\/\/www.aps.dz\/regions\/103968-sidi-bel-abbes-lance-une-operations-de-fabrication-d-equipements-de-protection\">Cliquez ici pour lire l&rsquo;article depuis sa source.<\/a><\/p>\n","protected":false},"excerpt":{"rendered":"<p>SIDI BEL-ABBES- Le secteur de la formation et de l&rsquo;enseignement professionnels de Sidi Bel-Abb\u00e8s a lanc\u00e9 plusieurs op\u00e9rations de fabrication d&rsquo;\u00e9quipements de pr\u00e9vention destin\u00e9s au personnel m\u00e9dical et param\u00e9dical et aux administrations publiques accueillant le public dans le cadre des efforts de lutte contre la propagation de la nouvelle \u00e9pid\u00e9mie du coronavirus, a-t-on appris dimanche [&hellip;]<\/p>\n","protected":false},"author":1790,"featured_media":0,"comment_status":"closed","ping_status":"closed","sticky":false,"template":"","format":"standard","meta":{"fifu_image_url":"","fifu_image_alt":"","footnotes":""},"categories":[53,76],"tags":[],"class_list":["post-82302","post","type-post","status-publish","format-standard","hentry","category-algerie","category-regions"],"_links":{"self":[{"href":"https:\/\/linitiative.ca\/International\/wp-json\/wp\/v2\/posts\/82302","targetHints":{"allow":["GET"]}}],"collection":[{"href":"https:\/\/linitiative.ca\/International\/wp-json\/wp\/v2\/posts"}],"about":[{"href":"https:\/\/linitiative.ca\/International\/wp-json\/wp\/v2\/types\/post"}],"author":[{"embeddable":true,"href":"https:\/\/linitiative.ca\/International\/wp-json\/wp\/v2\/users\/1790"}],"replies":[{"embeddable":true,"href":"https:\/\/linitiative.ca\/International\/wp-json\/wp\/v2\/comments?post=82302"}],"version-history":[{"count":0,"href":"https:\/\/linitiative.ca\/International\/wp-json\/wp\/v2\/posts\/82302\/revisions"}],"wp:attachment":[{"href":"https:\/\/linitiative.ca\/International\/wp-json\/wp\/v2\/media?parent=82302"}],"wp:term":[{"taxonomy":"category","embeddable":true,"href":"https:\/\/linitiative.ca\/International\/wp-json\/wp\/v2\/categories?post=82302"},{"taxonomy":"post_tag","embeddable":true,"href":"https:\/\/linitiative.ca\/International\/wp-json\/wp\/v2\/tags?post=82302"}],"curies":[{"name":"wp","href":"https:\/\/api.w.org\/{rel}","templated":true}]}}