{"id":82304,"date":"2020-04-13T08:03:04","date_gmt":"2020-04-13T12:03:04","guid":{"rendered":"https:\/\/linitiative.ca\/International\/coronavirus-les-journalistes-de-blida-toujours-au-front-en-depit-des-difficultes-et-des-risques\/"},"modified":"2020-04-13T08:03:04","modified_gmt":"2020-04-13T12:03:04","slug":"coronavirus-les-journalistes-de-blida-toujours-au-front-en-depit-des-difficultes-et-des-risques","status":"publish","type":"post","link":"https:\/\/linitiative.ca\/International\/coronavirus-les-journalistes-de-blida-toujours-au-front-en-depit-des-difficultes-et-des-risques\/","title":{"rendered":"Coronavirus: les journalistes de Blida toujours au front en d\u00e9pit des difficult\u00e9s et des risques"},"content":{"rendered":"<p>En cette p\u00e9riode sanitaire in\u00e9dite, le travail de journaliste s\u2019est, en effet, consid\u00e9rablement compliqu\u00e9 \u00e0 Blida, comparativement aux autres wilayas du pays. Les d\u00e9placements sont devenus limit\u00e9s en d\u00e9pit des\u00a0autorisations sp\u00e9ciales de circulation, outre le risque de contamination qui plane partout, en l\u2019absence des moyens de protection.<\/p>\n<p>C\u2019est le cas du journaliste Walid Hamdadou, employ\u00e9 au si\u00e8ge de la cha\u00eene TV \u00ab\u00a0El Bilad\u00a0\u00bb \u00e0 Alger, contraint de travailler \u00e0 partir de Blida, o\u00f9 il est domicili\u00e9. \u00ab\u00a0En cette p\u00e9riode sanitaire difficile, le journaliste est devenu une sorte de +Moussebel+ (quelqu\u2019un qui se sacrifie pour les autres), pour accomplir son devoir d\u2019information et de service public visant \u00e0 sensibiliser le population\u00a0\u00bb, a-t-il estim\u00e9, dans une d\u00e9claration \u00e0 l\u2019APS.<\/p>\n<p>\u00ab\u00a0Une tache devenue d\u2019autant plus complexe avec le manque de communication de la part des responsables des wilayas, ce qui nous contraint\u00a0\u00bb, a-t-il ajout\u00e9, \u00e0 \u00ab\u00a0faire davantage de travail de sensibilisation, au lieu de chercher le scoop ou une couverture de terrain, devenue actuellement<\/p>\n<p>rarissime, exception faite des caravanes de solidarit\u00e9, et autres communiqu\u00e9s de presse, qui me permettent de transmettre aux citoyens les d\u00e9veloppements de la situation dans la wilaya\u00a0\u00bb, a soulign\u00e9 M. Hamdadou.<\/p>\n<blockquote readability=\"14\">\n<p><em><strong>\u00ab\u00a0En d\u00e9pit du respect des gestes barri\u00e8res, la crainte de ce virus invisible est permanente, car nous \u00e9voluons dans un champ min\u00e9\u00a0\u00bb, a-t-il d\u00e9plor\u00e9. \u00ab\u00a0Je suis devenu extr\u00eamement alarmiste, et je vois les sympt\u00f4mes du virus partout. J\u2019ai peur pour ma famille et mes enfants. D\u00e8s que je rentre chez-moi, je me douche imm\u00e9diatement et mes v\u00eatements sont d\u00e9sinfect\u00e9s\u00a0\u00bb, a-t-il tenu \u00e0 pr\u00e9ciser.<\/strong><\/em><\/p>\n<\/blockquote>\n<p>Cette crainte est partag\u00e9e par son confr\u00e8re du quotidien national \u00ab\u00a0Horizons\u00a0\u00bb, Mokhtar Keddada, qui comme tous les journalistes, accomplissait son travail d\u2019information, \u00e0 l\u2019annonce du premier cas de Covid-19, en r\u00e9alisant des reportages et couvertures dans les h\u00f4pitaux et d\u2019autres lieux de la wilaya.<\/p>\n<p>\u00ab\u00a0Avec la propagation du virus, la situation a chang\u00e9, car mon contact\u00a0quotidien avec des personnes, \u00e9ventuellement contamin\u00e9es (sans le savoir bien s\u00fbr), m&rsquo;a rempli de panique\u00a0\u00bb, a-t-il racont\u00e9 \u00e0 l\u2019APS. \u00ab\u00a0J\u2019\u00e9tais quasi s\u00fbr d\u2019avoir \u00e9t\u00e9 contamin\u00e9, mais heureusement, il n\u2019en \u00e9tait rien, alors j\u2019ai d\u00e9cid\u00e9 de travailler \u00e0 distance\u00a0\u00bb, a-t-il ajout\u00e9, tout en insistant sur l&rsquo;absence des moindres moyens de protection (bavettes) contre ce virus, ce qui, a-t-il affirm\u00e9, \u00ab\u00a0rend le travail de terrain extr\u00eamement dangereux\u00a0\u00bb.<\/p>\n<p>Ce m\u00eame journaliste a d\u00e9plor\u00e9, en outre, \u00ab\u00a0l\u2019\u00e9norme difficult\u00e9, voire l\u2019impossibilit\u00e9 d\u2019arriver \u00e0 la source de l\u2019information\u00a0\u00bb, expliquant, par l\u00e0, son recours au \u00ab\u00a0t\u00e9l\u00e9phone, voire m\u00eame \u00e0 facebook, pour avoir\u00a0l\u2019information, apr\u00e8s sa confirmation bien \u00e9videmment\u00a0\u00bb, a-t-il assur\u00e9.<\/p>\n<p>\u00ab\u00a0D\u00e9sormais le gros de notre travail est actuellement ax\u00e9 sur l\u2019information de proximit\u00e9, qui est la seule disponible pour nous\u00a0\u00bb, a-t-il fait savoir.<\/p>\n<p>La m\u00eame situation exceptionnelle est v\u00e9cue par la Direction r\u00e9gionale Centre de l\u2019agence Alg\u00e9rie Presse Service (APS), notamment le bureau de Blida, dont les journalistes \u0153uvrent quotidiennement \u00e0 la transmission de l\u2019information locale, \u00e0 partir de chez-elles, tout en faisant des couvertures, quand la situation l\u2019exige, comme ce fut le cas pour les deux visites du Premier ministre, Abdelaziz Djerad, dans la wilaya, selon la responsable du bureau, Sara Kessoum.<\/p>\n<p>D&rsquo;ap\u00e8s elle, la direction centrale de l\u2019APS a \u00e9mis, \u00ab\u00a0quelques jours apr\u00e8s l\u2019annonce du confinement total (de Blida), une instruction offrant la possibilit\u00e9 aux journalistes de travailler \u00e0 distance (t\u00e9l\u00e9travail), tout\u00a0en poursuivant les couvertures de terrain\u00a0\u00bb, a-t-elle dit, \u00ab\u00a0cependant le travail de terrain est devenu, chaque jour plus dangereux, avec la hausse des cas de Covid-19, dans la wilaya\u00a0\u00bb, a-t-elle d\u00e9plor\u00e9.<\/p>\n<p>Mettant en avant son \u00ab\u00a0amour du m\u00e9tier de journaliste et sa conscience professionnelle, qui lui dicte de faire de son mieux, sa confr\u00e8re Ghania Bouabdellah a assur\u00e9 qu\u2019elle continue de faire son travail en recourant, en grande partie, \u00e0 son t\u00e9l\u00e9phone, pour \u00ab\u00a0tous mes contacts avec les responsables et les autres sources d\u2019information\u00a0\u00bb, a-t-elle fait savoir.<\/p>\n<p>Admettant, n\u00e9anmoins, avoir \u00e9t\u00e9 contrainte de se d\u00e9placer, dans certains cas, pour des couvertures d\u2019importance, Mme. Bouabdellah n\u2019a pas cach\u00e9 le sentiment \u00ab\u00a0de grande peur\u00a0\u00bb, qui l\u2019accompagnait durant ces sorties. \u00ab\u00a0Tout me faisait peur, les rues d\u00e9sertes, parler avec des gens \u00e9ventuellement infect\u00e9s (m\u00e9decins, experts, corps s\u00e9curitaire, associations), notamment en l\u2019absence de moyens de protection, m\u00eame au niveau des pharmacies\u00a0\u00bb, a-t-elle soulign\u00e9.<\/p>\n<p>\u00a0<em><strong>== La solidarit\u00e9 radiophonique, une autre forme de confraternit\u00e9 ==<\/strong><\/em><\/p>\n<p>\u00a0\u00ab\u00a0Et cette situation sanitaire in\u00e9dite, tant pour l\u2019Alg\u00e9rie, que pour la wilaya de fa\u00e7on particuli\u00e8re, la Radio de Blida fait l\u2019\u00e9v\u00e9nement, \u00e0 l\u2019\u00e9chelle locale, en \u00e9tant devenue un plateau de solidarit\u00e9 entre les\u00a0diff\u00e9rentes cha\u00eenes radiophoniques centrales\u00a0\u00bb, comme exprim\u00e9 par son directeur par int\u00e9rim, Adlane Dekkar.<\/p>\n<p>Selon le responsable, la Radio de Blida r\u00e9unit actuellement de nombreux journalistes relevant d\u2019autres radios centrales, \u00e0 l\u2019exemple de Radio Alg\u00e9rie Internationale, la Radio cha\u00eene 3 (d\u2019expression fran\u00e7aise), la\u00a0Cha\u00eene 2 (Tamazight), la Chaine1, tous contraints de rester, cher-eux \u00e0 Blida, mais qui continuent contre vents et mar\u00e9es d\u2019accomplir leur travail, \u00e0 partir du si\u00e8ge de la Radio locale.<\/p>\n<blockquote readability=\"19\">\n<p><em><strong>Il s\u2019agit l\u00e0, a-t-il ajout\u00e9, de \u00ab\u00a0l\u2019expression d\u2019une solidarit\u00e9 radiophonique par excellence. Les journalistes \u00e9changent leurs informations et travaillent ensemble, et la Radio de Blida en profite, \u00e9galement, pour\u00a0r\u00e9duire la tension due \u00e0 l\u2019exemption de travail de certains de ses journalistes, concern\u00e9s par les mesures exceptionnelles portant sur les femmes allaitantes, enceintes, ou ceux ayant des malades chroniques\u00a0\u00bb, a\u00a0expliqu\u00e9 le m\u00eame responsable, qui a pr\u00e9cis\u00e9 que la Radio de Blida a adapt\u00e9\u00a0 ses programmes \u00e0 la conjoncture actuelle, en axant sur les activit\u00e9s de sensibilisation et de solidarit\u00e9.<\/strong><\/em><\/p>\n<\/blockquote>\n<p>\u00ab\u00a0Les conditions de travail actuelles sont tr\u00e8s difficiles, car il n\u2019est pas facile d\u2019\u00e9voluer \u00e0 notre aise, au vue de la propagation effarante de ce virus, et qui de plus est dans une wilaya enregistrant le plus grand nombre de cas d\u2019atteintes et de morts\u00a0\u00bb, a estim\u00e9, \u00e0 ce propos, Samia Ghitra, journaliste \u00e0 la Radio de Blida. \u00ab\u00a0Cela ne nous emp\u00eache pas de rester mobilis\u00e9s, m\u00eame si nous avons r\u00e9duit les reportages de terrain, pour multiplier les entretiens t\u00e9l\u00e9phoniques, tout en maintenant le terrain, quand la situation l\u2019exige\u00a0\u00bb, a-t-elle soulign\u00e9.<\/p>\n<p>Un fait corrobor\u00e9 par son coll\u00e8gue Elias Abbas, qui a affirm\u00e9 que \u00ab\u00a095% des informations sont actuellement obtenues, via le t\u00e9l\u00e9phone. Nous exploitons essentiellement notre r\u00e9seau relationnel dans la recherche de l\u2019information, d\u00e9sormais ax\u00e9e sur la sensibilisation du citoyen sur les bienfaits du confinement sanitaire\u00a0\u00bb, a- t-il observ\u00e9.<\/p>\n<blockquote readability=\"14\">\n<p><em><strong>Quant \u00e0 Mohamed Saim, r\u00e9dacteur en chef par int\u00e9rim, charg\u00e9 de la section politique \u00e0 la Chaine 3, contraint de travailler \u00e0 partir de la Radio de Blida, il s\u2019est plaint de \u00ab\u00a0la difficult\u00e9 de l\u2019obtention de l\u2019information, conjugu\u00e9e \u00e0 la l\u2019indisponibilit\u00e9 des moyens de protection et de transport\u00a0\u00bb, a-t-il dit.<\/strong><\/em><\/p>\n<\/blockquote>\n<p>\u00ab\u00a0Je suis oblig\u00e9 de me d\u00e9placer avec mon v\u00e9hicule personnel, mais parfois se pose un probl\u00e8me d\u2019indisponibilit\u00e9 de carburant, qui m\u2019emp\u00eache de mener mon travail \u00e0 bien\u00a0\u00bb, a-t-il d\u00e9plor\u00e9.<\/p>\n<p>Il a affirm\u00e9, n\u00e9anmoins, qu\u2019il demeure \u00ab\u00a0d\u00e9termin\u00e9 \u00e0 faire son travail d\u2019information, rapporter fid\u00e8lement la r\u00e9alit\u00e9 du citoyen, et accomplir un service public digne\u00a0\u00bb.<\/p>\n<p>Auteur:<br \/>\n<a href=\"http:\/\/www.aps.dz\/regions\/103984-coronavirus-les-journalistes-de-blida-toujours-au-front-en-depit-des-difficultes-et-des-risques\">Cliquez ici pour lire l&rsquo;article depuis sa source.<\/a><\/p>\n","protected":false},"excerpt":{"rendered":"<p>En cette p\u00e9riode sanitaire in\u00e9dite, le travail de journaliste s\u2019est, en effet, consid\u00e9rablement compliqu\u00e9 \u00e0 Blida, comparativement aux autres wilayas du pays. Les d\u00e9placements sont devenus limit\u00e9s en d\u00e9pit des\u00a0autorisations sp\u00e9ciales de circulation, outre le risque de contamination qui plane partout, en l\u2019absence des moyens de protection. C\u2019est le cas du journaliste Walid Hamdadou, employ\u00e9 [&hellip;]<\/p>\n","protected":false},"author":1790,"featured_media":0,"comment_status":"closed","ping_status":"closed","sticky":false,"template":"","format":"standard","meta":{"fifu_image_url":"","fifu_image_alt":"","footnotes":""},"categories":[53,76],"tags":[],"class_list":["post-82304","post","type-post","status-publish","format-standard","hentry","category-algerie","category-regions"],"_links":{"self":[{"href":"https:\/\/linitiative.ca\/International\/wp-json\/wp\/v2\/posts\/82304","targetHints":{"allow":["GET"]}}],"collection":[{"href":"https:\/\/linitiative.ca\/International\/wp-json\/wp\/v2\/posts"}],"about":[{"href":"https:\/\/linitiative.ca\/International\/wp-json\/wp\/v2\/types\/post"}],"author":[{"embeddable":true,"href":"https:\/\/linitiative.ca\/International\/wp-json\/wp\/v2\/users\/1790"}],"replies":[{"embeddable":true,"href":"https:\/\/linitiative.ca\/International\/wp-json\/wp\/v2\/comments?post=82304"}],"version-history":[{"count":0,"href":"https:\/\/linitiative.ca\/International\/wp-json\/wp\/v2\/posts\/82304\/revisions"}],"wp:attachment":[{"href":"https:\/\/linitiative.ca\/International\/wp-json\/wp\/v2\/media?parent=82304"}],"wp:term":[{"taxonomy":"category","embeddable":true,"href":"https:\/\/linitiative.ca\/International\/wp-json\/wp\/v2\/categories?post=82304"},{"taxonomy":"post_tag","embeddable":true,"href":"https:\/\/linitiative.ca\/International\/wp-json\/wp\/v2\/tags?post=82304"}],"curies":[{"name":"wp","href":"https:\/\/api.w.org\/{rel}","templated":true}]}}