{"id":82369,"date":"2020-04-14T09:16:36","date_gmt":"2020-04-14T13:16:36","guid":{"rendered":"https:\/\/linitiative.ca\/International\/un-pneumologue-conseille-le-port-du-masque-est-vivement-recommande-pour-sortir\/"},"modified":"2020-04-14T09:16:36","modified_gmt":"2020-04-14T13:16:36","slug":"un-pneumologue-conseille-le-port-du-masque-est-vivement-recommande-pour-sortir","status":"publish","type":"post","link":"https:\/\/linitiative.ca\/International\/un-pneumologue-conseille-le-port-du-masque-est-vivement-recommande-pour-sortir\/","title":{"rendered":"Un pneumologue conseille : Le port du masque est vivement recommand\u00e9 pour sortir"},"content":{"rendered":"<p>\u00ab Compte tenu de l\u2019\u00e9volution de la situation \u00e9pid\u00e9miologique dans le pays, il est vivement recommand\u00e9 de porter un masque pour sortir \u00bb, selon Slim Ghezal, pneumologue.<\/p>\n<p>Il a ajout\u00e9, dans une d\u00e9claration \u00e0 la TAP, que s\u2019ils parviennent \u00e0 r\u00e9duire consid\u00e9rablement le risque de contracter le virus, les maques en tissu n\u2019assurent cependant pas une protection totale, appelant les citoyens \u00e0 se laver les mains pendant 21 seconde plusieurs fois dans la journ\u00e9e et \u00e0 st\u00e9riliser la maison ainsi que les produits alimentaire.<\/p>\n<p>Il a ajout\u00e9 que les masques en tissu dont le prix est abordable, peuvent \u00eatre utilis\u00e9s comme moyen de protection \u00e0 condition de les st\u00e9riliser apr\u00e8s chaque usage d\u2019une dur\u00e9e de 3 \u00e0 4 heures.<\/p>\n<p>La st\u00e9rilisation des masques en tissu s\u2019effectue, selon le sp\u00e9cialiste, de trois mani\u00e8res : On peut soit les exposer au soleil, les repasser ou les tremper dans une solution hydro-alcoolique.<\/p>\n<p>Il existe, a-t-il dit, des masques sanitaires qui sont efficaces \u00e0 100% mais qui sont chers et pas toujours disponibles.<\/p>\n<p>\u00bb Il vaudrait mieux se couvrir la bouche et le nez avec un bout de tissu confectionn\u00e9 \u00e0 cette fin ou avec un ch\u00e2le, que de sortir sans protection \u00ab , a-t-il ajout\u00e9.<\/p>\n<p>Par ailleurs, le sp\u00e9cialiste a appel\u00e9 les personnes souffrant d\u2019allergies ou de maladies thoraciques \u00e0 demeurer en contact permanent avec leur m\u00e9decin traitant car il existe des sympt\u00f4mes communs entre ces maladies et le Coronavirus<\/p>\n<div class=\"wp-post-author-wrap wp-post-author-shortcode left\">\n<h3 class=\"awpa-title\"\/>\n<div class=\"wp-post-author\">\n<div class=\"awpa-img awpa-author-block square\"><a href=\"http:\/\/lexpertjournal.net\/fr\/?author=5\"><img loading=\"lazy\" decoding=\"async\" alt=\"\" src=\"http:\/\/0.gravatar.com\/avatar\/97f8e10a1c1125ba104a76514ee07b16?s=150&amp;d=mm&amp;r=g\" srcset=\"http:\/\/0.gravatar.com\/avatar\/97f8e10a1c1125ba104a76514ee07b16?s=300&amp;d=mm&amp;r=g 2x\" class=\"avatar avatar-150 photo\" height=\"150\" width=\"150\"\/><\/a><\/div>\n<\/div>\n<\/div>\n<aside class=\"mashsb-container mashsb-main mashsb-stretched\">\n<\/aside>\n<p>Auteur: L&rsquo;expert<br \/>\n<a href=\"http:\/\/lexpertjournal.net\/fr\/?p=13875\">Cliquez ici pour lire l&rsquo;article depuis sa source.<\/a><\/p>\n","protected":false},"excerpt":{"rendered":"<p>\u00ab Compte tenu de l\u2019\u00e9volution de la situation \u00e9pid\u00e9miologique dans le pays, il est vivement recommand\u00e9 de porter un masque pour sortir \u00bb, selon Slim Ghezal, pneumologue. Il a ajout\u00e9, dans une d\u00e9claration \u00e0 la TAP, que s\u2019ils parviennent \u00e0 r\u00e9duire consid\u00e9rablement le risque de contracter le virus, les maques en tissu n\u2019assurent cependant pas [&hellip;]<\/p>\n","protected":false},"author":1775,"featured_media":0,"comment_status":"closed","ping_status":"closed","sticky":false,"template":"","format":"standard","meta":{"fifu_image_url":"","fifu_image_alt":"","footnotes":""},"categories":[78,55],"tags":[],"class_list":["post-82369","post","type-post","status-publish","format-standard","hentry","category-economie","category-tunisie"],"_links":{"self":[{"href":"https:\/\/linitiative.ca\/International\/wp-json\/wp\/v2\/posts\/82369","targetHints":{"allow":["GET"]}}],"collection":[{"href":"https:\/\/linitiative.ca\/International\/wp-json\/wp\/v2\/posts"}],"about":[{"href":"https:\/\/linitiative.ca\/International\/wp-json\/wp\/v2\/types\/post"}],"author":[{"embeddable":true,"href":"https:\/\/linitiative.ca\/International\/wp-json\/wp\/v2\/users\/1775"}],"replies":[{"embeddable":true,"href":"https:\/\/linitiative.ca\/International\/wp-json\/wp\/v2\/comments?post=82369"}],"version-history":[{"count":0,"href":"https:\/\/linitiative.ca\/International\/wp-json\/wp\/v2\/posts\/82369\/revisions"}],"wp:attachment":[{"href":"https:\/\/linitiative.ca\/International\/wp-json\/wp\/v2\/media?parent=82369"}],"wp:term":[{"taxonomy":"category","embeddable":true,"href":"https:\/\/linitiative.ca\/International\/wp-json\/wp\/v2\/categories?post=82369"},{"taxonomy":"post_tag","embeddable":true,"href":"https:\/\/linitiative.ca\/International\/wp-json\/wp\/v2\/tags?post=82369"}],"curies":[{"name":"wp","href":"https:\/\/api.w.org\/{rel}","templated":true}]}}