{"id":82370,"date":"2020-04-14T09:19:57","date_gmt":"2020-04-14T13:19:57","guid":{"rendered":"https:\/\/linitiative.ca\/International\/atelier-du-meuble-interieur-baisse-du-chiffre-daffaires-consolide-de-la-societe-de-9\/"},"modified":"2020-04-14T09:19:57","modified_gmt":"2020-04-14T13:19:57","slug":"atelier-du-meuble-interieur-baisse-du-chiffre-daffaires-consolide-de-la-societe-de-9","status":"publish","type":"post","link":"https:\/\/linitiative.ca\/International\/atelier-du-meuble-interieur-baisse-du-chiffre-daffaires-consolide-de-la-societe-de-9\/","title":{"rendered":"Atelier du Meuble Int\u00e9rieur : Baisse du chiffre d\u2019affaires consolid\u00e9 de la soci\u00e9t\u00e9 de 9%"},"content":{"rendered":"<p>Le chiffre d\u2019affaires consolid\u00e9 de la soci\u00e9t\u00e9 Atelier du Meuble Int\u00e9rieurs (SAM), \u00e0 la fin du 1er trimestre 2020, a r\u00e9gress\u00e9 de -9%, en glissement annuel, pour s\u2019\u00e9tablir \u00e0 4,9 millions de dinars (MD).<\/p>\n<p>cette \u00ab baisse est due, essentiellement, au confinement, d\u00e9cid\u00e9 par le Gouvernement, afin de lutter contre la propagation du virus Covid-1, fait savoir lundi la soci\u00e9t\u00e9.<\/p>\n<p>Toutefois, elle a assur\u00e9 que le carnet de commandes confirm\u00e9es et report\u00e9es suite \u00e0 la suspension de l\u2019activit\u00e9, lui permettra de rattraper le ralentissement des chiffres d\u2019affaires observ\u00e9s courant le premier trimestre.<\/p>\n<p>Pour ce qui est de l\u2019endettement, la SAM a fait \u00e9tat d\u2019une dette \u00e0 hauteur de 2,3 MD, \u00e0 fin mars 2020. Cette dette a \u00e9t\u00e9 allou\u00e9e principalement \u00e0 \u00ab l\u2019acquisition, l\u2019am\u00e9nagement et l\u2019installation technique de l\u2019usine mitoyenne et une autre partie sous forme de leasing d\u00e9di\u00e9 au renforcement du parc mobile \u00bb.<\/p>\n<div class=\"wp-post-author-wrap wp-post-author-shortcode left\">\n<h3 class=\"awpa-title\"\/>\n<div class=\"wp-post-author\">\n<div class=\"awpa-img awpa-author-block square\"><a href=\"http:\/\/lexpertjournal.net\/fr\/?author=5\"><img loading=\"lazy\" decoding=\"async\" alt=\"\" src=\"http:\/\/0.gravatar.com\/avatar\/97f8e10a1c1125ba104a76514ee07b16?s=150&amp;d=mm&amp;r=g\" srcset=\"http:\/\/0.gravatar.com\/avatar\/97f8e10a1c1125ba104a76514ee07b16?s=300&amp;d=mm&amp;r=g 2x\" class=\"avatar avatar-150 photo\" height=\"150\" width=\"150\"\/><\/a><\/div>\n<\/div>\n<\/div>\n<aside class=\"mashsb-container mashsb-main mashsb-stretched\">\n<\/aside>\n<p>Auteur: L&rsquo;expert<br \/>\n<a href=\"http:\/\/lexpertjournal.net\/fr\/?p=13878\">Cliquez ici pour lire l&rsquo;article depuis sa source.<\/a><\/p>\n","protected":false},"excerpt":{"rendered":"<p>Le chiffre d\u2019affaires consolid\u00e9 de la soci\u00e9t\u00e9 Atelier du Meuble Int\u00e9rieurs (SAM), \u00e0 la fin du 1er trimestre 2020, a r\u00e9gress\u00e9 de -9%, en glissement annuel, pour s\u2019\u00e9tablir \u00e0 4,9 millions de dinars (MD). cette \u00ab baisse est due, essentiellement, au confinement, d\u00e9cid\u00e9 par le Gouvernement, afin de lutter contre la propagation du virus Covid-1, [&hellip;]<\/p>\n","protected":false},"author":1775,"featured_media":0,"comment_status":"closed","ping_status":"closed","sticky":false,"template":"","format":"standard","meta":{"fifu_image_url":"","fifu_image_alt":"","footnotes":""},"categories":[78,55],"tags":[],"class_list":["post-82370","post","type-post","status-publish","format-standard","hentry","category-economie","category-tunisie"],"_links":{"self":[{"href":"https:\/\/linitiative.ca\/International\/wp-json\/wp\/v2\/posts\/82370","targetHints":{"allow":["GET"]}}],"collection":[{"href":"https:\/\/linitiative.ca\/International\/wp-json\/wp\/v2\/posts"}],"about":[{"href":"https:\/\/linitiative.ca\/International\/wp-json\/wp\/v2\/types\/post"}],"author":[{"embeddable":true,"href":"https:\/\/linitiative.ca\/International\/wp-json\/wp\/v2\/users\/1775"}],"replies":[{"embeddable":true,"href":"https:\/\/linitiative.ca\/International\/wp-json\/wp\/v2\/comments?post=82370"}],"version-history":[{"count":0,"href":"https:\/\/linitiative.ca\/International\/wp-json\/wp\/v2\/posts\/82370\/revisions"}],"wp:attachment":[{"href":"https:\/\/linitiative.ca\/International\/wp-json\/wp\/v2\/media?parent=82370"}],"wp:term":[{"taxonomy":"category","embeddable":true,"href":"https:\/\/linitiative.ca\/International\/wp-json\/wp\/v2\/categories?post=82370"},{"taxonomy":"post_tag","embeddable":true,"href":"https:\/\/linitiative.ca\/International\/wp-json\/wp\/v2\/tags?post=82370"}],"curies":[{"name":"wp","href":"https:\/\/api.w.org\/{rel}","templated":true}]}}