{"id":82371,"date":"2020-04-14T09:22:14","date_gmt":"2020-04-14T13:22:14","guid":{"rendered":"https:\/\/linitiative.ca\/International\/loi-sur-lexpropriation-pour-cause-dutilite-publique-creation-dune-commission-regionale-de-conciliation\/"},"modified":"2020-04-14T09:22:14","modified_gmt":"2020-04-14T13:22:14","slug":"loi-sur-lexpropriation-pour-cause-dutilite-publique-creation-dune-commission-regionale-de-conciliation","status":"publish","type":"post","link":"https:\/\/linitiative.ca\/International\/loi-sur-lexpropriation-pour-cause-dutilite-publique-creation-dune-commission-regionale-de-conciliation\/","title":{"rendered":"Loi sur l\u2019expropriation pour cause d\u2019utilit\u00e9 publique :  Cr\u00e9ation d\u2019une commission r\u00e9gionale de conciliation"},"content":{"rendered":"<p>Cr\u00e9er une commission r\u00e9gionale de conciliation et l\u2019inscrire dans la loi n\u00b053 de l\u2019ann\u00e9e 2016, portant sur l\u2019expropriation pour cause d\u2019utilit\u00e9 publique, telle est principale d\u00e9cision prise lors a r\u00e9union du ministre de l\u2019Equipement de l\u2019habitat et d\u2019am\u00e9nagement du territoire Moncef Sliti, avec les repr\u00e9sentants du minist\u00e8re des domaines de l\u2019Etat et des Affaires fonci\u00e8res .<\/p>\n<p>Cette commission examinera les oppositions des propri\u00e9taires concernant la valeur de l\u2019indemnit\u00e9 fix\u00e9e par l\u2019expert des domaines de l\u2019Etat, selon un communiqu\u00e9 publi\u00e9 lundi \u00e0 Tunis.<\/p>\n<p>La r\u00e9union a port\u00e9 sur les raisons de l\u2019amendement de la loi n\u00b053 de l\u2019ann\u00e9e 2016 portant sur l\u2019expropriation pour cause d\u2019utilit\u00e9 publique, et la n\u00e9cessit\u00e9 d\u2019acc\u00e9l\u00e9rer la r\u00e9alisation des projets et l\u2019ex\u00e9cution des d\u00e9cisions d\u2019expropriation.<\/p>\n<p>Le ministre a soulign\u00e9 l\u2019imp\u00e9ratif de garantir le droit du citoyen \u00e0 une indemnisation juste et \u00e9quitable tout en pr\u00e9servant l\u2019int\u00e9r\u00eat public qui exige l\u2019acc\u00e9l\u00e9ration dans la r\u00e9alisation des projets et l\u2019ex\u00e9cution des d\u00e9cisions d\u2019expropriation.<\/p>\n<p>L\u2019objectif est de permettre \u00e0 l\u2019administration de s\u2019approprier des biens fonciers et de parachever les projets publics, tout en \u00e9vitant les p\u00e9nalit\u00e9s de retard et en garantissant le droit du citoyen \u00e0 une indemnisation juste et \u00e9quitable.<\/p>\n<div class=\"wp-post-author-wrap wp-post-author-shortcode left\">\n<h3 class=\"awpa-title\"\/>\n<div class=\"wp-post-author\">\n<div class=\"awpa-img awpa-author-block square\"><a href=\"http:\/\/lexpertjournal.net\/fr\/?author=5\"><img loading=\"lazy\" decoding=\"async\" alt=\"\" src=\"http:\/\/0.gravatar.com\/avatar\/97f8e10a1c1125ba104a76514ee07b16?s=150&amp;d=mm&amp;r=g\" srcset=\"http:\/\/0.gravatar.com\/avatar\/97f8e10a1c1125ba104a76514ee07b16?s=300&amp;d=mm&amp;r=g 2x\" class=\"avatar avatar-150 photo\" height=\"150\" width=\"150\"\/><\/a><\/div>\n<\/div>\n<\/div>\n<aside class=\"mashsb-container mashsb-main mashsb-stretched\">\n<\/aside>\n<p>Auteur: L&rsquo;expert<br \/>\n<a href=\"http:\/\/lexpertjournal.net\/fr\/?p=13881\">Cliquez ici pour lire l&rsquo;article depuis sa source.<\/a><\/p>\n","protected":false},"excerpt":{"rendered":"<p>Cr\u00e9er une commission r\u00e9gionale de conciliation et l\u2019inscrire dans la loi n\u00b053 de l\u2019ann\u00e9e 2016, portant sur l\u2019expropriation pour cause d\u2019utilit\u00e9 publique, telle est principale d\u00e9cision prise lors a r\u00e9union du ministre de l\u2019Equipement de l\u2019habitat et d\u2019am\u00e9nagement du territoire Moncef Sliti, avec les repr\u00e9sentants du minist\u00e8re des domaines de l\u2019Etat et des Affaires fonci\u00e8res [&hellip;]<\/p>\n","protected":false},"author":1775,"featured_media":0,"comment_status":"closed","ping_status":"closed","sticky":false,"template":"","format":"standard","meta":{"fifu_image_url":"","fifu_image_alt":"","footnotes":""},"categories":[78,55],"tags":[],"class_list":["post-82371","post","type-post","status-publish","format-standard","hentry","category-economie","category-tunisie"],"_links":{"self":[{"href":"https:\/\/linitiative.ca\/International\/wp-json\/wp\/v2\/posts\/82371","targetHints":{"allow":["GET"]}}],"collection":[{"href":"https:\/\/linitiative.ca\/International\/wp-json\/wp\/v2\/posts"}],"about":[{"href":"https:\/\/linitiative.ca\/International\/wp-json\/wp\/v2\/types\/post"}],"author":[{"embeddable":true,"href":"https:\/\/linitiative.ca\/International\/wp-json\/wp\/v2\/users\/1775"}],"replies":[{"embeddable":true,"href":"https:\/\/linitiative.ca\/International\/wp-json\/wp\/v2\/comments?post=82371"}],"version-history":[{"count":0,"href":"https:\/\/linitiative.ca\/International\/wp-json\/wp\/v2\/posts\/82371\/revisions"}],"wp:attachment":[{"href":"https:\/\/linitiative.ca\/International\/wp-json\/wp\/v2\/media?parent=82371"}],"wp:term":[{"taxonomy":"category","embeddable":true,"href":"https:\/\/linitiative.ca\/International\/wp-json\/wp\/v2\/categories?post=82371"},{"taxonomy":"post_tag","embeddable":true,"href":"https:\/\/linitiative.ca\/International\/wp-json\/wp\/v2\/tags?post=82371"}],"curies":[{"name":"wp","href":"https:\/\/api.w.org\/{rel}","templated":true}]}}